{"id":1129,"date":"2014-07-05T22:17:50","date_gmt":"2014-07-05T20:17:50","guid":{"rendered":"http:\/\/amandus.se\/blogg\/?p=1129"},"modified":"2014-07-05T22:17:50","modified_gmt":"2014-07-05T20:17:50","slug":"nastan-framme","status":"publish","type":"post","link":"https:\/\/amandus.se\/blogg\/?p=1129","title":{"rendered":"N\u00e4stan framme"},"content":{"rendered":"<p>Ikv\u00e4ll 5\/7 \u00e4r vi i Jukkasj\u00e4rvi. Ig\u00e5r var en resdag ca. 70 mil. Sverige \u00e4r l\u00e5ngt!\u00a0Vi stannade bilen utanf\u00f6r Arvidsjaur och somnade gott.\u00a0 Lite utanf\u00f6r Jukkasj\u00e4rvi finns ett v\u00e4lbes\u00f6kt fj\u00e4rilsomr\u00e5de. Att bes\u00f6ka Jukkasj\u00e4rvi \u00e4r ett m\u00e5ste f\u00f6r alla entomologer. H\u00e4r finns flera ovanliga flyn. Ikv\u00e4ll \u00e4r Kalevi fr\u00e5n Finland och Jesper fr\u00e5n Trosa h\u00e4r. Eftersom jag &#8221;samlar&#8221; p\u00e5 entomologer s\u00e5 har jag f\u00e5tt ett nytt fynd ikv\u00e4ll, Jesper. Kalevi har jag tr\u00e4ffat tidigare.<\/p>\n<div id='gallery-1' class='gallery galleryid-1129 gallery-columns-3 gallery-size-thumbnail'><figure class='gallery-item'>\n\t\t\t<div class='gallery-icon portrait'>\n\t\t\t\t<a href='https:\/\/amandus.se\/blogg\/?attachment_id=1130'><img loading=\"lazy\" decoding=\"async\" width=\"250\" height=\"250\" src=\"https:\/\/amandus.se\/blogg\/wp-content\/uploads\/2014\/07\/IMG_1919-250x250.jpg\" class=\"attachment-thumbnail size-thumbnail\" alt=\"\" aria-describedby=\"gallery-1-1130\" \/><\/a>\n\t\t\t<\/div>\n\t\t\t\t<figcaption class='wp-caption-text gallery-caption' id='gallery-1-1130'>\n\t\t\t\tNavigatorn h\u00e5ller oss p\u00e5 r\u00e4tt v\u00e4g\n\t\t\t\t<\/figcaption><\/figure><figure class='gallery-item'>\n\t\t\t<div class='gallery-icon landscape'>\n\t\t\t\t<a href='https:\/\/amandus.se\/blogg\/?attachment_id=1131'><img loading=\"lazy\" decoding=\"async\" width=\"250\" height=\"161\" src=\"https:\/\/amandus.se\/blogg\/wp-content\/uploads\/2014\/07\/IMG_1920-250x161.jpg\" class=\"attachment-thumbnail size-thumbnail\" alt=\"\" aria-describedby=\"gallery-1-1131\" \/><\/a>\n\t\t\t<\/div>\n\t\t\t\t<figcaption class='wp-caption-text gallery-caption' id='gallery-1-1131'>\n\t\t\t\tVid Flatruet tog Anders en bild p\u00e5 en centaureae\n\t\t\t\t<\/figcaption><\/figure><figure class='gallery-item'>\n\t\t\t<div class='gallery-icon landscape'>\n\t\t\t\t<a href='https:\/\/amandus.se\/blogg\/?attachment_id=1132'><img loading=\"lazy\" decoding=\"async\" width=\"250\" height=\"225\" src=\"https:\/\/amandus.se\/blogg\/wp-content\/uploads\/2014\/07\/IMG_1929-250x225.jpg\" class=\"attachment-thumbnail size-thumbnail\" alt=\"\" aria-describedby=\"gallery-1-1132\" \/><\/a>\n\t\t\t<\/div>\n\t\t\t\t<figcaption class='wp-caption-text gallery-caption' id='gallery-1-1132'>\n\t\t\t\tG\u00e5r \u00e5t mycket kaffe under den l\u00e5nga resan\n\t\t\t\t<\/figcaption><\/figure><figure class='gallery-item'>\n\t\t\t<div class='gallery-icon landscape'>\n\t\t\t\t<a href='https:\/\/amandus.se\/blogg\/?attachment_id=1133'><img loading=\"lazy\" decoding=\"async\" width=\"250\" height=\"250\" src=\"https:\/\/amandus.se\/blogg\/wp-content\/uploads\/2014\/07\/IMG_1930-250x250.jpg\" class=\"attachment-thumbnail size-thumbnail\" alt=\"\" aria-describedby=\"gallery-1-1133\" \/><\/a>\n\t\t\t<\/div>\n\t\t\t\t<figcaption class='wp-caption-text gallery-caption' id='gallery-1-1133'>\n\t\t\t\tHundkexen blommar utmed v\u00e4gen\n\t\t\t\t<\/figcaption><\/figure><figure class='gallery-item'>\n\t\t\t<div class='gallery-icon landscape'>\n\t\t\t\t<a href='https:\/\/amandus.se\/blogg\/?attachment_id=1134'><img loading=\"lazy\" decoding=\"async\" width=\"250\" height=\"250\" src=\"https:\/\/amandus.se\/blogg\/wp-content\/uploads\/2014\/07\/IMG_1935-250x250.jpg\" class=\"attachment-thumbnail size-thumbnail\" alt=\"\" aria-describedby=\"gallery-1-1134\" \/><\/a>\n\t\t\t<\/div>\n\t\t\t\t<figcaption class='wp-caption-text gallery-caption' id='gallery-1-1134'>\n\t\t\t\tVi k\u00f6r Inlandsv\u00e4gen, trafiken \u00e4r lugn och inga l\u00e5ngtradare\n\t\t\t\t<\/figcaption><\/figure><figure class='gallery-item'>\n\t\t\t<div class='gallery-icon portrait'>\n\t\t\t\t<a href='https:\/\/amandus.se\/blogg\/?attachment_id=1135'><img loading=\"lazy\" decoding=\"async\" width=\"250\" height=\"250\" src=\"https:\/\/amandus.se\/blogg\/wp-content\/uploads\/2014\/07\/IMG_1941-250x250.jpg\" class=\"attachment-thumbnail size-thumbnail\" alt=\"\" aria-describedby=\"gallery-1-1135\" \/><\/a>\n\t\t\t<\/div>\n\t\t\t\t<figcaption class='wp-caption-text gallery-caption' id='gallery-1-1135'>\n\t\t\t\tPolcirkeln passerades idag\n\t\t\t\t<\/figcaption><\/figure><figure class='gallery-item'>\n\t\t\t<div class='gallery-icon portrait'>\n\t\t\t\t<a href='https:\/\/amandus.se\/blogg\/?attachment_id=1136'><img loading=\"lazy\" decoding=\"async\" width=\"250\" height=\"250\" src=\"https:\/\/amandus.se\/blogg\/wp-content\/uploads\/2014\/07\/IMG_1942-250x250.jpg\" class=\"attachment-thumbnail size-thumbnail\" alt=\"\" aria-describedby=\"gallery-1-1136\" \/><\/a>\n\t\t\t<\/div>\n\t\t\t\t<figcaption class='wp-caption-text gallery-caption' id='gallery-1-1136'>\n\t\t\t\t\u00c4lvb\u00e4dd nedanf\u00f6r kraftverket Ligga\n\t\t\t\t<\/figcaption><\/figure><figure class='gallery-item'>\n\t\t\t<div class='gallery-icon landscape'>\n\t\t\t\t<a href='https:\/\/amandus.se\/blogg\/?attachment_id=1137'><img loading=\"lazy\" decoding=\"async\" width=\"250\" height=\"225\" src=\"https:\/\/amandus.se\/blogg\/wp-content\/uploads\/2014\/07\/IMG_1948-250x225.jpg\" class=\"attachment-thumbnail size-thumbnail\" alt=\"\" aria-describedby=\"gallery-1-1137\" \/><\/a>\n\t\t\t<\/div>\n\t\t\t\t<figcaption class='wp-caption-text gallery-caption' id='gallery-1-1137'>\n\t\t\t\tPorjus kraftverk. \n\t\t\t\t<\/figcaption><\/figure><figure class='gallery-item'>\n\t\t\t<div class='gallery-icon landscape'>\n\t\t\t\t<a href='https:\/\/amandus.se\/blogg\/?attachment_id=1138'><img loading=\"lazy\" decoding=\"async\" width=\"250\" height=\"203\" src=\"https:\/\/amandus.se\/blogg\/wp-content\/uploads\/2014\/07\/IMG_1950-250x203.jpg\" class=\"attachment-thumbnail size-thumbnail\" alt=\"\" aria-describedby=\"gallery-1-1138\" \/><\/a>\n\t\t\t<\/div>\n\t\t\t\t<figcaption class='wp-caption-text gallery-caption' id='gallery-1-1138'>\n\t\t\t\tVet att vi n\u00e4rmar oss n\u00e4r Kiruna dyker upp p\u00e5 v\u00e4gskyltarna\n\t\t\t\t<\/figcaption><\/figure><figure class='gallery-item'>\n\t\t\t<div class='gallery-icon landscape'>\n\t\t\t\t<a href='https:\/\/amandus.se\/blogg\/?attachment_id=1139'><img loading=\"lazy\" decoding=\"async\" width=\"250\" height=\"164\" src=\"https:\/\/amandus.se\/blogg\/wp-content\/uploads\/2014\/07\/IMG_1954-250x164.jpg\" class=\"attachment-thumbnail size-thumbnail\" alt=\"\" aria-describedby=\"gallery-1-1139\" \/><\/a>\n\t\t\t<\/div>\n\t\t\t\t<figcaption class='wp-caption-text gallery-caption' id='gallery-1-1139'>\n\t\t\t\tKalevi, Jesper och Anders byter erfarenheter\n\t\t\t\t<\/figcaption><\/figure>\n\t\t<\/div>\n\n<p>&nbsp;<\/p>\n<p>&nbsp;<\/p>\n<p>&nbsp;<\/p>\n","protected":false},"excerpt":{"rendered":"<p>Ikv\u00e4ll 5\/7 \u00e4r vi i Jukkasj\u00e4rvi. Ig\u00e5r var en resdag ca. 70 mil. Sverige \u00e4r l\u00e5ngt!\u00a0Vi stannade bilen utanf\u00f6r Arvidsjaur och somnade gott.\u00a0 Lite utanf\u00f6r Jukkasj\u00e4rvi finns ett v\u00e4lbes\u00f6kt fj\u00e4rilsomr\u00e5de. Att bes\u00f6ka Jukkasj\u00e4rvi \u00e4r ett m\u00e5ste f\u00f6r alla entomologer. H\u00e4r finns flera ovanliga flyn. Ikv\u00e4ll \u00e4r Kalevi fr\u00e5n Finland och Jesper fr\u00e5n Trosa h\u00e4r. Eftersom &hellip; <a href=\"https:\/\/amandus.se\/blogg\/?p=1129\" class=\"more-link\">Forts\u00e4tt l\u00e4sa <span class=\"screen-reader-text\">N\u00e4stan framme<\/span> <span class=\"meta-nav\">&rarr;<\/span><\/a><\/p>\n","protected":false},"author":1,"featured_media":0,"comment_status":"open","ping_status":"open","sticky":false,"template":"","format":"standard","meta":{"footnotes":""},"categories":[4,5,6],"tags":[],"class_list":["post-1129","post","type-post","status-publish","format-standard","hentry","category-ditt-och-datt","category-fjarilarbutterfly","category-sverigesweden"],"_links":{"self":[{"href":"https:\/\/amandus.se\/blogg\/index.php?rest_route=\/wp\/v2\/posts\/1129","targetHints":{"allow":["GET"]}}],"collection":[{"href":"https:\/\/amandus.se\/blogg\/index.php?rest_route=\/wp\/v2\/posts"}],"about":[{"href":"https:\/\/amandus.se\/blogg\/index.php?rest_route=\/wp\/v2\/types\/post"}],"author":[{"embeddable":true,"href":"https:\/\/amandus.se\/blogg\/index.php?rest_route=\/wp\/v2\/users\/1"}],"replies":[{"embeddable":true,"href":"https:\/\/amandus.se\/blogg\/index.php?rest_route=%2Fwp%2Fv2%2Fcomments&post=1129"}],"version-history":[{"count":1,"href":"https:\/\/amandus.se\/blogg\/index.php?rest_route=\/wp\/v2\/posts\/1129\/revisions"}],"predecessor-version":[{"id":1140,"href":"https:\/\/amandus.se\/blogg\/index.php?rest_route=\/wp\/v2\/posts\/1129\/revisions\/1140"}],"wp:attachment":[{"href":"https:\/\/amandus.se\/blogg\/index.php?rest_route=%2Fwp%2Fv2%2Fmedia&parent=1129"}],"wp:term":[{"taxonomy":"category","embeddable":true,"href":"https:\/\/amandus.se\/blogg\/index.php?rest_route=%2Fwp%2Fv2%2Fcategories&post=1129"},{"taxonomy":"post_tag","embeddable":true,"href":"https:\/\/amandus.se\/blogg\/index.php?rest_route=%2Fwp%2Fv2%2Ftags&post=1129"}],"curies":[{"name":"wp","href":"https:\/\/api.w.org\/{rel}","templated":true}]}}