{"id":1141,"date":"2014-07-06T23:34:38","date_gmt":"2014-07-06T21:34:38","guid":{"rendered":"http:\/\/amandus.se\/blogg\/?p=1141"},"modified":"2014-07-06T23:34:38","modified_gmt":"2014-07-06T21:34:38","slug":"framme-2","status":"publish","type":"post","link":"https:\/\/amandus.se\/blogg\/?p=1141","title":{"rendered":"Framme!"},"content":{"rendered":"<p>Idag den 6 juli kom vi till Abisko eller n\u00e4rmare best\u00e4mt Bj\u00f6rkliden.\u00a0G\u00e5rdagskv\u00e4llen i Jukkasj\u00e4rvi gav inget. Vi har parkerat vid v\u00e5rt favorit vandrahem Davvi Dallu. De \u00e4r s\u00e5 sn\u00e4lla d\u00e4r att vi f\u00e5r st\u00e5 p\u00e5 deras parkering samt ha tillg\u00e5ng till dusch och el. Allt f\u00f6r en mycket billig penning. Davvi Dallu har blivit vandrahemmet d\u00e4r fj\u00e4rilsfolket samlas. Ikv\u00e4ll fikade vi med Kalevi, Jesper, Jan och Kenneth. Alla inbitna fj\u00e4rilsfantaster.<\/p>\n<div id='gallery-1' class='gallery galleryid-1141 gallery-columns-3 gallery-size-thumbnail'><figure class='gallery-item'>\n\t\t\t<div class='gallery-icon portrait'>\n\t\t\t\t<a href='https:\/\/amandus.se\/blogg\/?attachment_id=1142'><img loading=\"lazy\" decoding=\"async\" width=\"250\" height=\"250\" src=\"https:\/\/amandus.se\/blogg\/wp-content\/uploads\/2014\/07\/IMG_1955-250x250.jpg\" class=\"attachment-thumbnail size-thumbnail\" alt=\"\" aria-describedby=\"gallery-1-1142\" \/><\/a>\n\t\t\t<\/div>\n\t\t\t\t<figcaption class='wp-caption-text gallery-caption' id='gallery-1-1142'>\n\t\t\t\tN\u00e4r man k\u00f6r genom Kiruna ser man hur de h\u00e5ller p\u00e5 med nya v\u00e4gar inf\u00f6r stadsflytten\n\t\t\t\t<\/figcaption><\/figure><figure class='gallery-item'>\n\t\t\t<div class='gallery-icon landscape'>\n\t\t\t\t<a href='https:\/\/amandus.se\/blogg\/?attachment_id=1143'><img loading=\"lazy\" decoding=\"async\" width=\"250\" height=\"250\" src=\"https:\/\/amandus.se\/blogg\/wp-content\/uploads\/2014\/07\/IMG_1962-250x250.jpg\" class=\"attachment-thumbnail size-thumbnail\" alt=\"\" aria-describedby=\"gallery-1-1143\" \/><\/a>\n\t\t\t<\/div>\n\t\t\t\t<figcaption class='wp-caption-text gallery-caption' id='gallery-1-1143'>\n\t\t\t\tStora vacka berg\/fj\u00e4ll\n\t\t\t\t<\/figcaption><\/figure><figure class='gallery-item'>\n\t\t\t<div class='gallery-icon portrait'>\n\t\t\t\t<a href='https:\/\/amandus.se\/blogg\/?attachment_id=1145'><img loading=\"lazy\" decoding=\"async\" width=\"250\" height=\"250\" src=\"https:\/\/amandus.se\/blogg\/wp-content\/uploads\/2014\/07\/IMG_1964-250x250.jpg\" class=\"attachment-thumbnail size-thumbnail\" alt=\"\" aria-describedby=\"gallery-1-1145\" \/><\/a>\n\t\t\t<\/div>\n\t\t\t\t<figcaption class='wp-caption-text gallery-caption' id='gallery-1-1145'>\n\t\t\t\tDet ligger sn\u00f6 p\u00e5 topparna. Nu \u00e4r det sommarv\u00e4rme och d\u00e5 sm\u00e4lter den snabbt\n\t\t\t\t<\/figcaption><\/figure>\n\t\t<\/div>\n\n","protected":false},"excerpt":{"rendered":"<p>Idag den 6 juli kom vi till Abisko eller n\u00e4rmare best\u00e4mt Bj\u00f6rkliden.\u00a0G\u00e5rdagskv\u00e4llen i Jukkasj\u00e4rvi gav inget. Vi har parkerat vid v\u00e5rt favorit vandrahem Davvi Dallu. De \u00e4r s\u00e5 sn\u00e4lla d\u00e4r att vi f\u00e5r st\u00e5 p\u00e5 deras parkering samt ha tillg\u00e5ng till dusch och el. Allt f\u00f6r en mycket billig penning. Davvi Dallu har blivit vandrahemmet &hellip; <a href=\"https:\/\/amandus.se\/blogg\/?p=1141\" class=\"more-link\">Forts\u00e4tt l\u00e4sa <span class=\"screen-reader-text\">Framme!<\/span> <span class=\"meta-nav\">&rarr;<\/span><\/a><\/p>\n","protected":false},"author":1,"featured_media":0,"comment_status":"open","ping_status":"open","sticky":false,"template":"","format":"standard","meta":{"footnotes":""},"categories":[5,6],"tags":[],"class_list":["post-1141","post","type-post","status-publish","format-standard","hentry","category-fjarilarbutterfly","category-sverigesweden"],"_links":{"self":[{"href":"https:\/\/amandus.se\/blogg\/index.php?rest_route=\/wp\/v2\/posts\/1141","targetHints":{"allow":["GET"]}}],"collection":[{"href":"https:\/\/amandus.se\/blogg\/index.php?rest_route=\/wp\/v2\/posts"}],"about":[{"href":"https:\/\/amandus.se\/blogg\/index.php?rest_route=\/wp\/v2\/types\/post"}],"author":[{"embeddable":true,"href":"https:\/\/amandus.se\/blogg\/index.php?rest_route=\/wp\/v2\/users\/1"}],"replies":[{"embeddable":true,"href":"https:\/\/amandus.se\/blogg\/index.php?rest_route=%2Fwp%2Fv2%2Fcomments&post=1141"}],"version-history":[{"count":1,"href":"https:\/\/amandus.se\/blogg\/index.php?rest_route=\/wp\/v2\/posts\/1141\/revisions"}],"predecessor-version":[{"id":1146,"href":"https:\/\/amandus.se\/blogg\/index.php?rest_route=\/wp\/v2\/posts\/1141\/revisions\/1146"}],"wp:attachment":[{"href":"https:\/\/amandus.se\/blogg\/index.php?rest_route=%2Fwp%2Fv2%2Fmedia&parent=1141"}],"wp:term":[{"taxonomy":"category","embeddable":true,"href":"https:\/\/amandus.se\/blogg\/index.php?rest_route=%2Fwp%2Fv2%2Fcategories&post=1141"},{"taxonomy":"post_tag","embeddable":true,"href":"https:\/\/amandus.se\/blogg\/index.php?rest_route=%2Fwp%2Fv2%2Ftags&post=1141"}],"curies":[{"name":"wp","href":"https:\/\/api.w.org\/{rel}","templated":true}]}}