{"id":1166,"date":"2014-07-10T23:13:15","date_gmt":"2014-07-10T21:13:15","guid":{"rendered":"http:\/\/amandus.se\/blogg\/?p=1166"},"modified":"2014-07-10T23:13:15","modified_gmt":"2014-07-10T21:13:15","slug":"tre-dagar-i-juli-8-9-och-10","status":"publish","type":"post","link":"https:\/\/amandus.se\/blogg\/?p=1166","title":{"rendered":"Tre dagar i juli, 8, 9 och 10"},"content":{"rendered":"<p>Den 8 juli best\u00e4mde sig Anders och Kalevi f\u00f6r att ta liften upp p\u00e5 Njulla. Anders fotograferade <span style=\"color: #0000ff;\"><strong>improba<\/strong><\/span> hona och s\u00e5g <span style=\"color: #0000ff;\"><strong>richardsoni.<\/strong> <span style=\"color: #333333;\">Efter n\u00e5gra timmar p\u00e5 fj\u00e4llet p\u00e5b\u00f6rjade de vandringen ner. Jag promenerade runt i\u00a0Bj\u00f6rkliden. Dagens h\u00f6jdpunkt var fotbollen p\u00e5 kv\u00e4llen. Vilken match!<\/span><\/span><\/p>\n<p>Ig\u00e5r den 9 juli tog vi en sl\u00f6dag med frukost och lunch p\u00e5 hotellet i Bj\u00f6rkliden. Vi tog en tur till Riksgr\u00e4nsen och fikade. Fram p\u00e5 eftermiddagen \u00e5kte vid till myren vid Abisko \u00f6stra. Vi\u00a0h\u00e4ngde upp n\u00e5gra olika feromon. <span style=\"color: #0000ff;\"><strong>S.polaris<\/strong><\/span> fl\u00f6g rikligt. De kom s\u00e5 fort vi h\u00e4ngde upp feromonet. N\u00e4r vi kom tillbaka till v\u00e5r husbilsplats, kom Daniel Dolfe. Planering av torsdagens eskapader startade genast. Helikoptern best\u00e4lldes f\u00f6r \u00e4nnu en resa till Nissuntj\u00e5rro.<\/p>\n<p>Idag den 10 juli\u00a0fl\u00f6g Daniel, Kalevi och Anders till Nissuntj\u00e5rro. N\u00e4r de landat p\u00e5 Nissonsnuokki gick Anders lite h\u00f6gre upp p\u00e5\u00a0Nissuntj\u00e5rro och d\u00e4r fl\u00f6g bl.a.. <span style=\"color: #0000ff;\"><strong>chariclea<\/strong><\/span> och <span style=\"color: #0000ff;\"><strong>napaea.<\/strong> <span style=\"color: #333333;\">Dessutom fl\u00f6g det en del flyn. Daniel stannade kvar f\u00f6r att t\u00e4lta p\u00e5 fj\u00e4llet. Anders och Kalevi gick ner. En del fj\u00e4llf\u00e5glar s\u00e5gs ocks\u00e5. <\/span><\/span><\/p>\n<div id='gallery-1' class='gallery galleryid-1166 gallery-columns-3 gallery-size-thumbnail'><figure class='gallery-item'>\n\t\t\t<div class='gallery-icon landscape'>\n\t\t\t\t<a href='https:\/\/amandus.se\/blogg\/?attachment_id=1171'><img loading=\"lazy\" decoding=\"async\" width=\"250\" height=\"250\" src=\"https:\/\/amandus.se\/blogg\/wp-content\/uploads\/2014\/07\/IMG_0018-250x250.jpg\" class=\"attachment-thumbnail size-thumbnail\" alt=\"\" aria-describedby=\"gallery-1-1171\" \/><\/a>\n\t\t\t<\/div>\n\t\t\t\t<figcaption class='wp-caption-text gallery-caption' id='gallery-1-1171'>\n\t\t\t\tUtsikt \u00f6ver Bj\u00f6rkliden fr\u00e5n Njulla\n\t\t\t\t<\/figcaption><\/figure><figure class='gallery-item'>\n\t\t\t<div class='gallery-icon landscape'>\n\t\t\t\t<a href='https:\/\/amandus.se\/blogg\/?attachment_id=1170'><img loading=\"lazy\" decoding=\"async\" width=\"250\" height=\"250\" src=\"https:\/\/amandus.se\/blogg\/wp-content\/uploads\/2014\/07\/IMG_0015-250x250.jpg\" class=\"attachment-thumbnail size-thumbnail\" alt=\"\" aria-describedby=\"gallery-1-1170\" \/><\/a>\n\t\t\t<\/div>\n\t\t\t\t<figcaption class='wp-caption-text gallery-caption' id='gallery-1-1170'>\n\t\t\t\tTre klassiker. Toppr\u00f6set p\u00e5 Njulla, Lapporten och Kalevi\n\t\t\t\t<\/figcaption><\/figure><figure class='gallery-item'>\n\t\t\t<div class='gallery-icon landscape'>\n\t\t\t\t<a href='https:\/\/amandus.se\/blogg\/?attachment_id=1179'><img loading=\"lazy\" decoding=\"async\" width=\"250\" height=\"250\" src=\"https:\/\/amandus.se\/blogg\/wp-content\/uploads\/2014\/07\/IMG_2010-250x250.jpg\" class=\"attachment-thumbnail size-thumbnail\" alt=\"\" aria-describedby=\"gallery-1-1179\" \/><\/a>\n\t\t\t<\/div>\n\t\t\t\t<figcaption class='wp-caption-text gallery-caption' id='gallery-1-1179'>\n\t\t\t\tImproba p\u00e5 Njulla\n\t\t\t\t<\/figcaption><\/figure><figure class='gallery-item'>\n\t\t\t<div class='gallery-icon landscape'>\n\t\t\t\t<a href='https:\/\/amandus.se\/blogg\/?attachment_id=1180'><img loading=\"lazy\" decoding=\"async\" width=\"250\" height=\"250\" src=\"https:\/\/amandus.se\/blogg\/wp-content\/uploads\/2014\/07\/IMG_5237-250x250.jpg\" class=\"attachment-thumbnail size-thumbnail\" alt=\"\" aria-describedby=\"gallery-1-1180\" \/><\/a>\n\t\t\t<\/div>\n\t\t\t\t<figcaption class='wp-caption-text gallery-caption' id='gallery-1-1180'>\n\t\t\t\tAnders p\u00e5 v\u00e4g ner fr\u00e5n Njulla\n\t\t\t\t<\/figcaption><\/figure><figure class='gallery-item'>\n\t\t\t<div class='gallery-icon landscape'>\n\t\t\t\t<a href='https:\/\/amandus.se\/blogg\/?attachment_id=1175'><img loading=\"lazy\" decoding=\"async\" width=\"250\" height=\"250\" src=\"https:\/\/amandus.se\/blogg\/wp-content\/uploads\/2014\/07\/IMG_1998-250x250.jpg\" class=\"attachment-thumbnail size-thumbnail\" alt=\"\" aria-describedby=\"gallery-1-1175\" \/><\/a>\n\t\t\t<\/div>\n\t\t\t\t<figcaption class='wp-caption-text gallery-caption' id='gallery-1-1175'>\n\t\t\t\tHotell Bj\u00f6rkliden\n\t\t\t\t<\/figcaption><\/figure><figure class='gallery-item'>\n\t\t\t<div class='gallery-icon landscape'>\n\t\t\t\t<a href='https:\/\/amandus.se\/blogg\/?attachment_id=1177'><img loading=\"lazy\" decoding=\"async\" width=\"250\" height=\"250\" src=\"https:\/\/amandus.se\/blogg\/wp-content\/uploads\/2014\/07\/IMG_2002-250x250.jpg\" class=\"attachment-thumbnail size-thumbnail\" alt=\"\" aria-describedby=\"gallery-1-1177\" \/><\/a>\n\t\t\t<\/div>\n\t\t\t\t<figcaption class='wp-caption-text gallery-caption' id='gallery-1-1177'>\n\t\t\t\tRiksgr\u00e4nsen\n\t\t\t\t<\/figcaption><\/figure><figure class='gallery-item'>\n\t\t\t<div class='gallery-icon landscape'>\n\t\t\t\t<a href='https:\/\/amandus.se\/blogg\/?attachment_id=1181'><img loading=\"lazy\" decoding=\"async\" width=\"250\" height=\"250\" src=\"https:\/\/amandus.se\/blogg\/wp-content\/uploads\/2014\/07\/IMG_5241-250x250.jpg\" class=\"attachment-thumbnail size-thumbnail\" alt=\"\" aria-describedby=\"gallery-1-1181\" \/><\/a>\n\t\t\t<\/div>\n\t\t\t\t<figcaption class='wp-caption-text gallery-caption' id='gallery-1-1181'>\n\t\t\t\tRiksgr\u00e4nsen\n\t\t\t\t<\/figcaption><\/figure><figure class='gallery-item'>\n\t\t\t<div class='gallery-icon portrait'>\n\t\t\t\t<a href='https:\/\/amandus.se\/blogg\/?attachment_id=1182'><img loading=\"lazy\" decoding=\"async\" width=\"250\" height=\"250\" src=\"https:\/\/amandus.se\/blogg\/wp-content\/uploads\/2014\/07\/IMG_5246-250x250.jpg\" class=\"attachment-thumbnail size-thumbnail\" alt=\"\" aria-describedby=\"gallery-1-1182\" \/><\/a>\n\t\t\t<\/div>\n\t\t\t\t<figcaption class='wp-caption-text gallery-caption' id='gallery-1-1182'>\n\t\t\t\tFeromon med S.polaris under inflygning\n\t\t\t\t<\/figcaption><\/figure><figure class='gallery-item'>\n\t\t\t<div class='gallery-icon landscape'>\n\t\t\t\t<a href='https:\/\/amandus.se\/blogg\/?attachment_id=1183'><img loading=\"lazy\" decoding=\"async\" width=\"250\" height=\"250\" src=\"https:\/\/amandus.se\/blogg\/wp-content\/uploads\/2014\/07\/IMG_5257-250x250.jpg\" class=\"attachment-thumbnail size-thumbnail\" alt=\"\" aria-describedby=\"gallery-1-1183\" \/><\/a>\n\t\t\t<\/div>\n\t\t\t\t<figcaption class='wp-caption-text gallery-caption' id='gallery-1-1183'>\n\t\t\t\tBlir nog gott om hjortron i \u00e5r\n\t\t\t\t<\/figcaption><\/figure><figure class='gallery-item'>\n\t\t\t<div class='gallery-icon landscape'>\n\t\t\t\t<a href='https:\/\/amandus.se\/blogg\/?attachment_id=1172'><img loading=\"lazy\" decoding=\"async\" width=\"250\" height=\"250\" src=\"https:\/\/amandus.se\/blogg\/wp-content\/uploads\/2014\/07\/IMG_0021-250x250.jpg\" class=\"attachment-thumbnail size-thumbnail\" alt=\"\" aria-describedby=\"gallery-1-1172\" \/><\/a>\n\t\t\t<\/div>\n\t\t\t\t<figcaption class='wp-caption-text gallery-caption' id='gallery-1-1172'>\n\t\t\t\tFj\u00e4llpipare p\u00e5 Nissuntj\u00e5rro\n\t\t\t\t<\/figcaption><\/figure><figure class='gallery-item'>\n\t\t\t<div class='gallery-icon landscape'>\n\t\t\t\t<a href='https:\/\/amandus.se\/blogg\/?attachment_id=1173'><img loading=\"lazy\" decoding=\"async\" width=\"250\" height=\"250\" src=\"https:\/\/amandus.se\/blogg\/wp-content\/uploads\/2014\/07\/IMG_0023-250x250.jpg\" class=\"attachment-thumbnail size-thumbnail\" alt=\"\" aria-describedby=\"gallery-1-1173\" \/><\/a>\n\t\t\t<\/div>\n\t\t\t\t<figcaption class='wp-caption-text gallery-caption' id='gallery-1-1173'>\n\t\t\t\tCharicleabiotop\n\t\t\t\t<\/figcaption><\/figure><figure class='gallery-item'>\n\t\t\t<div class='gallery-icon landscape'>\n\t\t\t\t<a href='https:\/\/amandus.se\/blogg\/?attachment_id=1178'><img loading=\"lazy\" decoding=\"async\" width=\"250\" height=\"250\" src=\"https:\/\/amandus.se\/blogg\/wp-content\/uploads\/2014\/07\/IMG_2008-250x250.jpg\" class=\"attachment-thumbnail size-thumbnail\" alt=\"\" aria-describedby=\"gallery-1-1178\" \/><\/a>\n\t\t\t<\/div>\n\t\t\t\t<figcaption class='wp-caption-text gallery-caption' id='gallery-1-1178'>\n\t\t\t\tChariclea\n\t\t\t\t<\/figcaption><\/figure><figure class='gallery-item'>\n\t\t\t<div class='gallery-icon landscape'>\n\t\t\t\t<a href='https:\/\/amandus.se\/blogg\/?attachment_id=1174'><img loading=\"lazy\" decoding=\"async\" width=\"250\" height=\"250\" src=\"https:\/\/amandus.se\/blogg\/wp-content\/uploads\/2014\/07\/IMG_0027-250x250.jpg\" class=\"attachment-thumbnail size-thumbnail\" alt=\"\" aria-describedby=\"gallery-1-1174\" \/><\/a>\n\t\t\t<\/div>\n\t\t\t\t<figcaption class='wp-caption-text gallery-caption' id='gallery-1-1174'>\n\t\t\t\tFj\u00e4llabb\n\t\t\t\t<\/figcaption><\/figure>\n\t\t<\/div>\n\n<p>&nbsp;<\/p>\n","protected":false},"excerpt":{"rendered":"<p>Den 8 juli best\u00e4mde sig Anders och Kalevi f\u00f6r att ta liften upp p\u00e5 Njulla. Anders fotograferade improba hona och s\u00e5g richardsoni. Efter n\u00e5gra timmar p\u00e5 fj\u00e4llet p\u00e5b\u00f6rjade de vandringen ner. Jag promenerade runt i\u00a0Bj\u00f6rkliden. Dagens h\u00f6jdpunkt var fotbollen p\u00e5 kv\u00e4llen. Vilken match! Ig\u00e5r den 9 juli tog vi en sl\u00f6dag med frukost och lunch &hellip; <a href=\"https:\/\/amandus.se\/blogg\/?p=1166\" class=\"more-link\">Forts\u00e4tt l\u00e4sa <span class=\"screen-reader-text\">Tre dagar i juli, 8, 9 och 10<\/span> <span class=\"meta-nav\">&rarr;<\/span><\/a><\/p>\n","protected":false},"author":1,"featured_media":0,"comment_status":"open","ping_status":"open","sticky":false,"template":"","format":"standard","meta":{"footnotes":""},"categories":[5,6],"tags":[],"class_list":["post-1166","post","type-post","status-publish","format-standard","hentry","category-fjarilarbutterfly","category-sverigesweden"],"_links":{"self":[{"href":"https:\/\/amandus.se\/blogg\/index.php?rest_route=\/wp\/v2\/posts\/1166","targetHints":{"allow":["GET"]}}],"collection":[{"href":"https:\/\/amandus.se\/blogg\/index.php?rest_route=\/wp\/v2\/posts"}],"about":[{"href":"https:\/\/amandus.se\/blogg\/index.php?rest_route=\/wp\/v2\/types\/post"}],"author":[{"embeddable":true,"href":"https:\/\/amandus.se\/blogg\/index.php?rest_route=\/wp\/v2\/users\/1"}],"replies":[{"embeddable":true,"href":"https:\/\/amandus.se\/blogg\/index.php?rest_route=%2Fwp%2Fv2%2Fcomments&post=1166"}],"version-history":[{"count":3,"href":"https:\/\/amandus.se\/blogg\/index.php?rest_route=\/wp\/v2\/posts\/1166\/revisions"}],"predecessor-version":[{"id":1184,"href":"https:\/\/amandus.se\/blogg\/index.php?rest_route=\/wp\/v2\/posts\/1166\/revisions\/1184"}],"wp:attachment":[{"href":"https:\/\/amandus.se\/blogg\/index.php?rest_route=%2Fwp%2Fv2%2Fmedia&parent=1166"}],"wp:term":[{"taxonomy":"category","embeddable":true,"href":"https:\/\/amandus.se\/blogg\/index.php?rest_route=%2Fwp%2Fv2%2Fcategories&post=1166"},{"taxonomy":"post_tag","embeddable":true,"href":"https:\/\/amandus.se\/blogg\/index.php?rest_route=%2Fwp%2Fv2%2Ftags&post=1166"}],"curies":[{"name":"wp","href":"https:\/\/api.w.org\/{rel}","templated":true}]}}