{"id":1193,"date":"2014-07-13T23:10:02","date_gmt":"2014-07-13T21:10:02","guid":{"rendered":"http:\/\/amandus.se\/blogg\/?p=1193"},"modified":"2014-07-13T23:20:38","modified_gmt":"2014-07-13T21:20:38","slug":"trollsjon-13-juli","status":"publish","type":"post","link":"https:\/\/amandus.se\/blogg\/?p=1193","title":{"rendered":"Trollsj\u00f6n 13 juli"},"content":{"rendered":"<p>Idag var vi f\u00f6rst p\u00e5 plats p\u00e5 parkeringen. Vi b\u00f6rjade v\u00e5r vandring till Trollsj\u00f6n vid 9-tiden. N\u00e4r man g\u00e5r p\u00e5 en liten stig som g\u00e5r upp, upp, upp och lite ner s\u00e5 tar det tid att g\u00e5 6 km. Men det var det v\u00e4rt! Trollsj\u00f6n \u00e4r en steril klarvattensj\u00f6. Det \u00e4r ett siktdjup p\u00e5 36 meter. Det var is p\u00e5 sj\u00f6n men vi v\u00e5gade oss p\u00e5 att bada f\u00f6tterna. S\u00e5 sk\u00f6nt! Efter en stunds avkoppling gick vi\u00a0 de 6 km tillbaka.\u00a0Vi har haft en fantastisk tid h\u00e4r i Bj\u00f6rkliden\/Abisko. Str\u00e5lande sol och varmt varje dag. Vi har haft tillg\u00e5ng till el, dusch och tv\u00e4ttmaskin p\u00e5 vandrarhemmet Davvi Dallu. Dessutom har jag haft trevligt s\u00e4llskap n\u00e4r Anders har varit ute p\u00e5 fj\u00e4rilsjakt.<\/p>\n<p>Idag var sista dagen i Bj\u00f6rkliden\/Abisko. Nu \u00e4r vi i Jukkasj\u00e4rvi som \u00e4r f\u00f6rsta stoppet p\u00e5 hemv\u00e4gen. Om vi hittar n\u00e5got h\u00e4r f\u00e5r vi se&#8230;&#8230;&#8230;&#8230;.<\/p>\n<div id='gallery-1' class='gallery galleryid-1193 gallery-columns-3 gallery-size-thumbnail'><figure class='gallery-item'>\n\t\t\t<div class='gallery-icon landscape'>\n\t\t\t\t<a href='https:\/\/amandus.se\/blogg\/?attachment_id=1194'><img loading=\"lazy\" decoding=\"async\" width=\"250\" height=\"250\" src=\"https:\/\/amandus.se\/blogg\/wp-content\/uploads\/2014\/07\/IMG_5268-250x250.jpg\" class=\"attachment-thumbnail size-thumbnail\" alt=\"\" aria-describedby=\"gallery-1-1194\" \/><\/a>\n\t\t\t<\/div>\n\t\t\t\t<figcaption class='wp-caption-text gallery-caption' id='gallery-1-1194'>\n\t\t\t\tIdag var vi f\u00f6rst p\u00e5 plats\n\t\t\t\t<\/figcaption><\/figure><figure class='gallery-item'>\n\t\t\t<div class='gallery-icon landscape'>\n\t\t\t\t<a href='https:\/\/amandus.se\/blogg\/?attachment_id=1195'><img loading=\"lazy\" decoding=\"async\" width=\"250\" height=\"250\" src=\"https:\/\/amandus.se\/blogg\/wp-content\/uploads\/2014\/07\/IMG_5270-250x250.jpg\" class=\"attachment-thumbnail size-thumbnail\" alt=\"\" aria-describedby=\"gallery-1-1195\" \/><\/a>\n\t\t\t<\/div>\n\t\t\t\t<figcaption class='wp-caption-text gallery-caption' id='gallery-1-1195'>\n\t\t\t\tBj\u00f6rkm\u00e4taren har g\u00e5tt h\u00e5rt \u00e5t bj\u00f6rkarna\n\t\t\t\t<\/figcaption><\/figure><figure class='gallery-item'>\n\t\t\t<div class='gallery-icon landscape'>\n\t\t\t\t<a href='https:\/\/amandus.se\/blogg\/?attachment_id=1203'><img loading=\"lazy\" decoding=\"async\" width=\"250\" height=\"250\" src=\"https:\/\/amandus.se\/blogg\/wp-content\/uploads\/2014\/07\/IMG_5324-250x250.jpg\" class=\"attachment-thumbnail size-thumbnail\" alt=\"\" aria-describedby=\"gallery-1-1203\" \/><\/a>\n\t\t\t<\/div>\n\t\t\t\t<figcaption class='wp-caption-text gallery-caption' id='gallery-1-1203'>\n\t\t\t\tVackra lavar p\u00e5 stenblocken\n\t\t\t\t<\/figcaption><\/figure><figure class='gallery-item'>\n\t\t\t<div class='gallery-icon landscape'>\n\t\t\t\t<a href='https:\/\/amandus.se\/blogg\/?attachment_id=1198'><img loading=\"lazy\" decoding=\"async\" width=\"250\" height=\"250\" src=\"https:\/\/amandus.se\/blogg\/wp-content\/uploads\/2014\/07\/IMG_5297-250x250.jpg\" class=\"attachment-thumbnail size-thumbnail\" alt=\"\" aria-describedby=\"gallery-1-1198\" \/><\/a>\n\t\t\t<\/div>\n\t\t\t\t<figcaption class='wp-caption-text gallery-caption' id='gallery-1-1198'>\n\t\t\t\tInlandsisen l\u00e4mnade stora stenblock efter sig\n\t\t\t\t<\/figcaption><\/figure><figure class='gallery-item'>\n\t\t\t<div class='gallery-icon landscape'>\n\t\t\t\t<a href='https:\/\/amandus.se\/blogg\/?attachment_id=1202'><img loading=\"lazy\" decoding=\"async\" width=\"250\" height=\"250\" src=\"https:\/\/amandus.se\/blogg\/wp-content\/uploads\/2014\/07\/IMG_5318-250x250.jpg\" class=\"attachment-thumbnail size-thumbnail\" alt=\"\" aria-describedby=\"gallery-1-1202\" \/><\/a>\n\t\t\t<\/div>\n\t\t\t\t<figcaption class='wp-caption-text gallery-caption' id='gallery-1-1202'>\n\t\t\t\tStenblock som h\u00e5ller p\u00e5 att rasa samman. Vintern \u00e4r h\u00e5rd h\u00e4r uppe\n\t\t\t\t<\/figcaption><\/figure><figure class='gallery-item'>\n\t\t\t<div class='gallery-icon landscape'>\n\t\t\t\t<a href='https:\/\/amandus.se\/blogg\/?attachment_id=1201'><img loading=\"lazy\" decoding=\"async\" width=\"250\" height=\"250\" src=\"https:\/\/amandus.se\/blogg\/wp-content\/uploads\/2014\/07\/IMG_5314-250x250.jpg\" class=\"attachment-thumbnail size-thumbnail\" alt=\"\" aria-describedby=\"gallery-1-1201\" \/><\/a>\n\t\t\t<\/div>\n\t\t\t\t<figcaption class='wp-caption-text gallery-caption' id='gallery-1-1201'>\n\t\t\t\tVackra bergsformationer\n\t\t\t\t<\/figcaption><\/figure><figure class='gallery-item'>\n\t\t\t<div class='gallery-icon landscape'>\n\t\t\t\t<a href='https:\/\/amandus.se\/blogg\/?attachment_id=1199'><img loading=\"lazy\" decoding=\"async\" width=\"250\" height=\"250\" src=\"https:\/\/amandus.se\/blogg\/wp-content\/uploads\/2014\/07\/IMG_5299-250x250.jpg\" class=\"attachment-thumbnail size-thumbnail\" alt=\"\" aria-describedby=\"gallery-1-1199\" \/><\/a>\n\t\t\t<\/div>\n\t\t\t\t<figcaption class='wp-caption-text gallery-caption' id='gallery-1-1199'>\n\t\t\t\tTrollsj\u00f6n\n\t\t\t\t<\/figcaption><\/figure><figure class='gallery-item'>\n\t\t\t<div class='gallery-icon landscape'>\n\t\t\t\t<a href='https:\/\/amandus.se\/blogg\/?attachment_id=1200'><img loading=\"lazy\" decoding=\"async\" width=\"250\" height=\"250\" src=\"https:\/\/amandus.se\/blogg\/wp-content\/uploads\/2014\/07\/IMG_5303-250x250.jpg\" class=\"attachment-thumbnail size-thumbnail\" alt=\"\" aria-describedby=\"gallery-1-1200\" \/><\/a>\n\t\t\t<\/div>\n\t\t\t\t<figcaption class='wp-caption-text gallery-caption' id='gallery-1-1200'>\n\t\t\t\tKlart vatten med god sikt\n\t\t\t\t<\/figcaption><\/figure><figure class='gallery-item'>\n\t\t\t<div class='gallery-icon landscape'>\n\t\t\t\t<a href='https:\/\/amandus.se\/blogg\/?attachment_id=1197'><img loading=\"lazy\" decoding=\"async\" width=\"250\" height=\"250\" src=\"https:\/\/amandus.se\/blogg\/wp-content\/uploads\/2014\/07\/IMG_5292-250x250.jpg\" class=\"attachment-thumbnail size-thumbnail\" alt=\"\" aria-describedby=\"gallery-1-1197\" \/><\/a>\n\t\t\t<\/div>\n\t\t\t\t<figcaption class='wp-caption-text gallery-caption' id='gallery-1-1197'>\n\t\t\t\tBlomster\u00e4ngar\n\t\t\t\t<\/figcaption><\/figure>\n\t\t<\/div>\n\n","protected":false},"excerpt":{"rendered":"<p>Idag var vi f\u00f6rst p\u00e5 plats p\u00e5 parkeringen. Vi b\u00f6rjade v\u00e5r vandring till Trollsj\u00f6n vid 9-tiden. N\u00e4r man g\u00e5r p\u00e5 en liten stig som g\u00e5r upp, upp, upp och lite ner s\u00e5 tar det tid att g\u00e5 6 km. Men det var det v\u00e4rt! Trollsj\u00f6n \u00e4r en steril klarvattensj\u00f6. Det \u00e4r ett siktdjup p\u00e5 36 &hellip; <a href=\"https:\/\/amandus.se\/blogg\/?p=1193\" class=\"more-link\">Forts\u00e4tt l\u00e4sa <span class=\"screen-reader-text\">Trollsj\u00f6n 13 juli<\/span> <span class=\"meta-nav\">&rarr;<\/span><\/a><\/p>\n","protected":false},"author":1,"featured_media":0,"comment_status":"open","ping_status":"open","sticky":false,"template":"","format":"standard","meta":{"footnotes":""},"categories":[4,6],"tags":[],"class_list":["post-1193","post","type-post","status-publish","format-standard","hentry","category-ditt-och-datt","category-sverigesweden"],"_links":{"self":[{"href":"https:\/\/amandus.se\/blogg\/index.php?rest_route=\/wp\/v2\/posts\/1193","targetHints":{"allow":["GET"]}}],"collection":[{"href":"https:\/\/amandus.se\/blogg\/index.php?rest_route=\/wp\/v2\/posts"}],"about":[{"href":"https:\/\/amandus.se\/blogg\/index.php?rest_route=\/wp\/v2\/types\/post"}],"author":[{"embeddable":true,"href":"https:\/\/amandus.se\/blogg\/index.php?rest_route=\/wp\/v2\/users\/1"}],"replies":[{"embeddable":true,"href":"https:\/\/amandus.se\/blogg\/index.php?rest_route=%2Fwp%2Fv2%2Fcomments&post=1193"}],"version-history":[{"count":3,"href":"https:\/\/amandus.se\/blogg\/index.php?rest_route=\/wp\/v2\/posts\/1193\/revisions"}],"predecessor-version":[{"id":1207,"href":"https:\/\/amandus.se\/blogg\/index.php?rest_route=\/wp\/v2\/posts\/1193\/revisions\/1207"}],"wp:attachment":[{"href":"https:\/\/amandus.se\/blogg\/index.php?rest_route=%2Fwp%2Fv2%2Fmedia&parent=1193"}],"wp:term":[{"taxonomy":"category","embeddable":true,"href":"https:\/\/amandus.se\/blogg\/index.php?rest_route=%2Fwp%2Fv2%2Fcategories&post=1193"},{"taxonomy":"post_tag","embeddable":true,"href":"https:\/\/amandus.se\/blogg\/index.php?rest_route=%2Fwp%2Fv2%2Ftags&post=1193"}],"curies":[{"name":"wp","href":"https:\/\/api.w.org\/{rel}","templated":true}]}}