{"id":214,"date":"2009-05-23T18:52:17","date_gmt":"2009-05-23T17:52:17","guid":{"rendered":"http:\/\/amandus.se\/blogg\/?p=214"},"modified":"2009-05-24T16:14:38","modified_gmt":"2009-05-24T15:14:38","slug":"fodelsedagsfirande-pa-fyrudden-och-fjarilsjakt-i-smalandoland-21-maj","status":"publish","type":"post","link":"https:\/\/amandus.se\/blogg\/?p=214","title":{"rendered":"F\u00f6delsedagsfirande p\u00e5 Fyrudden och fj\u00e4rilsjakt i Sm\u00e5land\/\u00d6land 21- 24 maj"},"content":{"rendered":"<p>P\u00e5 torsdagen \u00e5kte vi till Fyrudden p\u00e5 kalas. Tack Staffan och Yvonne f\u00f6r en j\u00e4ttekul fest! P\u00e5 fredagen \u00e5kte vi till Grytsj\u00f6n i Sm\u00e5land. Det fl\u00f6g inte s\u00e5 mycket men Anders blev glad f\u00f6r en <em>anachoreta<\/em>. N\u00e4r vi sl\u00e4ckte lampan vid 2.30-tiden best\u00e4mde vi oss f\u00f6r att \u00e5ka till \u00d6land. Fyra p\u00e5 morgonen l\u00e5g vi nerb\u00e4ddade i bilen p\u00e5 \u00d6land, sov gott till 10. \u00c5kte runt p\u00e5 \u00d6land under dagen. Vid T\u00e4velsrum tr\u00e4ffade vi Janis som gick runt och pl\u00e5tade fj\u00e4rilar. Vi stod l\u00e4nge och pratade om fj\u00e4rilar och fotografering och annat ditt och datt. Ikv\u00e4ll ska vi lysa vid Hildeborg, Janis ska komma dit, alltid kul att tr\u00e4ffa trevligt fj\u00e4rilsfolk. Lyset gav inte mycket f\u00f6rutom tjogvis med Ollonborrar. Vi styrde bilen mot M\u00f6ckelmossen d\u00e4r vi sov \u00f6ver. Nu \u00e4r vi hemma igen efter en kul helg.<\/p>\n","protected":false},"excerpt":{"rendered":"<p>P\u00e5 torsdagen \u00e5kte vi till Fyrudden p\u00e5 kalas. Tack Staffan och Yvonne f\u00f6r en j\u00e4ttekul fest! P\u00e5 fredagen \u00e5kte vi till Grytsj\u00f6n i Sm\u00e5land. Det fl\u00f6g inte s\u00e5 mycket men Anders blev glad f\u00f6r en anachoreta. N\u00e4r vi sl\u00e4ckte lampan vid 2.30-tiden best\u00e4mde vi oss f\u00f6r att \u00e5ka till \u00d6land. Fyra p\u00e5 morgonen l\u00e5g vi &hellip; <a href=\"https:\/\/amandus.se\/blogg\/?p=214\" class=\"more-link\">Forts\u00e4tt l\u00e4sa <span class=\"screen-reader-text\">F\u00f6delsedagsfirande p\u00e5 Fyrudden och fj\u00e4rilsjakt i Sm\u00e5land\/\u00d6land 21- 24 maj<\/span> <span class=\"meta-nav\">&rarr;<\/span><\/a><\/p>\n","protected":false},"author":1,"featured_media":0,"comment_status":"open","ping_status":"open","sticky":false,"template":"","format":"standard","meta":{"footnotes":""},"categories":[4,5],"tags":[],"class_list":["post-214","post","type-post","status-publish","format-standard","hentry","category-ditt-och-datt","category-fjarilarbutterfly"],"_links":{"self":[{"href":"https:\/\/amandus.se\/blogg\/index.php?rest_route=\/wp\/v2\/posts\/214","targetHints":{"allow":["GET"]}}],"collection":[{"href":"https:\/\/amandus.se\/blogg\/index.php?rest_route=\/wp\/v2\/posts"}],"about":[{"href":"https:\/\/amandus.se\/blogg\/index.php?rest_route=\/wp\/v2\/types\/post"}],"author":[{"embeddable":true,"href":"https:\/\/amandus.se\/blogg\/index.php?rest_route=\/wp\/v2\/users\/1"}],"replies":[{"embeddable":true,"href":"https:\/\/amandus.se\/blogg\/index.php?rest_route=%2Fwp%2Fv2%2Fcomments&post=214"}],"version-history":[{"count":3,"href":"https:\/\/amandus.se\/blogg\/index.php?rest_route=\/wp\/v2\/posts\/214\/revisions"}],"predecessor-version":[{"id":216,"href":"https:\/\/amandus.se\/blogg\/index.php?rest_route=\/wp\/v2\/posts\/214\/revisions\/216"}],"wp:attachment":[{"href":"https:\/\/amandus.se\/blogg\/index.php?rest_route=%2Fwp%2Fv2%2Fmedia&parent=214"}],"wp:term":[{"taxonomy":"category","embeddable":true,"href":"https:\/\/amandus.se\/blogg\/index.php?rest_route=%2Fwp%2Fv2%2Fcategories&post=214"},{"taxonomy":"post_tag","embeddable":true,"href":"https:\/\/amandus.se\/blogg\/index.php?rest_route=%2Fwp%2Fv2%2Ftags&post=214"}],"curies":[{"name":"wp","href":"https:\/\/api.w.org\/{rel}","templated":true}]}}