{"id":2412,"date":"2019-09-22T21:21:50","date_gmt":"2019-09-22T19:21:50","guid":{"rendered":"http:\/\/amandus.se\/blogg\/?p=2412"},"modified":"2019-10-05T11:32:13","modified_gmt":"2019-10-05T09:32:13","slug":"annu-en-solig-varm-dag","status":"publish","type":"post","link":"https:\/\/amandus.se\/blogg\/?p=2412","title":{"rendered":"\u00c4nnu en solig varm dag"},"content":{"rendered":"\n<p>Det kom inget roligt till lampan i g\u00e5r, halvbra drag.<\/p>\n\n\n\n<p>I dag, 22\/9, var vi \u00e4nnu en g\u00e5ng i Sten\u00e5sa f\u00f6r att ta bilder p\u00e5 M.stellatarum.<\/p>\n\n\n\n<figure class=\"wp-block-image\"><img loading=\"lazy\" decoding=\"async\" width=\"1024\" height=\"607\" src=\"https:\/\/amandus.se\/blogg\/wp-content\/uploads\/2019\/09\/ECB9B59C-AC25-4D6A-8BD9-8A303344D57D-1024x607.jpeg\" alt=\"\" class=\"wp-image-2413\" srcset=\"https:\/\/amandus.se\/blogg\/wp-content\/uploads\/2019\/09\/ECB9B59C-AC25-4D6A-8BD9-8A303344D57D-1024x607.jpeg 1024w, https:\/\/amandus.se\/blogg\/wp-content\/uploads\/2019\/09\/ECB9B59C-AC25-4D6A-8BD9-8A303344D57D-300x178.jpeg 300w, https:\/\/amandus.se\/blogg\/wp-content\/uploads\/2019\/09\/ECB9B59C-AC25-4D6A-8BD9-8A303344D57D-768x455.jpeg 768w\" sizes=\"auto, (max-width: 1024px) 100vw, 1024px\" \/><figcaption>Anders med kamera g\u00e5r runt i lucernen<\/figcaption><\/figure>\n\n\n\n<p>F\u00f6r tv\u00e5 dagar sedan h\u00e4ngde vi upp en f\u00e4lla i G\u00e5rdby. I dag var det dags att kolla den.  <\/p>\n\n\n\n<figure class=\"wp-block-image is-resized\"><img loading=\"lazy\" decoding=\"async\" src=\"https:\/\/amandus.se\/blogg\/wp-content\/uploads\/2019\/09\/C402B7E0-D7D1-4D8B-8F66-E425A53BB3D8-1024x765.jpeg\" alt=\"\" class=\"wp-image-2414\" width=\"477\" height=\"356\"\/><figcaption>Nertagning av f\u00e4llan<\/figcaption><\/figure>\n\n\n\n<p>Vi har inte gift i f\u00e4llan utan sm\u00e5 burkar med r\u00f6dsprit. Fj\u00e4rilarna blir lite sl\u00f6a men inte mer p\u00e5verkade \u00e4n att de kan sl\u00e4ppas efter\u00e5t. Denna g\u00e5ngen var det tv\u00e5 bl\u00e5a ordensband och n\u00e5gra buskflyn<\/p>\n\n\n\n<p><\/p>\n\n\n\n<figure class=\"wp-block-image\"><img loading=\"lazy\" decoding=\"async\" width=\"1024\" height=\"765\" src=\"https:\/\/amandus.se\/blogg\/wp-content\/uploads\/2019\/09\/AD4FD683-A081-4A4C-8E97-589BA1D2B3F7-1024x765.jpeg\" alt=\"\" class=\"wp-image-2415\" srcset=\"https:\/\/amandus.se\/blogg\/wp-content\/uploads\/2019\/09\/AD4FD683-A081-4A4C-8E97-589BA1D2B3F7-1024x765.jpeg 1024w, https:\/\/amandus.se\/blogg\/wp-content\/uploads\/2019\/09\/AD4FD683-A081-4A4C-8E97-589BA1D2B3F7-300x224.jpeg 300w, https:\/\/amandus.se\/blogg\/wp-content\/uploads\/2019\/09\/AD4FD683-A081-4A4C-8E97-589BA1D2B3F7-768x574.jpeg 768w\" sizes=\"auto, (max-width: 1024px) 100vw, 1024px\" \/><figcaption>Burken \u00e4r \u00f6ppen bara f\u00f6r fj\u00e4rilarna att flyga iv\u00e4g<\/figcaption><\/figure>\n\n\n\n<p>\u00d6verallt p\u00e5 \u00d6land ligger det pumpor. Vackra f\u00e4rgklickar i landskapet.<\/p>\n\n\n\n<figure class=\"wp-block-image\"><img loading=\"lazy\" decoding=\"async\" width=\"1024\" height=\"768\" src=\"https:\/\/amandus.se\/blogg\/wp-content\/uploads\/2019\/09\/D7B6BD12-95C0-4724-B168-00A97FF02547-1024x768.jpeg\" alt=\"\" class=\"wp-image-2416\" srcset=\"https:\/\/amandus.se\/blogg\/wp-content\/uploads\/2019\/09\/D7B6BD12-95C0-4724-B168-00A97FF02547-1024x768.jpeg 1024w, https:\/\/amandus.se\/blogg\/wp-content\/uploads\/2019\/09\/D7B6BD12-95C0-4724-B168-00A97FF02547-300x225.jpeg 300w, https:\/\/amandus.se\/blogg\/wp-content\/uploads\/2019\/09\/D7B6BD12-95C0-4724-B168-00A97FF02547-768x576.jpeg 768w\" sizes=\"auto, (max-width: 1024px) 100vw, 1024px\" \/><figcaption>Pumpor i m\u00e4ngd<\/figcaption><\/figure>\n\n\n\n<p>I dag k\u00e4nde vi inte f\u00f6r att laga mat s\u00e5 det fick bli mat p\u00e5 lokal. J\u00e4tteportioner och gott var det!<\/p>\n\n\n\n<figure class=\"wp-block-image\"><img loading=\"lazy\" decoding=\"async\" width=\"1024\" height=\"768\" src=\"https:\/\/amandus.se\/blogg\/wp-content\/uploads\/2019\/09\/B22FE34E-FA7B-4D59-81A7-E79234F3889A-1024x768.jpeg\" alt=\"\" class=\"wp-image-2417\" srcset=\"https:\/\/amandus.se\/blogg\/wp-content\/uploads\/2019\/09\/B22FE34E-FA7B-4D59-81A7-E79234F3889A-1024x768.jpeg 1024w, https:\/\/amandus.se\/blogg\/wp-content\/uploads\/2019\/09\/B22FE34E-FA7B-4D59-81A7-E79234F3889A-300x225.jpeg 300w, https:\/\/amandus.se\/blogg\/wp-content\/uploads\/2019\/09\/B22FE34E-FA7B-4D59-81A7-E79234F3889A-768x576.jpeg 768w\" sizes=\"auto, (max-width: 1024px) 100vw, 1024px\" \/><\/figure>\n\n\n\n<p>Schnitzel med potatisgrat\u00e4ng och bea<\/p>\n","protected":false},"excerpt":{"rendered":"<p>Det kom inget roligt till lampan i g\u00e5r, halvbra drag. I dag, 22\/9, var vi \u00e4nnu en g\u00e5ng i Sten\u00e5sa f\u00f6r att ta bilder p\u00e5 M.stellatarum. F\u00f6r tv\u00e5 dagar sedan h\u00e4ngde vi upp en f\u00e4lla i G\u00e5rdby. I dag var det dags att kolla den. Vi har inte gift i f\u00e4llan utan sm\u00e5 burkar med &hellip; <a href=\"https:\/\/amandus.se\/blogg\/?p=2412\" class=\"more-link\">Forts\u00e4tt l\u00e4sa <span class=\"screen-reader-text\">\u00c4nnu en solig varm dag<\/span> <span class=\"meta-nav\">&rarr;<\/span><\/a><\/p>\n","protected":false},"author":1,"featured_media":0,"comment_status":"open","ping_status":"open","sticky":false,"template":"","format":"standard","meta":{"footnotes":""},"categories":[4,5,6],"tags":[],"class_list":["post-2412","post","type-post","status-publish","format-standard","hentry","category-ditt-och-datt","category-fjarilarbutterfly","category-sverigesweden"],"_links":{"self":[{"href":"https:\/\/amandus.se\/blogg\/index.php?rest_route=\/wp\/v2\/posts\/2412","targetHints":{"allow":["GET"]}}],"collection":[{"href":"https:\/\/amandus.se\/blogg\/index.php?rest_route=\/wp\/v2\/posts"}],"about":[{"href":"https:\/\/amandus.se\/blogg\/index.php?rest_route=\/wp\/v2\/types\/post"}],"author":[{"embeddable":true,"href":"https:\/\/amandus.se\/blogg\/index.php?rest_route=\/wp\/v2\/users\/1"}],"replies":[{"embeddable":true,"href":"https:\/\/amandus.se\/blogg\/index.php?rest_route=%2Fwp%2Fv2%2Fcomments&post=2412"}],"version-history":[{"count":3,"href":"https:\/\/amandus.se\/blogg\/index.php?rest_route=\/wp\/v2\/posts\/2412\/revisions"}],"predecessor-version":[{"id":2460,"href":"https:\/\/amandus.se\/blogg\/index.php?rest_route=\/wp\/v2\/posts\/2412\/revisions\/2460"}],"wp:attachment":[{"href":"https:\/\/amandus.se\/blogg\/index.php?rest_route=%2Fwp%2Fv2%2Fmedia&parent=2412"}],"wp:term":[{"taxonomy":"category","embeddable":true,"href":"https:\/\/amandus.se\/blogg\/index.php?rest_route=%2Fwp%2Fv2%2Fcategories&post=2412"},{"taxonomy":"post_tag","embeddable":true,"href":"https:\/\/amandus.se\/blogg\/index.php?rest_route=%2Fwp%2Fv2%2Ftags&post=2412"}],"curies":[{"name":"wp","href":"https:\/\/api.w.org\/{rel}","templated":true}]}}