{"id":2426,"date":"2019-09-25T19:33:19","date_gmt":"2019-09-25T17:33:19","guid":{"rendered":"http:\/\/amandus.se\/blogg\/?p=2426"},"modified":"2019-09-26T19:30:02","modified_gmt":"2019-09-26T17:30:02","slug":"nu-ar-vi-pa-norra-oland","status":"publish","type":"post","link":"https:\/\/amandus.se\/blogg\/?p=2426","title":{"rendered":"Nu \u00e4r vi p\u00e5 norra \u00d6land"},"content":{"rendered":"\n<p>Lysningen vid Ismanstorp gav inget. <\/p>\n\n\n\n<p>I g\u00e5r, 24\/9, var det bl\u00e5sigt. Perfekt v\u00e4der f\u00f6r surfarna.<\/p>\n\n\n\n<figure class=\"wp-block-image\"><img loading=\"lazy\" decoding=\"async\" width=\"1024\" height=\"768\" src=\"https:\/\/amandus.se\/blogg\/wp-content\/uploads\/2019\/09\/DSCN2259-1024x768.jpg\" alt=\"\" class=\"wp-image-2427\" srcset=\"https:\/\/amandus.se\/blogg\/wp-content\/uploads\/2019\/09\/DSCN2259-1024x768.jpg 1024w, https:\/\/amandus.se\/blogg\/wp-content\/uploads\/2019\/09\/DSCN2259-300x225.jpg 300w, https:\/\/amandus.se\/blogg\/wp-content\/uploads\/2019\/09\/DSCN2259-768x576.jpg 768w, https:\/\/amandus.se\/blogg\/wp-content\/uploads\/2019\/09\/DSCN2259.jpg 1200w\" sizes=\"auto, (max-width: 1024px) 100vw, 1024px\" \/><figcaption>Sp\u00e4nnande att titta p\u00e5<br><\/figcaption><\/figure>\n\n\n\n<p>Det finns mycket sev\u00e4rt p\u00e5 \u00d6land f\u00f6rutom fj\u00e4rilar. M\u00e5nga vackra murar t.ex.<\/p>\n\n\n\n<figure class=\"wp-block-image\"><img loading=\"lazy\" decoding=\"async\" width=\"1024\" height=\"768\" src=\"https:\/\/amandus.se\/blogg\/wp-content\/uploads\/2019\/09\/IMG_9072-1024x768.jpg\" alt=\"\" class=\"wp-image-2428\" srcset=\"https:\/\/amandus.se\/blogg\/wp-content\/uploads\/2019\/09\/IMG_9072-1024x768.jpg 1024w, https:\/\/amandus.se\/blogg\/wp-content\/uploads\/2019\/09\/IMG_9072-300x225.jpg 300w, https:\/\/amandus.se\/blogg\/wp-content\/uploads\/2019\/09\/IMG_9072-768x576.jpg 768w, https:\/\/amandus.se\/blogg\/wp-content\/uploads\/2019\/09\/IMG_9072.jpg 1200w\" sizes=\"auto, (max-width: 1024px) 100vw, 1024px\" \/><figcaption>\u00d6verallt p\u00e5 \u00d6land finns kalkstensmurar<\/figcaption><\/figure>\n\n\n\n<p>Det har varit m\u00e5nga tranor i luften p\u00e5 v\u00e4g s\u00f6derut. En fin&nbsp;st\u00f6rre strandpipare fastnade p\u00e5 bild.<\/p>\n\n\n\n<figure class=\"wp-block-image\"><img loading=\"lazy\" decoding=\"async\" width=\"1024\" height=\"768\" src=\"https:\/\/amandus.se\/blogg\/wp-content\/uploads\/2019\/09\/DSCN2278-1024x768.jpg\" alt=\"\" class=\"wp-image-2429\" srcset=\"https:\/\/amandus.se\/blogg\/wp-content\/uploads\/2019\/09\/DSCN2278-1024x768.jpg 1024w, https:\/\/amandus.se\/blogg\/wp-content\/uploads\/2019\/09\/DSCN2278-300x225.jpg 300w, https:\/\/amandus.se\/blogg\/wp-content\/uploads\/2019\/09\/DSCN2278-768x576.jpg 768w, https:\/\/amandus.se\/blogg\/wp-content\/uploads\/2019\/09\/DSCN2278.jpg 1200w\" sizes=\"auto, (max-width: 1024px) 100vw, 1024px\" \/><\/figure>\n\n\n\n<p>En b\u00e5t som passar b\u00e4st p\u00e5 land.<\/p>\n\n\n\n<figure class=\"wp-block-image\"><img loading=\"lazy\" decoding=\"async\" width=\"1024\" height=\"768\" src=\"https:\/\/amandus.se\/blogg\/wp-content\/uploads\/2019\/09\/IMG_9071-1024x768.jpg\" alt=\"\" class=\"wp-image-2430\" srcset=\"https:\/\/amandus.se\/blogg\/wp-content\/uploads\/2019\/09\/IMG_9071-1024x768.jpg 1024w, https:\/\/amandus.se\/blogg\/wp-content\/uploads\/2019\/09\/IMG_9071-300x225.jpg 300w, https:\/\/amandus.se\/blogg\/wp-content\/uploads\/2019\/09\/IMG_9071-768x576.jpg 768w, https:\/\/amandus.se\/blogg\/wp-content\/uploads\/2019\/09\/IMG_9071.jpg 1200w\" sizes=\"auto, (max-width: 1024px) 100vw, 1024px\" \/><figcaption>Inget hummerfiske med denna :)<\/figcaption><\/figure>\n\n\n\n<p>I dag, 25\/9, \u00e5kte vi norrut p\u00e5 \u00d6land. Vi t\u00e4nkte&nbsp;bes\u00f6ka Borgholms slottsruin men tyv\u00e4rr st\u00e4ngde de i g\u00e5r.<\/p>\n\n\n\n<figure class=\"wp-block-image\"><img loading=\"lazy\" decoding=\"async\" width=\"1024\" height=\"602\" src=\"https:\/\/amandus.se\/blogg\/wp-content\/uploads\/2019\/09\/DSCN2279-1024x602.jpg\" alt=\"\" class=\"wp-image-2431\" srcset=\"https:\/\/amandus.se\/blogg\/wp-content\/uploads\/2019\/09\/DSCN2279-1024x602.jpg 1024w, https:\/\/amandus.se\/blogg\/wp-content\/uploads\/2019\/09\/DSCN2279-300x176.jpg 300w, https:\/\/amandus.se\/blogg\/wp-content\/uploads\/2019\/09\/DSCN2279-768x451.jpg 768w, https:\/\/amandus.se\/blogg\/wp-content\/uploads\/2019\/09\/DSCN2279.jpg 1200w\" sizes=\"auto, (max-width: 1024px) 100vw, 1024px\" \/><\/figure>\n\n\n\n<p>Vi tr\u00e4ffade p\u00e5 n\u00e5gra kameler, det var nog dagens mest ov\u00e4ntade sev\u00e4rdhet.<\/p>\n\n\n\n<figure class=\"wp-block-image\"><img loading=\"lazy\" decoding=\"async\" width=\"1024\" height=\"768\" src=\"https:\/\/amandus.se\/blogg\/wp-content\/uploads\/2019\/09\/DSCN2284-1024x768.jpg\" alt=\"\" class=\"wp-image-2432\" srcset=\"https:\/\/amandus.se\/blogg\/wp-content\/uploads\/2019\/09\/DSCN2284-1024x768.jpg 1024w, https:\/\/amandus.se\/blogg\/wp-content\/uploads\/2019\/09\/DSCN2284-300x225.jpg 300w, https:\/\/amandus.se\/blogg\/wp-content\/uploads\/2019\/09\/DSCN2284-768x576.jpg 768w, https:\/\/amandus.se\/blogg\/wp-content\/uploads\/2019\/09\/DSCN2284.jpg 1200w\" sizes=\"auto, (max-width: 1024px) 100vw, 1024px\" \/><\/figure>\n\n\n\n<p>Nu har vi t\u00e4nt lampan i Sk\u00e4ftek\u00e4rr, B\u00f6da ekopark. Hoppas kunna rapportera n\u00e5got stort imorgon.<\/p>\n","protected":false},"excerpt":{"rendered":"<p>Lysningen vid Ismanstorp gav inget. I g\u00e5r, 24\/9, var det bl\u00e5sigt. Perfekt v\u00e4der f\u00f6r surfarna. Det finns mycket sev\u00e4rt p\u00e5 \u00d6land f\u00f6rutom fj\u00e4rilar. M\u00e5nga vackra murar t.ex. Det har varit m\u00e5nga tranor i luften p\u00e5 v\u00e4g s\u00f6derut. En fin&nbsp;st\u00f6rre strandpipare fastnade p\u00e5 bild. En b\u00e5t som passar b\u00e4st p\u00e5 land. I dag, 25\/9, \u00e5kte vi &hellip; <a href=\"https:\/\/amandus.se\/blogg\/?p=2426\" class=\"more-link\">Forts\u00e4tt l\u00e4sa <span class=\"screen-reader-text\">Nu \u00e4r vi p\u00e5 norra \u00d6land<\/span> <span class=\"meta-nav\">&rarr;<\/span><\/a><\/p>\n","protected":false},"author":1,"featured_media":0,"comment_status":"open","ping_status":"open","sticky":false,"template":"","format":"standard","meta":{"footnotes":""},"categories":[4,5,6],"tags":[],"class_list":["post-2426","post","type-post","status-publish","format-standard","hentry","category-ditt-och-datt","category-fjarilarbutterfly","category-sverigesweden"],"_links":{"self":[{"href":"https:\/\/amandus.se\/blogg\/index.php?rest_route=\/wp\/v2\/posts\/2426","targetHints":{"allow":["GET"]}}],"collection":[{"href":"https:\/\/amandus.se\/blogg\/index.php?rest_route=\/wp\/v2\/posts"}],"about":[{"href":"https:\/\/amandus.se\/blogg\/index.php?rest_route=\/wp\/v2\/types\/post"}],"author":[{"embeddable":true,"href":"https:\/\/amandus.se\/blogg\/index.php?rest_route=\/wp\/v2\/users\/1"}],"replies":[{"embeddable":true,"href":"https:\/\/amandus.se\/blogg\/index.php?rest_route=%2Fwp%2Fv2%2Fcomments&post=2426"}],"version-history":[{"count":5,"href":"https:\/\/amandus.se\/blogg\/index.php?rest_route=\/wp\/v2\/posts\/2426\/revisions"}],"predecessor-version":[{"id":2444,"href":"https:\/\/amandus.se\/blogg\/index.php?rest_route=\/wp\/v2\/posts\/2426\/revisions\/2444"}],"wp:attachment":[{"href":"https:\/\/amandus.se\/blogg\/index.php?rest_route=%2Fwp%2Fv2%2Fmedia&parent=2426"}],"wp:term":[{"taxonomy":"category","embeddable":true,"href":"https:\/\/amandus.se\/blogg\/index.php?rest_route=%2Fwp%2Fv2%2Fcategories&post=2426"},{"taxonomy":"post_tag","embeddable":true,"href":"https:\/\/amandus.se\/blogg\/index.php?rest_route=%2Fwp%2Fv2%2Ftags&post=2426"}],"curies":[{"name":"wp","href":"https:\/\/api.w.org\/{rel}","templated":true}]}}