{"id":2438,"date":"2019-09-26T19:19:03","date_gmt":"2019-09-26T17:19:03","guid":{"rendered":"http:\/\/amandus.se\/blogg\/?p=2438"},"modified":"2019-09-26T19:23:16","modified_gmt":"2019-09-26T17:23:16","slug":"nu-ar-vi-hemma-pa-mockelmossen","status":"publish","type":"post","link":"https:\/\/amandus.se\/blogg\/?p=2438","title":{"rendered":"Nu \u00e4r vi &#8221;hemma&#8221; p\u00e5 M\u00f6ckelmossen"},"content":{"rendered":"\n<p>Inte heller ig\u00e5r kom det n\u00e5got sp\u00e4nnande till lampan. Var g\u00e4ller fj\u00e4rilar har inte \u00d6land visat sig fr\u00e5n sin b\u00e4sta sida. Men det finns s\u00e5 mycket annat att se. Nu drar ju dessutom Sk\u00f6rdefesten ig\u00e5ng.<\/p>\n\n\n\n<p>Innan vi l\u00e4mnade norra \u00d6land \u00e5kte vi till Byxelkrok.<\/p>\n\n\n\n<figure class=\"wp-block-image\"><img loading=\"lazy\" decoding=\"async\" width=\"1024\" height=\"768\" src=\"https:\/\/amandus.se\/blogg\/wp-content\/uploads\/2019\/09\/DSCN2287-1024x768.jpg\" alt=\"\" class=\"wp-image-2439\" srcset=\"https:\/\/amandus.se\/blogg\/wp-content\/uploads\/2019\/09\/DSCN2287-1024x768.jpg 1024w, https:\/\/amandus.se\/blogg\/wp-content\/uploads\/2019\/09\/DSCN2287-300x225.jpg 300w, https:\/\/amandus.se\/blogg\/wp-content\/uploads\/2019\/09\/DSCN2287-768x576.jpg 768w, https:\/\/amandus.se\/blogg\/wp-content\/uploads\/2019\/09\/DSCN2287.jpg 1200w\" sizes=\"auto, (max-width: 1024px) 100vw, 1024px\" \/><figcaption>Det pyntas inf\u00f6r Sk\u00f6rdefesten<\/figcaption><\/figure>\n\n\n\n<figure class=\"wp-block-image\"><img loading=\"lazy\" decoding=\"async\" width=\"1024\" height=\"768\" src=\"https:\/\/amandus.se\/blogg\/wp-content\/uploads\/2019\/09\/DSCN2288-1024x768.jpg\" alt=\"\" class=\"wp-image-2440\" srcset=\"https:\/\/amandus.se\/blogg\/wp-content\/uploads\/2019\/09\/DSCN2288-1024x768.jpg 1024w, https:\/\/amandus.se\/blogg\/wp-content\/uploads\/2019\/09\/DSCN2288-300x225.jpg 300w, https:\/\/amandus.se\/blogg\/wp-content\/uploads\/2019\/09\/DSCN2288-768x576.jpg 768w, https:\/\/amandus.se\/blogg\/wp-content\/uploads\/2019\/09\/DSCN2288.jpg 1200w\" sizes=\"auto, (max-width: 1024px) 100vw, 1024px\" \/><figcaption>M\u00e5lade trasmattor p\u00e5 v\u00e4gen<\/figcaption><\/figure>\n\n\n\n<p>Nu \u00e4r vi \u00e5ter p\u00e5 M\u00f6ckelmossen. H\u00e4r k\u00e4nner vi oss hemma.&nbsp;Har promenerat p\u00e5 Alvaret i solskenet. V\u00e4dret kan vi inte klaga p\u00e5.<\/p>\n","protected":false},"excerpt":{"rendered":"<p>Inte heller ig\u00e5r kom det n\u00e5got sp\u00e4nnande till lampan. Var g\u00e4ller fj\u00e4rilar har inte \u00d6land visat sig fr\u00e5n sin b\u00e4sta sida. Men det finns s\u00e5 mycket annat att se. Nu drar ju dessutom Sk\u00f6rdefesten ig\u00e5ng. Innan vi l\u00e4mnade norra \u00d6land \u00e5kte vi till Byxelkrok. Nu \u00e4r vi \u00e5ter p\u00e5 M\u00f6ckelmossen. H\u00e4r k\u00e4nner vi oss hemma.&nbsp;Har &hellip; <a href=\"https:\/\/amandus.se\/blogg\/?p=2438\" class=\"more-link\">Forts\u00e4tt l\u00e4sa <span class=\"screen-reader-text\">Nu \u00e4r vi &#8221;hemma&#8221; p\u00e5 M\u00f6ckelmossen<\/span> <span class=\"meta-nav\">&rarr;<\/span><\/a><\/p>\n","protected":false},"author":1,"featured_media":0,"comment_status":"open","ping_status":"open","sticky":false,"template":"","format":"standard","meta":{"footnotes":""},"categories":[4,5,6],"tags":[],"class_list":["post-2438","post","type-post","status-publish","format-standard","hentry","category-ditt-och-datt","category-fjarilarbutterfly","category-sverigesweden"],"_links":{"self":[{"href":"https:\/\/amandus.se\/blogg\/index.php?rest_route=\/wp\/v2\/posts\/2438","targetHints":{"allow":["GET"]}}],"collection":[{"href":"https:\/\/amandus.se\/blogg\/index.php?rest_route=\/wp\/v2\/posts"}],"about":[{"href":"https:\/\/amandus.se\/blogg\/index.php?rest_route=\/wp\/v2\/types\/post"}],"author":[{"embeddable":true,"href":"https:\/\/amandus.se\/blogg\/index.php?rest_route=\/wp\/v2\/users\/1"}],"replies":[{"embeddable":true,"href":"https:\/\/amandus.se\/blogg\/index.php?rest_route=%2Fwp%2Fv2%2Fcomments&post=2438"}],"version-history":[{"count":2,"href":"https:\/\/amandus.se\/blogg\/index.php?rest_route=\/wp\/v2\/posts\/2438\/revisions"}],"predecessor-version":[{"id":2443,"href":"https:\/\/amandus.se\/blogg\/index.php?rest_route=\/wp\/v2\/posts\/2438\/revisions\/2443"}],"wp:attachment":[{"href":"https:\/\/amandus.se\/blogg\/index.php?rest_route=%2Fwp%2Fv2%2Fmedia&parent=2438"}],"wp:term":[{"taxonomy":"category","embeddable":true,"href":"https:\/\/amandus.se\/blogg\/index.php?rest_route=%2Fwp%2Fv2%2Fcategories&post=2438"},{"taxonomy":"post_tag","embeddable":true,"href":"https:\/\/amandus.se\/blogg\/index.php?rest_route=%2Fwp%2Fv2%2Ftags&post=2438"}],"curies":[{"name":"wp","href":"https:\/\/api.w.org\/{rel}","templated":true}]}}