{"id":2576,"date":"2020-07-16T22:28:06","date_gmt":"2020-07-16T20:28:06","guid":{"rendered":"http:\/\/amandus.se\/blogg\/?p=2576"},"modified":"2020-07-16T22:29:41","modified_gmt":"2020-07-16T20:29:41","slug":"solen-lyser-i-dag-ocksa","status":"publish","type":"post","link":"https:\/\/amandus.se\/blogg\/?p=2576","title":{"rendered":"Solen lyser i dag ocks\u00e5"},"content":{"rendered":"\n<p>Det var ett riktigt bra lys i g\u00e5r kv\u00e4ll. Det kom massor av fj\u00e4rilar och n\u00e5gra rara arter. <\/p>\n\n\n\n<figure class=\"wp-block-image size-large\"><img loading=\"lazy\" decoding=\"async\" width=\"577\" height=\"433\" src=\"https:\/\/amandus.se\/blogg\/wp-content\/uploads\/2020\/07\/IMG_0867.jpg\" alt=\"\" class=\"wp-image-2578\" srcset=\"https:\/\/amandus.se\/blogg\/wp-content\/uploads\/2020\/07\/IMG_0867.jpg 577w, https:\/\/amandus.se\/blogg\/wp-content\/uploads\/2020\/07\/IMG_0867-300x225.jpg 300w\" sizes=\"auto, (max-width: 577px) 100vw, 577px\" \/><figcaption>Fullt drag<\/figcaption><\/figure>\n\n\n\n<p>En efterl\u00e4ngtad art var <span style=\"color:#1654d9\" class=\"has-inline-color\"><strong>Kretsfly, D.oo. <\/strong><\/span>\u00d6land har verkligen visat sig fr\u00e5n sin b\u00e4sta sida de dagar vi varit h\u00e4r. Att efter dryga sextio \u00e5r av samlande f\u00e5 nya arter. Det \u00e4r lycka!<\/p>\n\n\n\n<figure class=\"wp-block-image size-large\"><img loading=\"lazy\" decoding=\"async\" width=\"612\" height=\"408\" src=\"https:\/\/amandus.se\/blogg\/wp-content\/uploads\/2020\/07\/IMG_7980.jpg\" alt=\"\" class=\"wp-image-2579\" srcset=\"https:\/\/amandus.se\/blogg\/wp-content\/uploads\/2020\/07\/IMG_7980.jpg 612w, https:\/\/amandus.se\/blogg\/wp-content\/uploads\/2020\/07\/IMG_7980-300x200.jpg 300w\" sizes=\"auto, (max-width: 612px) 100vw, 612px\" \/><figcaption>Kretsfly D.oo<\/figcaption><\/figure>\n\n\n\n<p>I kv\u00e4ll \u00e4r vi vid G\u00e5rdby sandhed.<\/p>\n","protected":false},"excerpt":{"rendered":"<p>Det var ett riktigt bra lys i g\u00e5r kv\u00e4ll. Det kom massor av fj\u00e4rilar och n\u00e5gra rara arter. En efterl\u00e4ngtad art var Kretsfly, D.oo. \u00d6land har verkligen visat sig fr\u00e5n sin b\u00e4sta sida de dagar vi varit h\u00e4r. Att efter dryga sextio \u00e5r av samlande f\u00e5 nya arter. Det \u00e4r lycka! I kv\u00e4ll \u00e4r vi &hellip; <a href=\"https:\/\/amandus.se\/blogg\/?p=2576\" class=\"more-link\">Forts\u00e4tt l\u00e4sa <span class=\"screen-reader-text\">Solen lyser i dag ocks\u00e5<\/span> <span class=\"meta-nav\">&rarr;<\/span><\/a><\/p>\n","protected":false},"author":1,"featured_media":0,"comment_status":"open","ping_status":"open","sticky":false,"template":"","format":"standard","meta":{"footnotes":""},"categories":[4,5,6],"tags":[],"class_list":["post-2576","post","type-post","status-publish","format-standard","hentry","category-ditt-och-datt","category-fjarilarbutterfly","category-sverigesweden"],"_links":{"self":[{"href":"https:\/\/amandus.se\/blogg\/index.php?rest_route=\/wp\/v2\/posts\/2576","targetHints":{"allow":["GET"]}}],"collection":[{"href":"https:\/\/amandus.se\/blogg\/index.php?rest_route=\/wp\/v2\/posts"}],"about":[{"href":"https:\/\/amandus.se\/blogg\/index.php?rest_route=\/wp\/v2\/types\/post"}],"author":[{"embeddable":true,"href":"https:\/\/amandus.se\/blogg\/index.php?rest_route=\/wp\/v2\/users\/1"}],"replies":[{"embeddable":true,"href":"https:\/\/amandus.se\/blogg\/index.php?rest_route=%2Fwp%2Fv2%2Fcomments&post=2576"}],"version-history":[{"count":3,"href":"https:\/\/amandus.se\/blogg\/index.php?rest_route=\/wp\/v2\/posts\/2576\/revisions"}],"predecessor-version":[{"id":2582,"href":"https:\/\/amandus.se\/blogg\/index.php?rest_route=\/wp\/v2\/posts\/2576\/revisions\/2582"}],"wp:attachment":[{"href":"https:\/\/amandus.se\/blogg\/index.php?rest_route=%2Fwp%2Fv2%2Fmedia&parent=2576"}],"wp:term":[{"taxonomy":"category","embeddable":true,"href":"https:\/\/amandus.se\/blogg\/index.php?rest_route=%2Fwp%2Fv2%2Fcategories&post=2576"},{"taxonomy":"post_tag","embeddable":true,"href":"https:\/\/amandus.se\/blogg\/index.php?rest_route=%2Fwp%2Fv2%2Ftags&post=2576"}],"curies":[{"name":"wp","href":"https:\/\/api.w.org\/{rel}","templated":true}]}}