{"id":2583,"date":"2020-07-17T23:27:13","date_gmt":"2020-07-17T21:27:13","guid":{"rendered":"http:\/\/amandus.se\/blogg\/?p=2583"},"modified":"2020-07-17T23:27:32","modified_gmt":"2020-07-17T21:27:32","slug":"slappardag-pa-mockelmossen","status":"publish","type":"post","link":"https:\/\/amandus.se\/blogg\/?p=2583","title":{"rendered":"Slappardag p\u00e5 M\u00f6ckelmossen"},"content":{"rendered":"\n<p>G\u00e5rdagens lys vid G\u00e5rdby var riktigt bra. N\u00e5gra av h\u00f6jdpunkterna var <strong><span style=\"color: rgb(44, 6, 137);\" class=\"has-inline-color\">Piltecknad f\u00e4ltm\u00e4tare, G.sagittata\u00a0 och Smaragdgr\u00f6n lundm\u00e4tare, H.chrysoprasaria<\/span><\/strong>. Att det var en varm och vindstilla kv\u00e4ll bidrog till att det var m\u00e5nga olika arter p\u00e5 lakanet.<\/p>\n\n\n\n<p>I dag har vi haft en slappardag p\u00e5 M\u00f6ckelmossen. Det \u00e4r sk\u00f6nt att bara sitta och njuta av det fina v\u00e4dret. Anders passade p\u00e5 att ta en artcigarr. Varje g\u00e5ng han f\u00e5r en ny art s\u00e5 unnar han sig en cigarr. Dagens cigarr var f\u00f6r Smaragdgr\u00f6n lundm\u00e4tare.<\/p>\n\n\n\n<figure class=\"wp-block-image size-large\"><img loading=\"lazy\" decoding=\"async\" width=\"1024\" height=\"692\" src=\"https:\/\/amandus.se\/blogg\/wp-content\/uploads\/2020\/07\/IMG_0873-1024x692.jpg\" alt=\"\" class=\"wp-image-2584\" srcset=\"https:\/\/amandus.se\/blogg\/wp-content\/uploads\/2020\/07\/IMG_0873-1024x692.jpg 1024w, https:\/\/amandus.se\/blogg\/wp-content\/uploads\/2020\/07\/IMG_0873-300x203.jpg 300w, https:\/\/amandus.se\/blogg\/wp-content\/uploads\/2020\/07\/IMG_0873-768x519.jpg 768w, https:\/\/amandus.se\/blogg\/wp-content\/uploads\/2020\/07\/IMG_0873-1536x1038.jpg 1536w, https:\/\/amandus.se\/blogg\/wp-content\/uploads\/2020\/07\/IMG_0873.jpg 1929w\" sizes=\"auto, (max-width: 1024px) 100vw, 1024px\" \/><figcaption><strong>Anders firar ny art med cigarr<\/strong><\/figcaption><\/figure>\n\n\n\n<p>Det fl\u00f6g m\u00e5nga Bivargar d\u00e4r vi satt vid bilen. Bivargar \u00e4r en stekel som jagar och f\u00e5ngar honungsbin som f\u00f6da till sina larver. Bivargen paralyserar biet med ett stick. Sedan drar den ner bytet i g\u00e5ngar i marken. d\u00e4r de ger honungsbiet till sina larver. <\/p>\n\n\n\n<figure class=\"wp-block-image size-large\"><img loading=\"lazy\" decoding=\"async\" width=\"1024\" height=\"986\" src=\"https:\/\/amandus.se\/blogg\/wp-content\/uploads\/2020\/07\/IMG_7987-kopiera-1024x986.jpg\" alt=\"\" class=\"wp-image-2585\" srcset=\"https:\/\/amandus.se\/blogg\/wp-content\/uploads\/2020\/07\/IMG_7987-kopiera-1024x986.jpg 1024w, https:\/\/amandus.se\/blogg\/wp-content\/uploads\/2020\/07\/IMG_7987-kopiera-300x289.jpg 300w, https:\/\/amandus.se\/blogg\/wp-content\/uploads\/2020\/07\/IMG_7987-kopiera-768x739.jpg 768w, https:\/\/amandus.se\/blogg\/wp-content\/uploads\/2020\/07\/IMG_7987-kopiera.jpg 1200w\" sizes=\"auto, (max-width: 1024px) 100vw, 1024px\" \/><figcaption><strong>En Bivarg (den som ser ut som en geting)\u00a0som f\u00e5ngat ett honungsbi<\/strong><\/figcaption><\/figure>\n","protected":false},"excerpt":{"rendered":"<p>G\u00e5rdagens lys vid G\u00e5rdby var riktigt bra. N\u00e5gra av h\u00f6jdpunkterna var Piltecknad f\u00e4ltm\u00e4tare, G.sagittata\u00a0 och Smaragdgr\u00f6n lundm\u00e4tare, H.chrysoprasaria. Att det var en varm och vindstilla kv\u00e4ll bidrog till att det var m\u00e5nga olika arter p\u00e5 lakanet. I dag har vi haft en slappardag p\u00e5 M\u00f6ckelmossen. Det \u00e4r sk\u00f6nt att bara sitta och njuta av det &hellip; <a href=\"https:\/\/amandus.se\/blogg\/?p=2583\" class=\"more-link\">Forts\u00e4tt l\u00e4sa <span class=\"screen-reader-text\">Slappardag p\u00e5 M\u00f6ckelmossen<\/span> <span class=\"meta-nav\">&rarr;<\/span><\/a><\/p>\n","protected":false},"author":1,"featured_media":0,"comment_status":"open","ping_status":"open","sticky":false,"template":"","format":"standard","meta":{"footnotes":""},"categories":[4,5,6],"tags":[],"class_list":["post-2583","post","type-post","status-publish","format-standard","hentry","category-ditt-och-datt","category-fjarilarbutterfly","category-sverigesweden"],"_links":{"self":[{"href":"https:\/\/amandus.se\/blogg\/index.php?rest_route=\/wp\/v2\/posts\/2583","targetHints":{"allow":["GET"]}}],"collection":[{"href":"https:\/\/amandus.se\/blogg\/index.php?rest_route=\/wp\/v2\/posts"}],"about":[{"href":"https:\/\/amandus.se\/blogg\/index.php?rest_route=\/wp\/v2\/types\/post"}],"author":[{"embeddable":true,"href":"https:\/\/amandus.se\/blogg\/index.php?rest_route=\/wp\/v2\/users\/1"}],"replies":[{"embeddable":true,"href":"https:\/\/amandus.se\/blogg\/index.php?rest_route=%2Fwp%2Fv2%2Fcomments&post=2583"}],"version-history":[{"count":1,"href":"https:\/\/amandus.se\/blogg\/index.php?rest_route=\/wp\/v2\/posts\/2583\/revisions"}],"predecessor-version":[{"id":2586,"href":"https:\/\/amandus.se\/blogg\/index.php?rest_route=\/wp\/v2\/posts\/2583\/revisions\/2586"}],"wp:attachment":[{"href":"https:\/\/amandus.se\/blogg\/index.php?rest_route=%2Fwp%2Fv2%2Fmedia&parent=2583"}],"wp:term":[{"taxonomy":"category","embeddable":true,"href":"https:\/\/amandus.se\/blogg\/index.php?rest_route=%2Fwp%2Fv2%2Fcategories&post=2583"},{"taxonomy":"post_tag","embeddable":true,"href":"https:\/\/amandus.se\/blogg\/index.php?rest_route=%2Fwp%2Fv2%2Ftags&post=2583"}],"curies":[{"name":"wp","href":"https:\/\/api.w.org\/{rel}","templated":true}]}}