{"id":2588,"date":"2020-07-18T23:22:24","date_gmt":"2020-07-18T21:22:24","guid":{"rendered":"http:\/\/amandus.se\/blogg\/?p=2588"},"modified":"2020-07-18T23:35:41","modified_gmt":"2020-07-18T21:35:41","slug":"en-dag-i-tveta-omradet","status":"publish","type":"post","link":"https:\/\/amandus.se\/blogg\/?p=2588","title":{"rendered":"En dag i Tveta omr\u00e5det"},"content":{"rendered":"\n<p>I dag, 18\/7, har vi varit i omr\u00e5det vid Tveta. D\u00e4r finns m\u00e5nga fina blomster\u00e4ngar&nbsp;som fj\u00e4rilarna gillar att h\u00e5lla till p\u00e5.<\/p>\n\n\n\n<figure class=\"wp-block-image size-large\"><img loading=\"lazy\" decoding=\"async\" width=\"1024\" height=\"768\" src=\"https:\/\/amandus.se\/blogg\/wp-content\/uploads\/2020\/07\/IMG_0874-kopiera-1024x768.jpg\" alt=\"\" class=\"wp-image-2589\" srcset=\"https:\/\/amandus.se\/blogg\/wp-content\/uploads\/2020\/07\/IMG_0874-kopiera-1024x768.jpg 1024w, https:\/\/amandus.se\/blogg\/wp-content\/uploads\/2020\/07\/IMG_0874-kopiera-300x225.jpg 300w, https:\/\/amandus.se\/blogg\/wp-content\/uploads\/2020\/07\/IMG_0874-kopiera-768x576.jpg 768w, https:\/\/amandus.se\/blogg\/wp-content\/uploads\/2020\/07\/IMG_0874-kopiera.jpg 1200w\" sizes=\"auto, (max-width: 1024px) 100vw, 1024px\" \/><figcaption><strong>Anders p\u00e5 fj\u00e4rilskoll<\/strong><\/figcaption><\/figure>\n\n\n\n<figure class=\"wp-block-image size-large\"><img loading=\"lazy\" decoding=\"async\" width=\"1024\" height=\"683\" src=\"https:\/\/amandus.se\/blogg\/wp-content\/uploads\/2020\/07\/IMG_8012-kopiera-1024x683.jpg\" alt=\"\" class=\"wp-image-2590\" srcset=\"https:\/\/amandus.se\/blogg\/wp-content\/uploads\/2020\/07\/IMG_8012-kopiera-1024x683.jpg 1024w, https:\/\/amandus.se\/blogg\/wp-content\/uploads\/2020\/07\/IMG_8012-kopiera-300x200.jpg 300w, https:\/\/amandus.se\/blogg\/wp-content\/uploads\/2020\/07\/IMG_8012-kopiera-768x512.jpg 768w, https:\/\/amandus.se\/blogg\/wp-content\/uploads\/2020\/07\/IMG_8012-kopiera.jpg 1200w\" sizes=\"auto, (max-width: 1024px) 100vw, 1024px\" \/><figcaption><strong><span style=\"color:#1a10ab\" class=\"has-inline-color\">Mindre bastardsv\u00e4rmare, Z.viciae<\/span><\/strong> <\/figcaption><\/figure>\n\n\n\n<p>Vi gjorde&nbsp;&#8221;storbak&#8221; idag. Omniaugnen \u00e4r verkligen bra till allt som kr\u00e4ver ugn. <\/p>\n\n\n\n<figure class=\"wp-block-image size-large\"><img loading=\"lazy\" decoding=\"async\" width=\"768\" height=\"1024\" src=\"https:\/\/amandus.se\/blogg\/wp-content\/uploads\/2020\/07\/IMG_0876-768x1024.jpg\" alt=\"\" class=\"wp-image-2591\" srcset=\"https:\/\/amandus.se\/blogg\/wp-content\/uploads\/2020\/07\/IMG_0876-768x1024.jpg 768w, https:\/\/amandus.se\/blogg\/wp-content\/uploads\/2020\/07\/IMG_0876-225x300.jpg 225w, https:\/\/amandus.se\/blogg\/wp-content\/uploads\/2020\/07\/IMG_0876-1152x1536.jpg 1152w, https:\/\/amandus.se\/blogg\/wp-content\/uploads\/2020\/07\/IMG_0876.jpg 1200w\" sizes=\"auto, (max-width: 768px) 100vw, 768px\" \/><figcaption><strong>Citronmuffins till fikat<\/strong><\/figcaption><\/figure>\n\n\n\n<p>I kv\u00e4ll lyser lampan i Kalkstad. Det \u00e4r 16 grader och vindstill.<\/p>\n\n\n\n<figure class=\"wp-block-image size-large\"><img loading=\"lazy\" decoding=\"async\" width=\"1024\" height=\"768\" src=\"https:\/\/amandus.se\/blogg\/wp-content\/uploads\/2020\/07\/IMG_0877-kopiera-1024x768.jpg\" alt=\"\" class=\"wp-image-2592\" srcset=\"https:\/\/amandus.se\/blogg\/wp-content\/uploads\/2020\/07\/IMG_0877-kopiera-1024x768.jpg 1024w, https:\/\/amandus.se\/blogg\/wp-content\/uploads\/2020\/07\/IMG_0877-kopiera-300x225.jpg 300w, https:\/\/amandus.se\/blogg\/wp-content\/uploads\/2020\/07\/IMG_0877-kopiera-768x576.jpg 768w, https:\/\/amandus.se\/blogg\/wp-content\/uploads\/2020\/07\/IMG_0877-kopiera.jpg 1200w\" sizes=\"auto, (max-width: 1024px) 100vw, 1024px\" \/><\/figure>\n","protected":false},"excerpt":{"rendered":"<p>I dag, 18\/7, har vi varit i omr\u00e5det vid Tveta. D\u00e4r finns m\u00e5nga fina blomster\u00e4ngar&nbsp;som fj\u00e4rilarna gillar att h\u00e5lla till p\u00e5. Vi gjorde&nbsp;&#8221;storbak&#8221; idag. Omniaugnen \u00e4r verkligen bra till allt som kr\u00e4ver ugn. I kv\u00e4ll lyser lampan i Kalkstad. Det \u00e4r 16 grader och vindstill.<\/p>\n","protected":false},"author":1,"featured_media":0,"comment_status":"open","ping_status":"open","sticky":false,"template":"","format":"standard","meta":{"footnotes":""},"categories":[4,5,6],"tags":[],"class_list":["post-2588","post","type-post","status-publish","format-standard","hentry","category-ditt-och-datt","category-fjarilarbutterfly","category-sverigesweden"],"_links":{"self":[{"href":"https:\/\/amandus.se\/blogg\/index.php?rest_route=\/wp\/v2\/posts\/2588","targetHints":{"allow":["GET"]}}],"collection":[{"href":"https:\/\/amandus.se\/blogg\/index.php?rest_route=\/wp\/v2\/posts"}],"about":[{"href":"https:\/\/amandus.se\/blogg\/index.php?rest_route=\/wp\/v2\/types\/post"}],"author":[{"embeddable":true,"href":"https:\/\/amandus.se\/blogg\/index.php?rest_route=\/wp\/v2\/users\/1"}],"replies":[{"embeddable":true,"href":"https:\/\/amandus.se\/blogg\/index.php?rest_route=%2Fwp%2Fv2%2Fcomments&post=2588"}],"version-history":[{"count":3,"href":"https:\/\/amandus.se\/blogg\/index.php?rest_route=\/wp\/v2\/posts\/2588\/revisions"}],"predecessor-version":[{"id":2595,"href":"https:\/\/amandus.se\/blogg\/index.php?rest_route=\/wp\/v2\/posts\/2588\/revisions\/2595"}],"wp:attachment":[{"href":"https:\/\/amandus.se\/blogg\/index.php?rest_route=%2Fwp%2Fv2%2Fmedia&parent=2588"}],"wp:term":[{"taxonomy":"category","embeddable":true,"href":"https:\/\/amandus.se\/blogg\/index.php?rest_route=%2Fwp%2Fv2%2Fcategories&post=2588"},{"taxonomy":"post_tag","embeddable":true,"href":"https:\/\/amandus.se\/blogg\/index.php?rest_route=%2Fwp%2Fv2%2Ftags&post=2588"}],"curies":[{"name":"wp","href":"https:\/\/api.w.org\/{rel}","templated":true}]}}