{"id":2607,"date":"2020-08-02T21:41:23","date_gmt":"2020-08-02T19:41:23","guid":{"rendered":"http:\/\/amandus.se\/blogg\/?p=2607"},"modified":"2020-08-02T21:46:16","modified_gmt":"2020-08-02T19:46:16","slug":"i-dag-blev-en-kulturdag","status":"publish","type":"post","link":"https:\/\/amandus.se\/blogg\/?p=2607","title":{"rendered":"I dag blev en kulturdag"},"content":{"rendered":"\n<p>I dag, 2\/8, l\u00e4mnade vi H\u00e4llekis och \u00e5kte till Husaby. Vi bes\u00f6kte Husaby kyrka med delar fr\u00e5n 1000-talet. <\/p>\n\n\n\n<figure class=\"wp-block-image size-large\"><img loading=\"lazy\" decoding=\"async\" width=\"768\" height=\"1024\" src=\"https:\/\/amandus.se\/blogg\/wp-content\/uploads\/2020\/08\/E8582750-AB35-43D6-9BE4-64ED3761F3F0-768x1024.jpeg\" alt=\"\" class=\"wp-image-2608\" srcset=\"https:\/\/amandus.se\/blogg\/wp-content\/uploads\/2020\/08\/E8582750-AB35-43D6-9BE4-64ED3761F3F0-768x1024.jpeg 768w, https:\/\/amandus.se\/blogg\/wp-content\/uploads\/2020\/08\/E8582750-AB35-43D6-9BE4-64ED3761F3F0-225x300.jpeg 225w, https:\/\/amandus.se\/blogg\/wp-content\/uploads\/2020\/08\/E8582750-AB35-43D6-9BE4-64ED3761F3F0-1152x1536.jpeg 1152w, https:\/\/amandus.se\/blogg\/wp-content\/uploads\/2020\/08\/E8582750-AB35-43D6-9BE4-64ED3761F3F0.jpeg 1536w\" sizes=\"auto, (max-width: 768px) 100vw, 768px\" \/><figcaption>Tornet \u00e4r fr\u00e5n 1000-talet. <\/figcaption><\/figure>\n\n\n\n<figure class=\"wp-block-image size-large\"><img loading=\"lazy\" decoding=\"async\" width=\"768\" height=\"1024\" src=\"https:\/\/amandus.se\/blogg\/wp-content\/uploads\/2020\/08\/524E9FC5-FC9F-4BF4-B7A4-53DF4089D5EA-768x1024.jpeg\" alt=\"\" class=\"wp-image-2609\" srcset=\"https:\/\/amandus.se\/blogg\/wp-content\/uploads\/2020\/08\/524E9FC5-FC9F-4BF4-B7A4-53DF4089D5EA-768x1024.jpeg 768w, https:\/\/amandus.se\/blogg\/wp-content\/uploads\/2020\/08\/524E9FC5-FC9F-4BF4-B7A4-53DF4089D5EA-225x300.jpeg 225w, https:\/\/amandus.se\/blogg\/wp-content\/uploads\/2020\/08\/524E9FC5-FC9F-4BF4-B7A4-53DF4089D5EA-1152x1536.jpeg 1152w, https:\/\/amandus.se\/blogg\/wp-content\/uploads\/2020\/08\/524E9FC5-FC9F-4BF4-B7A4-53DF4089D5EA.jpeg 1536w\" sizes=\"auto, (max-width: 768px) 100vw, 768px\" \/><figcaption>Vacker interi\u00f6r<\/figcaption><\/figure>\n\n\n\n<figure class=\"wp-block-image size-large\"><img loading=\"lazy\" decoding=\"async\" width=\"768\" height=\"1024\" src=\"https:\/\/amandus.se\/blogg\/wp-content\/uploads\/2020\/08\/8B93F60B-E952-4F30-B273-1AF63AAAF1E8-768x1024.jpeg\" alt=\"\" class=\"wp-image-2610\" srcset=\"https:\/\/amandus.se\/blogg\/wp-content\/uploads\/2020\/08\/8B93F60B-E952-4F30-B273-1AF63AAAF1E8-768x1024.jpeg 768w, https:\/\/amandus.se\/blogg\/wp-content\/uploads\/2020\/08\/8B93F60B-E952-4F30-B273-1AF63AAAF1E8-225x300.jpeg 225w, https:\/\/amandus.se\/blogg\/wp-content\/uploads\/2020\/08\/8B93F60B-E952-4F30-B273-1AF63AAAF1E8-1152x1536.jpeg 1152w, https:\/\/amandus.se\/blogg\/wp-content\/uploads\/2020\/08\/8B93F60B-E952-4F30-B273-1AF63AAAF1E8.jpeg 1536w\" sizes=\"auto, (max-width: 768px) 100vw, 768px\" \/><figcaption>Fina takm\u00e5lningar<\/figcaption><\/figure>\n\n\n\n<p>Utanf\u00f6r kyrkan st\u00e5r en gravsten med en lite annorlunda inskription. \u201dH\u00e4r vilar en \u00e4rlig man\u201d Fick tyv\u00e4rr ingen bild p\u00e5 baksidan men d\u00e4r st\u00e5r \u201dOmsider lycklig\u201d. <\/p>\n\n\n\n<figure class=\"wp-block-image size-large\"><img loading=\"lazy\" decoding=\"async\" width=\"768\" height=\"1024\" src=\"https:\/\/amandus.se\/blogg\/wp-content\/uploads\/2020\/08\/93E6C004-014B-42FE-862E-29017BC111AF-768x1024.jpeg\" alt=\"\" class=\"wp-image-2611\" srcset=\"https:\/\/amandus.se\/blogg\/wp-content\/uploads\/2020\/08\/93E6C004-014B-42FE-862E-29017BC111AF-768x1024.jpeg 768w, https:\/\/amandus.se\/blogg\/wp-content\/uploads\/2020\/08\/93E6C004-014B-42FE-862E-29017BC111AF-225x300.jpeg 225w, https:\/\/amandus.se\/blogg\/wp-content\/uploads\/2020\/08\/93E6C004-014B-42FE-862E-29017BC111AF-1152x1536.jpeg 1152w, https:\/\/amandus.se\/blogg\/wp-content\/uploads\/2020\/08\/93E6C004-014B-42FE-862E-29017BC111AF.jpeg 1536w\" sizes=\"auto, (max-width: 768px) 100vw, 768px\" \/><\/figure>\n\n\n\n<p>Vi bes\u00f6kte \u00e4ven S:t Sigfrids k\u00e4lla d\u00e4r den f\u00f6rsta kristna kungen Olof Sk\u00f6tkonung d\u00f6ptes runt \u00e5r 1000. <\/p>\n\n\n\n<figure class=\"wp-block-image size-large\"><img loading=\"lazy\" decoding=\"async\" width=\"1024\" height=\"768\" src=\"https:\/\/amandus.se\/blogg\/wp-content\/uploads\/2020\/08\/20959C98-3FB0-4452-8CC8-5EB58535FE57-1024x768.jpeg\" alt=\"\" class=\"wp-image-2612\" srcset=\"https:\/\/amandus.se\/blogg\/wp-content\/uploads\/2020\/08\/20959C98-3FB0-4452-8CC8-5EB58535FE57-1024x768.jpeg 1024w, https:\/\/amandus.se\/blogg\/wp-content\/uploads\/2020\/08\/20959C98-3FB0-4452-8CC8-5EB58535FE57-300x225.jpeg 300w, https:\/\/amandus.se\/blogg\/wp-content\/uploads\/2020\/08\/20959C98-3FB0-4452-8CC8-5EB58535FE57-768x576.jpeg 768w, https:\/\/amandus.se\/blogg\/wp-content\/uploads\/2020\/08\/20959C98-3FB0-4452-8CC8-5EB58535FE57-1536x1152.jpeg 1536w, https:\/\/amandus.se\/blogg\/wp-content\/uploads\/2020\/08\/20959C98-3FB0-4452-8CC8-5EB58535FE57.jpeg 2048w\" sizes=\"auto, (max-width: 1024px) 100vw, 1024px\" \/><figcaption>S:t Sigfrids k\u00e4lla<\/figcaption><\/figure>\n\n\n\n<p>Ruinerna av Biskopsborgen fick ocks\u00e5 ett bes\u00f6k av oss. <\/p>\n\n\n\n<figure class=\"wp-block-image size-large\"><img loading=\"lazy\" decoding=\"async\" width=\"1024\" height=\"768\" src=\"https:\/\/amandus.se\/blogg\/wp-content\/uploads\/2020\/08\/6F551EE0-5B4E-4B6E-84EA-BAECA42B2462-1024x768.jpeg\" alt=\"\" class=\"wp-image-2613\" srcset=\"https:\/\/amandus.se\/blogg\/wp-content\/uploads\/2020\/08\/6F551EE0-5B4E-4B6E-84EA-BAECA42B2462-1024x768.jpeg 1024w, https:\/\/amandus.se\/blogg\/wp-content\/uploads\/2020\/08\/6F551EE0-5B4E-4B6E-84EA-BAECA42B2462-300x225.jpeg 300w, https:\/\/amandus.se\/blogg\/wp-content\/uploads\/2020\/08\/6F551EE0-5B4E-4B6E-84EA-BAECA42B2462-768x576.jpeg 768w, https:\/\/amandus.se\/blogg\/wp-content\/uploads\/2020\/08\/6F551EE0-5B4E-4B6E-84EA-BAECA42B2462-1536x1152.jpeg 1536w, https:\/\/amandus.se\/blogg\/wp-content\/uploads\/2020\/08\/6F551EE0-5B4E-4B6E-84EA-BAECA42B2462.jpeg 2048w\" sizes=\"auto, (max-width: 1024px) 100vw, 1024px\" \/><figcaption>Biskopsborgen<br><br><br><br><br><br><br><br><br><br><br><br><\/figcaption><\/figure>\n","protected":false},"excerpt":{"rendered":"<p>I dag, 2\/8, l\u00e4mnade vi H\u00e4llekis och \u00e5kte till Husaby. Vi bes\u00f6kte Husaby kyrka med delar fr\u00e5n 1000-talet. Utanf\u00f6r kyrkan st\u00e5r en gravsten med en lite annorlunda inskription. \u201dH\u00e4r vilar en \u00e4rlig man\u201d Fick tyv\u00e4rr ingen bild p\u00e5 baksidan men d\u00e4r st\u00e5r \u201dOmsider lycklig\u201d. Vi bes\u00f6kte \u00e4ven S:t Sigfrids k\u00e4lla d\u00e4r den f\u00f6rsta kristna kungen &hellip; <a href=\"https:\/\/amandus.se\/blogg\/?p=2607\" class=\"more-link\">Forts\u00e4tt l\u00e4sa <span class=\"screen-reader-text\">I dag blev en kulturdag<\/span> <span class=\"meta-nav\">&rarr;<\/span><\/a><\/p>\n","protected":false},"author":1,"featured_media":0,"comment_status":"open","ping_status":"open","sticky":false,"template":"","format":"standard","meta":{"footnotes":""},"categories":[4,6],"tags":[],"class_list":["post-2607","post","type-post","status-publish","format-standard","hentry","category-ditt-och-datt","category-sverigesweden"],"_links":{"self":[{"href":"https:\/\/amandus.se\/blogg\/index.php?rest_route=\/wp\/v2\/posts\/2607","targetHints":{"allow":["GET"]}}],"collection":[{"href":"https:\/\/amandus.se\/blogg\/index.php?rest_route=\/wp\/v2\/posts"}],"about":[{"href":"https:\/\/amandus.se\/blogg\/index.php?rest_route=\/wp\/v2\/types\/post"}],"author":[{"embeddable":true,"href":"https:\/\/amandus.se\/blogg\/index.php?rest_route=\/wp\/v2\/users\/1"}],"replies":[{"embeddable":true,"href":"https:\/\/amandus.se\/blogg\/index.php?rest_route=%2Fwp%2Fv2%2Fcomments&post=2607"}],"version-history":[{"count":2,"href":"https:\/\/amandus.se\/blogg\/index.php?rest_route=\/wp\/v2\/posts\/2607\/revisions"}],"predecessor-version":[{"id":2615,"href":"https:\/\/amandus.se\/blogg\/index.php?rest_route=\/wp\/v2\/posts\/2607\/revisions\/2615"}],"wp:attachment":[{"href":"https:\/\/amandus.se\/blogg\/index.php?rest_route=%2Fwp%2Fv2%2Fmedia&parent=2607"}],"wp:term":[{"taxonomy":"category","embeddable":true,"href":"https:\/\/amandus.se\/blogg\/index.php?rest_route=%2Fwp%2Fv2%2Fcategories&post=2607"},{"taxonomy":"post_tag","embeddable":true,"href":"https:\/\/amandus.se\/blogg\/index.php?rest_route=%2Fwp%2Fv2%2Ftags&post=2607"}],"curies":[{"name":"wp","href":"https:\/\/api.w.org\/{rel}","templated":true}]}}