{"id":2617,"date":"2020-08-17T14:18:07","date_gmt":"2020-08-17T12:18:07","guid":{"rendered":"http:\/\/amandus.se\/blogg\/?p=2617"},"modified":"2020-08-17T14:19:28","modified_gmt":"2020-08-17T12:19:28","slug":"ute-med-bilen-igen","status":"publish","type":"post","link":"https:\/\/amandus.se\/blogg\/?p=2617","title":{"rendered":"Ute med bilen igen"},"content":{"rendered":"\n<p>Torsdagen den 13 augusti \u00e5kte vi mot Uppsala. Det var dags f\u00f6r det framflyttade studentutspringet f\u00f6r v\u00e5rt \u00e4ldsta barnbarn Melvin. Den 14\/8 var vi med p\u00e5 firandet.<\/p>\n\n\n\n<figure class=\"wp-block-image size-large\"><img decoding=\"async\" src=\"https:\/\/amandus.se\/blogg\/wp-content\/uploads\/2020\/08\/4C5B2E72-33A0-48CB-887D-F88C01B1ABEB-768x1024.jpeg\" alt=\"\" class=\"wp-image-2618\"\/><\/figure>\n\n\n\n<figure class=\"wp-block-image size-large\"><img loading=\"lazy\" decoding=\"async\" width=\"873\" height=\"1024\" src=\"https:\/\/amandus.se\/blogg\/wp-content\/uploads\/2020\/08\/E48BE0ED-A65F-4709-A652-604A5A69DD2E-873x1024.jpeg\" alt=\"\" class=\"wp-image-2619\" srcset=\"https:\/\/amandus.se\/blogg\/wp-content\/uploads\/2020\/08\/E48BE0ED-A65F-4709-A652-604A5A69DD2E-873x1024.jpeg 873w, https:\/\/amandus.se\/blogg\/wp-content\/uploads\/2020\/08\/E48BE0ED-A65F-4709-A652-604A5A69DD2E-256x300.jpeg 256w, https:\/\/amandus.se\/blogg\/wp-content\/uploads\/2020\/08\/E48BE0ED-A65F-4709-A652-604A5A69DD2E-768x901.jpeg 768w, https:\/\/amandus.se\/blogg\/wp-content\/uploads\/2020\/08\/E48BE0ED-A65F-4709-A652-604A5A69DD2E-1309x1536.jpeg 1309w, https:\/\/amandus.se\/blogg\/wp-content\/uploads\/2020\/08\/E48BE0ED-A65F-4709-A652-604A5A69DD2E.jpeg 1637w\" sizes=\"auto, (max-width: 873px) 100vw, 873px\" \/><figcaption>Morfar Anders, Melvin och mormor Ann<\/figcaption><\/figure>\n\n\n\n<p>Efter att ha umg\u00e5tts med sm\u00e5 och stora i Uppsala k\u00f6rde vi till Sala silvergruva. Det var lite v\u00e4l varmt f\u00f6r att vara ute och f\u00f6r m\u00e5nga husbilar f\u00f6r att kunna t\u00e4nda lampan. <\/p>\n\n\n\n<figure class=\"wp-block-image size-large\"><img loading=\"lazy\" decoding=\"async\" width=\"768\" height=\"1024\" src=\"https:\/\/amandus.se\/blogg\/wp-content\/uploads\/2020\/08\/93BA5CE9-38B7-4CCE-A7D1-465F3B647142-768x1024.jpeg\" alt=\"\" class=\"wp-image-2620\" srcset=\"https:\/\/amandus.se\/blogg\/wp-content\/uploads\/2020\/08\/93BA5CE9-38B7-4CCE-A7D1-465F3B647142-768x1024.jpeg 768w, https:\/\/amandus.se\/blogg\/wp-content\/uploads\/2020\/08\/93BA5CE9-38B7-4CCE-A7D1-465F3B647142-225x300.jpeg 225w, https:\/\/amandus.se\/blogg\/wp-content\/uploads\/2020\/08\/93BA5CE9-38B7-4CCE-A7D1-465F3B647142-1152x1536.jpeg 1152w, https:\/\/amandus.se\/blogg\/wp-content\/uploads\/2020\/08\/93BA5CE9-38B7-4CCE-A7D1-465F3B647142.jpeg 1536w\" sizes=\"auto, (max-width: 768px) 100vw, 768px\" \/><\/figure>\n\n\n\n<p>Det s\u00e5g ut som en \u00f6rn men visade sig vara en sk\u00e4rmflygare:)<\/p>\n\n\n\n<figure class=\"wp-block-image size-large\"><img loading=\"lazy\" decoding=\"async\" width=\"1024\" height=\"768\" src=\"https:\/\/amandus.se\/blogg\/wp-content\/uploads\/2020\/08\/C9C1CD9F-DA97-4B5D-93D5-836E999D2A77-1024x768.jpeg\" alt=\"\" class=\"wp-image-2621\" srcset=\"https:\/\/amandus.se\/blogg\/wp-content\/uploads\/2020\/08\/C9C1CD9F-DA97-4B5D-93D5-836E999D2A77-1024x768.jpeg 1024w, https:\/\/amandus.se\/blogg\/wp-content\/uploads\/2020\/08\/C9C1CD9F-DA97-4B5D-93D5-836E999D2A77-300x225.jpeg 300w, https:\/\/amandus.se\/blogg\/wp-content\/uploads\/2020\/08\/C9C1CD9F-DA97-4B5D-93D5-836E999D2A77-768x576.jpeg 768w, https:\/\/amandus.se\/blogg\/wp-content\/uploads\/2020\/08\/C9C1CD9F-DA97-4B5D-93D5-836E999D2A77-1536x1152.jpeg 1536w, https:\/\/amandus.se\/blogg\/wp-content\/uploads\/2020\/08\/C9C1CD9F-DA97-4B5D-93D5-836E999D2A77.jpeg 2048w\" sizes=\"auto, (max-width: 1024px) 100vw, 1024px\" \/><\/figure>\n\n\n\n<p>I g\u00e5r, 16\/8, \u00e5kte vi till Konungastollen i n\u00e4rheten av Lindesberg. Vi t\u00e4nde lampan men det kom inget sp\u00e4nnande.<\/p>\n\n\n\n<figure class=\"wp-block-image size-large\"><img loading=\"lazy\" decoding=\"async\" width=\"1024\" height=\"768\" src=\"https:\/\/amandus.se\/blogg\/wp-content\/uploads\/2020\/08\/B5B20E07-D4E8-4155-B876-56423BDABA70-1024x768.jpeg\" alt=\"\" class=\"wp-image-2622\" srcset=\"https:\/\/amandus.se\/blogg\/wp-content\/uploads\/2020\/08\/B5B20E07-D4E8-4155-B876-56423BDABA70-1024x768.jpeg 1024w, https:\/\/amandus.se\/blogg\/wp-content\/uploads\/2020\/08\/B5B20E07-D4E8-4155-B876-56423BDABA70-300x225.jpeg 300w, https:\/\/amandus.se\/blogg\/wp-content\/uploads\/2020\/08\/B5B20E07-D4E8-4155-B876-56423BDABA70-768x576.jpeg 768w, https:\/\/amandus.se\/blogg\/wp-content\/uploads\/2020\/08\/B5B20E07-D4E8-4155-B876-56423BDABA70-1536x1152.jpeg 1536w, https:\/\/amandus.se\/blogg\/wp-content\/uploads\/2020\/08\/B5B20E07-D4E8-4155-B876-56423BDABA70.jpeg 2048w\" sizes=\"auto, (max-width: 1024px) 100vw, 1024px\" \/><\/figure>\n\n\n\n<p>Nu, 17\/8, har vi landat vid Uskavi camping.  Solen lyser och termometern visar 30,9 grader.<\/p>\n\n\n\n<figure class=\"wp-block-image size-large\"><img loading=\"lazy\" decoding=\"async\" width=\"765\" height=\"1024\" src=\"https:\/\/amandus.se\/blogg\/wp-content\/uploads\/2020\/08\/image-765x1024.jpg\" alt=\"\" class=\"wp-image-2623\" srcset=\"https:\/\/amandus.se\/blogg\/wp-content\/uploads\/2020\/08\/image-765x1024.jpg 765w, https:\/\/amandus.se\/blogg\/wp-content\/uploads\/2020\/08\/image-224x300.jpg 224w, https:\/\/amandus.se\/blogg\/wp-content\/uploads\/2020\/08\/image-768x1028.jpg 768w, https:\/\/amandus.se\/blogg\/wp-content\/uploads\/2020\/08\/image-1147x1536.jpg 1147w, https:\/\/amandus.se\/blogg\/wp-content\/uploads\/2020\/08\/image-1530x2048.jpg 1530w, https:\/\/amandus.se\/blogg\/wp-content\/uploads\/2020\/08\/image-scaled.jpg 1912w\" sizes=\"auto, (max-width: 765px) 100vw, 765px\" \/><\/figure>\n","protected":false},"excerpt":{"rendered":"<p>Torsdagen den 13 augusti \u00e5kte vi mot Uppsala. Det var dags f\u00f6r det framflyttade studentutspringet f\u00f6r v\u00e5rt \u00e4ldsta barnbarn Melvin. Den 14\/8 var vi med p\u00e5 firandet. Efter att ha umg\u00e5tts med sm\u00e5 och stora i Uppsala k\u00f6rde vi till Sala silvergruva. Det var lite v\u00e4l varmt f\u00f6r att vara ute och f\u00f6r m\u00e5nga husbilar &hellip; <a href=\"https:\/\/amandus.se\/blogg\/?p=2617\" class=\"more-link\">Forts\u00e4tt l\u00e4sa <span class=\"screen-reader-text\">Ute med bilen igen<\/span> <span class=\"meta-nav\">&rarr;<\/span><\/a><\/p>\n","protected":false},"author":1,"featured_media":0,"comment_status":"open","ping_status":"open","sticky":false,"template":"","format":"standard","meta":{"footnotes":""},"categories":[4,5,6],"tags":[],"class_list":["post-2617","post","type-post","status-publish","format-standard","hentry","category-ditt-och-datt","category-fjarilarbutterfly","category-sverigesweden"],"_links":{"self":[{"href":"https:\/\/amandus.se\/blogg\/index.php?rest_route=\/wp\/v2\/posts\/2617","targetHints":{"allow":["GET"]}}],"collection":[{"href":"https:\/\/amandus.se\/blogg\/index.php?rest_route=\/wp\/v2\/posts"}],"about":[{"href":"https:\/\/amandus.se\/blogg\/index.php?rest_route=\/wp\/v2\/types\/post"}],"author":[{"embeddable":true,"href":"https:\/\/amandus.se\/blogg\/index.php?rest_route=\/wp\/v2\/users\/1"}],"replies":[{"embeddable":true,"href":"https:\/\/amandus.se\/blogg\/index.php?rest_route=%2Fwp%2Fv2%2Fcomments&post=2617"}],"version-history":[{"count":1,"href":"https:\/\/amandus.se\/blogg\/index.php?rest_route=\/wp\/v2\/posts\/2617\/revisions"}],"predecessor-version":[{"id":2624,"href":"https:\/\/amandus.se\/blogg\/index.php?rest_route=\/wp\/v2\/posts\/2617\/revisions\/2624"}],"wp:attachment":[{"href":"https:\/\/amandus.se\/blogg\/index.php?rest_route=%2Fwp%2Fv2%2Fmedia&parent=2617"}],"wp:term":[{"taxonomy":"category","embeddable":true,"href":"https:\/\/amandus.se\/blogg\/index.php?rest_route=%2Fwp%2Fv2%2Fcategories&post=2617"},{"taxonomy":"post_tag","embeddable":true,"href":"https:\/\/amandus.se\/blogg\/index.php?rest_route=%2Fwp%2Fv2%2Ftags&post=2617"}],"curies":[{"name":"wp","href":"https:\/\/api.w.org\/{rel}","templated":true}]}}