{"id":2626,"date":"2020-09-11T19:18:46","date_gmt":"2020-09-11T17:18:46","guid":{"rendered":"http:\/\/amandus.se\/blogg\/?p=2626"},"modified":"2020-09-11T20:12:48","modified_gmt":"2020-09-11T18:12:48","slug":"on-the-road-again","status":"publish","type":"post","link":"https:\/\/amandus.se\/blogg\/?p=2626","title":{"rendered":"On the road again"},"content":{"rendered":"\n<p>Idag, 11\/9, l\u00e4mnade vi v\u00e5r hemma\u00f6 f\u00f6r resa \u00f6sterut. F\u00e4rjan Kornelia tog oss till fastlandet.<\/p>\n\n\n\n<figure class=\"wp-block-image size-large\"><img loading=\"lazy\" decoding=\"async\" width=\"1024\" height=\"768\" src=\"https:\/\/amandus.se\/blogg\/wp-content\/uploads\/2020\/09\/46695509-FC00-4F76-83FF-F2BD8853AB0A-1024x768.jpeg\" alt=\"\" class=\"wp-image-2627\" srcset=\"https:\/\/amandus.se\/blogg\/wp-content\/uploads\/2020\/09\/46695509-FC00-4F76-83FF-F2BD8853AB0A-1024x768.jpeg 1024w, https:\/\/amandus.se\/blogg\/wp-content\/uploads\/2020\/09\/46695509-FC00-4F76-83FF-F2BD8853AB0A-300x225.jpeg 300w, https:\/\/amandus.se\/blogg\/wp-content\/uploads\/2020\/09\/46695509-FC00-4F76-83FF-F2BD8853AB0A-768x576.jpeg 768w, https:\/\/amandus.se\/blogg\/wp-content\/uploads\/2020\/09\/46695509-FC00-4F76-83FF-F2BD8853AB0A-1536x1152.jpeg 1536w, https:\/\/amandus.se\/blogg\/wp-content\/uploads\/2020\/09\/46695509-FC00-4F76-83FF-F2BD8853AB0A.jpeg 2048w\" sizes=\"auto, (max-width: 1024px) 100vw, 1024px\" \/><\/figure>\n\n\n\n<p>Vi l\u00e4mnade ocks\u00e5 konflikten mellan Greenpeace och Preem. Greenpeace skeppet, Rainbow Warrior, har legat utanf\u00f6r Malm\u00f6n vid inloppet till Brofjorden i flera dagar. Skeppet blockerar b\u00e5tar till och fr\u00e5n Preems raffinaderi.<\/p>\n\n\n\n<figure class=\"wp-block-image size-large\"><img loading=\"lazy\" decoding=\"async\" width=\"1024\" height=\"768\" src=\"https:\/\/amandus.se\/blogg\/wp-content\/uploads\/2020\/09\/D5259DBF-86B0-49AF-A5D5-C22069245BC2-1024x768.jpeg\" alt=\"\" class=\"wp-image-2628\" srcset=\"https:\/\/amandus.se\/blogg\/wp-content\/uploads\/2020\/09\/D5259DBF-86B0-49AF-A5D5-C22069245BC2-1024x768.jpeg 1024w, https:\/\/amandus.se\/blogg\/wp-content\/uploads\/2020\/09\/D5259DBF-86B0-49AF-A5D5-C22069245BC2-300x225.jpeg 300w, https:\/\/amandus.se\/blogg\/wp-content\/uploads\/2020\/09\/D5259DBF-86B0-49AF-A5D5-C22069245BC2-768x576.jpeg 768w, https:\/\/amandus.se\/blogg\/wp-content\/uploads\/2020\/09\/D5259DBF-86B0-49AF-A5D5-C22069245BC2-1536x1152.jpeg 1536w, https:\/\/amandus.se\/blogg\/wp-content\/uploads\/2020\/09\/D5259DBF-86B0-49AF-A5D5-C22069245BC2.jpeg 2048w\" sizes=\"auto, (max-width: 1024px) 100vw, 1024px\" \/><\/figure>\n\n\n\n<p>Efter sju timmars k\u00f6rning n\u00e5dde vi \u00d6land, s\u00e5 roligt att vara h\u00e4r igen. Tredje bes\u00f6ket i \u00e5r. <\/p>\n\n\n\n<figure class=\"wp-block-image size-large\"><img loading=\"lazy\" decoding=\"async\" width=\"1024\" height=\"768\" src=\"https:\/\/amandus.se\/blogg\/wp-content\/uploads\/2020\/09\/61B01A87-3AB0-4BAD-ADD5-20659EFDF71D-1024x768.jpeg\" alt=\"\" class=\"wp-image-2629\" srcset=\"https:\/\/amandus.se\/blogg\/wp-content\/uploads\/2020\/09\/61B01A87-3AB0-4BAD-ADD5-20659EFDF71D-1024x768.jpeg 1024w, https:\/\/amandus.se\/blogg\/wp-content\/uploads\/2020\/09\/61B01A87-3AB0-4BAD-ADD5-20659EFDF71D-300x225.jpeg 300w, https:\/\/amandus.se\/blogg\/wp-content\/uploads\/2020\/09\/61B01A87-3AB0-4BAD-ADD5-20659EFDF71D-768x576.jpeg 768w, https:\/\/amandus.se\/blogg\/wp-content\/uploads\/2020\/09\/61B01A87-3AB0-4BAD-ADD5-20659EFDF71D-1536x1152.jpeg 1536w, https:\/\/amandus.se\/blogg\/wp-content\/uploads\/2020\/09\/61B01A87-3AB0-4BAD-ADD5-20659EFDF71D.jpeg 2048w\" sizes=\"auto, (max-width: 1024px) 100vw, 1024px\" \/><\/figure>\n\n\n\n<p>Nu har vi slagit l\u00e4ger p\u00e5 M\u00f6ckelmossen. <\/p>\n","protected":false},"excerpt":{"rendered":"<p>Idag, 11\/9, l\u00e4mnade vi v\u00e5r hemma\u00f6 f\u00f6r resa \u00f6sterut. F\u00e4rjan Kornelia tog oss till fastlandet. Vi l\u00e4mnade ocks\u00e5 konflikten mellan Greenpeace och Preem. Greenpeace skeppet, Rainbow Warrior, har legat utanf\u00f6r Malm\u00f6n vid inloppet till Brofjorden i flera dagar. Skeppet blockerar b\u00e5tar till och fr\u00e5n Preems raffinaderi. Efter sju timmars k\u00f6rning n\u00e5dde vi \u00d6land, s\u00e5 roligt &hellip; <a href=\"https:\/\/amandus.se\/blogg\/?p=2626\" class=\"more-link\">Forts\u00e4tt l\u00e4sa <span class=\"screen-reader-text\">On the road again<\/span> <span class=\"meta-nav\">&rarr;<\/span><\/a><\/p>\n","protected":false},"author":1,"featured_media":0,"comment_status":"open","ping_status":"open","sticky":false,"template":"","format":"standard","meta":{"footnotes":""},"categories":[4,6],"tags":[],"class_list":["post-2626","post","type-post","status-publish","format-standard","hentry","category-ditt-och-datt","category-sverigesweden"],"_links":{"self":[{"href":"https:\/\/amandus.se\/blogg\/index.php?rest_route=\/wp\/v2\/posts\/2626","targetHints":{"allow":["GET"]}}],"collection":[{"href":"https:\/\/amandus.se\/blogg\/index.php?rest_route=\/wp\/v2\/posts"}],"about":[{"href":"https:\/\/amandus.se\/blogg\/index.php?rest_route=\/wp\/v2\/types\/post"}],"author":[{"embeddable":true,"href":"https:\/\/amandus.se\/blogg\/index.php?rest_route=\/wp\/v2\/users\/1"}],"replies":[{"embeddable":true,"href":"https:\/\/amandus.se\/blogg\/index.php?rest_route=%2Fwp%2Fv2%2Fcomments&post=2626"}],"version-history":[{"count":2,"href":"https:\/\/amandus.se\/blogg\/index.php?rest_route=\/wp\/v2\/posts\/2626\/revisions"}],"predecessor-version":[{"id":2631,"href":"https:\/\/amandus.se\/blogg\/index.php?rest_route=\/wp\/v2\/posts\/2626\/revisions\/2631"}],"wp:attachment":[{"href":"https:\/\/amandus.se\/blogg\/index.php?rest_route=%2Fwp%2Fv2%2Fmedia&parent=2626"}],"wp:term":[{"taxonomy":"category","embeddable":true,"href":"https:\/\/amandus.se\/blogg\/index.php?rest_route=%2Fwp%2Fv2%2Fcategories&post=2626"},{"taxonomy":"post_tag","embeddable":true,"href":"https:\/\/amandus.se\/blogg\/index.php?rest_route=%2Fwp%2Fv2%2Ftags&post=2626"}],"curies":[{"name":"wp","href":"https:\/\/api.w.org\/{rel}","templated":true}]}}