{"id":2642,"date":"2020-09-18T15:23:20","date_gmt":"2020-09-18T13:23:20","guid":{"rendered":"http:\/\/amandus.se\/blogg\/?p=2642"},"modified":"2020-09-18T15:23:30","modified_gmt":"2020-09-18T13:23:30","slug":"nu-ar-vi-i-gronhogen","status":"publish","type":"post","link":"https:\/\/amandus.se\/blogg\/?p=2642","title":{"rendered":"Nu \u00e4r vi i Gr\u00f6nh\u00f6gen"},"content":{"rendered":"\n<p>Lysningen p\u00e5 M\u00f6ckelmossen, 15\/9, gav inget nytt. Det kom en skymningssv\u00e4rmare, n\u00e5got sent p\u00e5 s\u00e4songen, den brukar flyga i juni, juli.<\/p>\n\n\n\n<p>Vi \u00e5kte till Sandbyborg, d\u00e4r vi slog l\u00e4ger. Det bl\u00e5ste rej\u00e4lt s\u00e5 vi h\u00f6ll oss inne och tittade p\u00e5 den vackra solnedg\u00e5ngen.<\/p>\n\n\n\n<figure class=\"wp-block-image size-large\"><img loading=\"lazy\" decoding=\"async\" width=\"640\" height=\"480\" src=\"https:\/\/amandus.se\/blogg\/wp-content\/uploads\/2020\/09\/IMG_1342-1.jpg\" alt=\"\" class=\"wp-image-2647\" srcset=\"https:\/\/amandus.se\/blogg\/wp-content\/uploads\/2020\/09\/IMG_1342-1.jpg 640w, https:\/\/amandus.se\/blogg\/wp-content\/uploads\/2020\/09\/IMG_1342-1-300x225.jpg 300w\" sizes=\"auto, (max-width: 640px) 100vw, 640px\" \/><\/figure>\n\n\n\n<p>I g\u00e5r, 17\/9, \u00e5kte vi och t\u00f6mde f\u00e4llor vi haft vid G\u00e5rdby sandf\u00e4lt. Det var flera ordensband i f\u00e4llorna men de fick flyga iv\u00e4g. Vi har inte gift i f\u00e4llorna bara bete s\u00e5 de har kalas i burken medan de v\u00e4ntar p\u00e5 att sl\u00e4ppas. <\/p>\n\n\n\n<figure class=\"wp-block-gallery columns-2 is-cropped wp-block-gallery-1 is-layout-flex wp-block-gallery-is-layout-flex\"><ul class=\"blocks-gallery-grid\"><li class=\"blocks-gallery-item\"><figure><img loading=\"lazy\" decoding=\"async\" width=\"640\" height=\"480\" src=\"https:\/\/amandus.se\/blogg\/wp-content\/uploads\/2020\/09\/IMG_1334.jpg\" alt=\"\" data-id=\"2643\" data-full-url=\"https:\/\/amandus.se\/blogg\/wp-content\/uploads\/2020\/09\/IMG_1334.jpg\" data-link=\"https:\/\/amandus.se\/blogg\/?attachment_id=2643\" class=\"wp-image-2643\" srcset=\"https:\/\/amandus.se\/blogg\/wp-content\/uploads\/2020\/09\/IMG_1334.jpg 640w, https:\/\/amandus.se\/blogg\/wp-content\/uploads\/2020\/09\/IMG_1334-300x225.jpg 300w\" sizes=\"auto, (max-width: 640px) 100vw, 640px\" \/><figcaption class=\"blocks-gallery-item__caption\">Anders har h\u00e4mtat in en f\u00e4lla<\/figcaption><\/figure><\/li><li class=\"blocks-gallery-item\"><figure><img loading=\"lazy\" decoding=\"async\" width=\"480\" height=\"640\" src=\"https:\/\/amandus.se\/blogg\/wp-content\/uploads\/2020\/09\/IMG_1335-rotated.jpg\" alt=\"\" data-id=\"2644\" data-full-url=\"https:\/\/amandus.se\/blogg\/wp-content\/uploads\/2020\/09\/IMG_1335-rotated.jpg\" data-link=\"https:\/\/amandus.se\/blogg\/?attachment_id=2644\" class=\"wp-image-2644\" srcset=\"https:\/\/amandus.se\/blogg\/wp-content\/uploads\/2020\/09\/IMG_1335-rotated.jpg 480w, https:\/\/amandus.se\/blogg\/wp-content\/uploads\/2020\/09\/IMG_1335-225x300.jpg 225w\" sizes=\"auto, (max-width: 480px) 100vw, 480px\" \/><figcaption class=\"blocks-gallery-item__caption\">Ordensband redo att lyfta<\/figcaption><\/figure><\/li><\/ul><\/figure>\n\n\n\n<p>P\u00e5 eftermiddagen \u00e5kte vi till Gr\u00f6nh\u00f6gens st\u00e4llplats. Vi har varit ute en vecka s\u00e5 det var dags att ladda alla batterier. St\u00e4llplatsen \u00e4r flyttad fr\u00e5n hamnen till ett gammalt fabriksomr\u00e5de en bit fr\u00e5n hamnen. <\/p>\n\n\n\n<figure class=\"wp-block-image size-large\"><img loading=\"lazy\" decoding=\"async\" width=\"640\" height=\"480\" src=\"https:\/\/amandus.se\/blogg\/wp-content\/uploads\/2020\/09\/IMG_1356.jpg\" alt=\"\" class=\"wp-image-2645\" srcset=\"https:\/\/amandus.se\/blogg\/wp-content\/uploads\/2020\/09\/IMG_1356.jpg 640w, https:\/\/amandus.se\/blogg\/wp-content\/uploads\/2020\/09\/IMG_1356-300x225.jpg 300w\" sizes=\"auto, (max-width: 640px) 100vw, 640px\" \/><figcaption><strong><span class=\"has-inline-color has-black-color\">Bilarna st\u00e5r med Corona avst\u00e5nd och v\u00e4nda s\u00e5 man kan se solnedg\u00e5ngen \u00f6ver havet p\u00e5 kv\u00e4llen<\/span><\/strong><\/figcaption><\/figure>\n\n\n\n<p>I dag, 18\/9, har vi promenerat runt i Gr\u00f6nh\u00f6gen. Anders passade p\u00e5 att slagh\u00e5va efter larver. <\/p>\n\n\n\n<figure class=\"wp-block-image size-large\"><img loading=\"lazy\" decoding=\"async\" width=\"640\" height=\"480\" src=\"https:\/\/amandus.se\/blogg\/wp-content\/uploads\/2020\/09\/IMG_1353.jpg\" alt=\"\" class=\"wp-image-2648\" srcset=\"https:\/\/amandus.se\/blogg\/wp-content\/uploads\/2020\/09\/IMG_1353.jpg 640w, https:\/\/amandus.se\/blogg\/wp-content\/uploads\/2020\/09\/IMG_1353-300x225.jpg 300w\" sizes=\"auto, (max-width: 640px) 100vw, 640px\" \/><figcaption> <\/figcaption><\/figure>\n","protected":false},"excerpt":{"rendered":"<p>Lysningen p\u00e5 M\u00f6ckelmossen, 15\/9, gav inget nytt. Det kom en skymningssv\u00e4rmare, n\u00e5got sent p\u00e5 s\u00e4songen, den brukar flyga i juni, juli. Vi \u00e5kte till Sandbyborg, d\u00e4r vi slog l\u00e4ger. Det bl\u00e5ste rej\u00e4lt s\u00e5 vi h\u00f6ll oss inne och tittade p\u00e5 den vackra solnedg\u00e5ngen. I g\u00e5r, 17\/9, \u00e5kte vi och t\u00f6mde f\u00e4llor vi haft vid G\u00e5rdby &hellip; <a href=\"https:\/\/amandus.se\/blogg\/?p=2642\" class=\"more-link\">Forts\u00e4tt l\u00e4sa <span class=\"screen-reader-text\">Nu \u00e4r vi i Gr\u00f6nh\u00f6gen<\/span> <span class=\"meta-nav\">&rarr;<\/span><\/a><\/p>\n","protected":false},"author":1,"featured_media":0,"comment_status":"open","ping_status":"open","sticky":false,"template":"","format":"standard","meta":{"footnotes":""},"categories":[4,5,6],"tags":[],"class_list":["post-2642","post","type-post","status-publish","format-standard","hentry","category-ditt-och-datt","category-fjarilarbutterfly","category-sverigesweden"],"_links":{"self":[{"href":"https:\/\/amandus.se\/blogg\/index.php?rest_route=\/wp\/v2\/posts\/2642","targetHints":{"allow":["GET"]}}],"collection":[{"href":"https:\/\/amandus.se\/blogg\/index.php?rest_route=\/wp\/v2\/posts"}],"about":[{"href":"https:\/\/amandus.se\/blogg\/index.php?rest_route=\/wp\/v2\/types\/post"}],"author":[{"embeddable":true,"href":"https:\/\/amandus.se\/blogg\/index.php?rest_route=\/wp\/v2\/users\/1"}],"replies":[{"embeddable":true,"href":"https:\/\/amandus.se\/blogg\/index.php?rest_route=%2Fwp%2Fv2%2Fcomments&post=2642"}],"version-history":[{"count":1,"href":"https:\/\/amandus.se\/blogg\/index.php?rest_route=\/wp\/v2\/posts\/2642\/revisions"}],"predecessor-version":[{"id":2649,"href":"https:\/\/amandus.se\/blogg\/index.php?rest_route=\/wp\/v2\/posts\/2642\/revisions\/2649"}],"wp:attachment":[{"href":"https:\/\/amandus.se\/blogg\/index.php?rest_route=%2Fwp%2Fv2%2Fmedia&parent=2642"}],"wp:term":[{"taxonomy":"category","embeddable":true,"href":"https:\/\/amandus.se\/blogg\/index.php?rest_route=%2Fwp%2Fv2%2Fcategories&post=2642"},{"taxonomy":"post_tag","embeddable":true,"href":"https:\/\/amandus.se\/blogg\/index.php?rest_route=%2Fwp%2Fv2%2Ftags&post=2642"}],"curies":[{"name":"wp","href":"https:\/\/api.w.org\/{rel}","templated":true}]}}