{"id":2651,"date":"2020-09-21T19:08:46","date_gmt":"2020-09-21T17:08:46","guid":{"rendered":"http:\/\/amandus.se\/blogg\/?p=2651"},"modified":"2020-09-21T20:19:03","modified_gmt":"2020-09-21T18:19:03","slug":"solen-flodar-over-oland","status":"publish","type":"post","link":"https:\/\/amandus.se\/blogg\/?p=2651","title":{"rendered":"Solen fl\u00f6dar \u00f6ver \u00d6land"},"content":{"rendered":"\n<p>I g\u00e5r, 20\/9, \u00e5kte vi till Ottenby, \u00d6lands s\u00f6dra udde. Det var en hel del f\u00e5gelsk\u00e5dare d\u00e4r. L\u00e5nge Jan \u00e4r alltid v\u00e4rd att hamna p\u00e5 bild. <\/p>\n\n\n\n<figure class=\"wp-block-image size-large\"><img loading=\"lazy\" decoding=\"async\" width=\"768\" height=\"1024\" src=\"https:\/\/amandus.se\/blogg\/wp-content\/uploads\/2020\/09\/799B87AB-CEA2-48D2-A2BA-54C85042396B-768x1024.jpeg\" alt=\"\" class=\"wp-image-2652\" srcset=\"https:\/\/amandus.se\/blogg\/wp-content\/uploads\/2020\/09\/799B87AB-CEA2-48D2-A2BA-54C85042396B-768x1024.jpeg 768w, https:\/\/amandus.se\/blogg\/wp-content\/uploads\/2020\/09\/799B87AB-CEA2-48D2-A2BA-54C85042396B-225x300.jpeg 225w, https:\/\/amandus.se\/blogg\/wp-content\/uploads\/2020\/09\/799B87AB-CEA2-48D2-A2BA-54C85042396B-1152x1536.jpeg 1152w, https:\/\/amandus.se\/blogg\/wp-content\/uploads\/2020\/09\/799B87AB-CEA2-48D2-A2BA-54C85042396B.jpeg 1536w\" sizes=\"auto, (max-width: 768px) 100vw, 768px\" \/><figcaption>L\u00e5nge Jan<\/figcaption><\/figure>\n\n\n\n<p>Efter diverse ink\u00f6p och mat p\u00e5 stan \u00e5kte vi till G\u00e5rdby sandhed. Det var dags att l\u00e5ta lampan lysa \u00f6ver sandheden. Ibland blir det slapplys. Vilket inneb\u00e4r att lakanet med lampa st\u00e5r vid bilen och Anders kan sitta inne och fika medan fj\u00e4rilarna hopas :) Det var inget st\u00f6rre drag! <\/p>\n\n\n\n<figure class=\"wp-block-image size-large\"><img loading=\"lazy\" decoding=\"async\" width=\"1024\" height=\"768\" src=\"https:\/\/amandus.se\/blogg\/wp-content\/uploads\/2020\/09\/681B5F2E-43D9-4E76-9390-14C805AF9652-1024x768.jpeg\" alt=\"\" class=\"wp-image-2653\" srcset=\"https:\/\/amandus.se\/blogg\/wp-content\/uploads\/2020\/09\/681B5F2E-43D9-4E76-9390-14C805AF9652-1024x768.jpeg 1024w, https:\/\/amandus.se\/blogg\/wp-content\/uploads\/2020\/09\/681B5F2E-43D9-4E76-9390-14C805AF9652-300x225.jpeg 300w, https:\/\/amandus.se\/blogg\/wp-content\/uploads\/2020\/09\/681B5F2E-43D9-4E76-9390-14C805AF9652-768x576.jpeg 768w, https:\/\/amandus.se\/blogg\/wp-content\/uploads\/2020\/09\/681B5F2E-43D9-4E76-9390-14C805AF9652-1536x1152.jpeg 1536w, https:\/\/amandus.se\/blogg\/wp-content\/uploads\/2020\/09\/681B5F2E-43D9-4E76-9390-14C805AF9652.jpeg 2048w\" sizes=\"auto, (max-width: 1024px) 100vw, 1024px\" \/><figcaption>Inga fj\u00e4rilar hamnade i burken<\/figcaption><\/figure>\n\n\n\n<p>I dag, 21\/9, var vi och tittade p\u00e5 \u00e5rets l\u00f6ktavla. F\u00f6rst\u00e5r om ni alla v\u00e4ntat p\u00e5 att se vad den f\u00f6rest\u00e4ller i \u00e5r ;) En Coronasymbol och husbilar, s\u00e5 har \u00d6landssommaren varit. <\/p>\n\n\n\n<figure class=\"wp-block-image size-large\"><img loading=\"lazy\" decoding=\"async\" width=\"1024\" height=\"548\" src=\"https:\/\/amandus.se\/blogg\/wp-content\/uploads\/2020\/09\/37E37E03-A638-4D67-9FB0-4D9877EE1612-1024x548.jpeg\" alt=\"\" class=\"wp-image-2654\" srcset=\"https:\/\/amandus.se\/blogg\/wp-content\/uploads\/2020\/09\/37E37E03-A638-4D67-9FB0-4D9877EE1612-1024x548.jpeg 1024w, https:\/\/amandus.se\/blogg\/wp-content\/uploads\/2020\/09\/37E37E03-A638-4D67-9FB0-4D9877EE1612-300x160.jpeg 300w, https:\/\/amandus.se\/blogg\/wp-content\/uploads\/2020\/09\/37E37E03-A638-4D67-9FB0-4D9877EE1612-768x411.jpeg 768w, https:\/\/amandus.se\/blogg\/wp-content\/uploads\/2020\/09\/37E37E03-A638-4D67-9FB0-4D9877EE1612-1536x822.jpeg 1536w, https:\/\/amandus.se\/blogg\/wp-content\/uploads\/2020\/09\/37E37E03-A638-4D67-9FB0-4D9877EE1612-2048x1095.jpeg 2048w\" sizes=\"auto, (max-width: 1024px) 100vw, 1024px\" \/><\/figure>\n\n\n\n<p>Efter att vi handlat n\u00e5gra olika sorters marmelad i g\u00e5rdsbutiken \u00e5kte vi mot Kastl\u00f6sa. Vi gick en promenad p\u00e5 Pen\u00e5saleden.  Leden g\u00e5r l\u00e4ngs den gamla j\u00e4rnv\u00e4gsbanken. Blandad natur med skog och alvarmark. Det finns m\u00e5nga vackra stenmurar l\u00e4ngs leden. M\u00e5let var Pen\u00e5sa \u00f6deby. \u00d6de var den det fanns bara n\u00e5gra stenrester kvar. <\/p>\n\n\n\n<figure class=\"wp-block-image size-large\"><img loading=\"lazy\" decoding=\"async\" width=\"1024\" height=\"768\" src=\"https:\/\/amandus.se\/blogg\/wp-content\/uploads\/2020\/09\/C34686BF-577C-4753-952D-EB448D71F231-1024x768.jpeg\" alt=\"\" class=\"wp-image-2658\" srcset=\"https:\/\/amandus.se\/blogg\/wp-content\/uploads\/2020\/09\/C34686BF-577C-4753-952D-EB448D71F231-1024x768.jpeg 1024w, https:\/\/amandus.se\/blogg\/wp-content\/uploads\/2020\/09\/C34686BF-577C-4753-952D-EB448D71F231-300x225.jpeg 300w, https:\/\/amandus.se\/blogg\/wp-content\/uploads\/2020\/09\/C34686BF-577C-4753-952D-EB448D71F231-768x576.jpeg 768w, https:\/\/amandus.se\/blogg\/wp-content\/uploads\/2020\/09\/C34686BF-577C-4753-952D-EB448D71F231-1536x1152.jpeg 1536w, https:\/\/amandus.se\/blogg\/wp-content\/uploads\/2020\/09\/C34686BF-577C-4753-952D-EB448D71F231.jpeg 2048w\" sizes=\"auto, (max-width: 1024px) 100vw, 1024px\" \/><\/figure>\n\n\n\n<p>Nu har vi slagit l\u00e4ger vid M\u00f6ckelmossen. G\u00f4tt i solen!<\/p>\n\n\n\n<figure class=\"wp-block-image size-large\"><img loading=\"lazy\" decoding=\"async\" width=\"1024\" height=\"571\" src=\"https:\/\/amandus.se\/blogg\/wp-content\/uploads\/2020\/09\/9A615619-42BE-441B-9BB2-AAAE01C41B09-1024x571.jpeg\" alt=\"\" class=\"wp-image-2655\" srcset=\"https:\/\/amandus.se\/blogg\/wp-content\/uploads\/2020\/09\/9A615619-42BE-441B-9BB2-AAAE01C41B09-1024x571.jpeg 1024w, https:\/\/amandus.se\/blogg\/wp-content\/uploads\/2020\/09\/9A615619-42BE-441B-9BB2-AAAE01C41B09-300x167.jpeg 300w, https:\/\/amandus.se\/blogg\/wp-content\/uploads\/2020\/09\/9A615619-42BE-441B-9BB2-AAAE01C41B09-768x429.jpeg 768w, https:\/\/amandus.se\/blogg\/wp-content\/uploads\/2020\/09\/9A615619-42BE-441B-9BB2-AAAE01C41B09-1536x857.jpeg 1536w, https:\/\/amandus.se\/blogg\/wp-content\/uploads\/2020\/09\/9A615619-42BE-441B-9BB2-AAAE01C41B09-2048x1143.jpeg 2048w\" sizes=\"auto, (max-width: 1024px) 100vw, 1024px\" \/><\/figure>\n","protected":false},"excerpt":{"rendered":"<p>I g\u00e5r, 20\/9, \u00e5kte vi till Ottenby, \u00d6lands s\u00f6dra udde. Det var en hel del f\u00e5gelsk\u00e5dare d\u00e4r. L\u00e5nge Jan \u00e4r alltid v\u00e4rd att hamna p\u00e5 bild. Efter diverse ink\u00f6p och mat p\u00e5 stan \u00e5kte vi till G\u00e5rdby sandhed. Det var dags att l\u00e5ta lampan lysa \u00f6ver sandheden. Ibland blir det slapplys. Vilket inneb\u00e4r att lakanet &hellip; <a href=\"https:\/\/amandus.se\/blogg\/?p=2651\" class=\"more-link\">Forts\u00e4tt l\u00e4sa <span class=\"screen-reader-text\">Solen fl\u00f6dar \u00f6ver \u00d6land<\/span> <span class=\"meta-nav\">&rarr;<\/span><\/a><\/p>\n","protected":false},"author":1,"featured_media":0,"comment_status":"open","ping_status":"open","sticky":false,"template":"","format":"standard","meta":{"footnotes":""},"categories":[4,5,6],"tags":[],"class_list":["post-2651","post","type-post","status-publish","format-standard","hentry","category-ditt-och-datt","category-fjarilarbutterfly","category-sverigesweden"],"_links":{"self":[{"href":"https:\/\/amandus.se\/blogg\/index.php?rest_route=\/wp\/v2\/posts\/2651","targetHints":{"allow":["GET"]}}],"collection":[{"href":"https:\/\/amandus.se\/blogg\/index.php?rest_route=\/wp\/v2\/posts"}],"about":[{"href":"https:\/\/amandus.se\/blogg\/index.php?rest_route=\/wp\/v2\/types\/post"}],"author":[{"embeddable":true,"href":"https:\/\/amandus.se\/blogg\/index.php?rest_route=\/wp\/v2\/users\/1"}],"replies":[{"embeddable":true,"href":"https:\/\/amandus.se\/blogg\/index.php?rest_route=%2Fwp%2Fv2%2Fcomments&post=2651"}],"version-history":[{"count":4,"href":"https:\/\/amandus.se\/blogg\/index.php?rest_route=\/wp\/v2\/posts\/2651\/revisions"}],"predecessor-version":[{"id":2660,"href":"https:\/\/amandus.se\/blogg\/index.php?rest_route=\/wp\/v2\/posts\/2651\/revisions\/2660"}],"wp:attachment":[{"href":"https:\/\/amandus.se\/blogg\/index.php?rest_route=%2Fwp%2Fv2%2Fmedia&parent=2651"}],"wp:term":[{"taxonomy":"category","embeddable":true,"href":"https:\/\/amandus.se\/blogg\/index.php?rest_route=%2Fwp%2Fv2%2Fcategories&post=2651"},{"taxonomy":"post_tag","embeddable":true,"href":"https:\/\/amandus.se\/blogg\/index.php?rest_route=%2Fwp%2Fv2%2Ftags&post=2651"}],"curies":[{"name":"wp","href":"https:\/\/api.w.org\/{rel}","templated":true}]}}