{"id":2679,"date":"2021-06-09T14:51:09","date_gmt":"2021-06-09T12:51:09","guid":{"rendered":"http:\/\/amandus.se\/blogg\/?p=2679"},"modified":"2021-06-09T14:51:48","modified_gmt":"2021-06-09T12:51:48","slug":"vastgotatur-i-maj","status":"publish","type":"post","link":"https:\/\/amandus.se\/blogg\/?p=2679","title":{"rendered":"V\u00e4stg\u00f6tatur i maj"},"content":{"rendered":"\n<p>\u00c5rets f\u00f6rsta resa blev en tur till gamla hemtrakter, V\u00e4sterg\u00f6tland.<\/p>\n\n\n\n<figure class=\"wp-block-image size-large is-resized\"><img loading=\"lazy\" decoding=\"async\" src=\"https:\/\/amandus.se\/blogg\/wp-content\/uploads\/2021\/06\/IMG_1982-1024x768.jpg\" alt=\"\" class=\"wp-image-2680\" width=\"314\" height=\"236\" srcset=\"https:\/\/amandus.se\/blogg\/wp-content\/uploads\/2021\/06\/IMG_1982-1024x768.jpg 1024w, https:\/\/amandus.se\/blogg\/wp-content\/uploads\/2021\/06\/IMG_1982-300x225.jpg 300w, https:\/\/amandus.se\/blogg\/wp-content\/uploads\/2021\/06\/IMG_1982-768x576.jpg 768w, https:\/\/amandus.se\/blogg\/wp-content\/uploads\/2021\/06\/IMG_1982-1536x1152.jpg 1536w, https:\/\/amandus.se\/blogg\/wp-content\/uploads\/2021\/06\/IMG_1982.jpg 2016w\" sizes=\"auto, (max-width: 314px) 100vw, 314px\" \/><figcaption> 10 maj<span class=\"has-inline-color has-black-color\"> F\u00f6rsta stoppet blev Trandansen. Det var bara ett f\u00e5tal tranor kvar<\/span>. <\/figcaption><\/figure>\n\n\n\n<p>Vi \u00e5kte till Sk\u00f6vde f\u00f6r att shoppa och k\u00f6pa pizza. I dessa coronatider har vi inte \u00e4tit pizza p\u00e5 8 m\u00e5nader. Det finns ingen pizzeria p\u00e5 v\u00e5r \u00f6.<\/p>\n\n\n\n<figure class=\"wp-block-image size-large is-resized is-style-rounded\"><img loading=\"lazy\" decoding=\"async\" src=\"https:\/\/amandus.se\/blogg\/wp-content\/uploads\/2021\/06\/IMG_1984-1024x768.jpg\" alt=\"\" class=\"wp-image-2681\" width=\"288\" height=\"216\" srcset=\"https:\/\/amandus.se\/blogg\/wp-content\/uploads\/2021\/06\/IMG_1984-1024x768.jpg 1024w, https:\/\/amandus.se\/blogg\/wp-content\/uploads\/2021\/06\/IMG_1984-300x225.jpg 300w, https:\/\/amandus.se\/blogg\/wp-content\/uploads\/2021\/06\/IMG_1984-768x576.jpg 768w, https:\/\/amandus.se\/blogg\/wp-content\/uploads\/2021\/06\/IMG_1984-1536x1152.jpg 1536w, https:\/\/amandus.se\/blogg\/wp-content\/uploads\/2021\/06\/IMG_1984.jpg 2016w\" sizes=\"auto, (max-width: 288px) 100vw, 288px\" \/><\/figure>\n\n\n\n<p>Vi bes\u00f6kte S\u00f6dra Ryd i Sk\u00f6vde d\u00e4r vi bodde 1975 &#8211; 1992. Det hade inte f\u00f6r\u00e4ndrats s\u00e5 mycket.<\/p>\n\n\n\n<figure class=\"wp-block-image size-large is-resized\"><img loading=\"lazy\" decoding=\"async\" src=\"https:\/\/amandus.se\/blogg\/wp-content\/uploads\/2021\/06\/IMG_1986-1024x768.jpg\" alt=\"\" class=\"wp-image-2682\" width=\"357\" height=\"268\" srcset=\"https:\/\/amandus.se\/blogg\/wp-content\/uploads\/2021\/06\/IMG_1986-1024x768.jpg 1024w, https:\/\/amandus.se\/blogg\/wp-content\/uploads\/2021\/06\/IMG_1986-300x225.jpg 300w, https:\/\/amandus.se\/blogg\/wp-content\/uploads\/2021\/06\/IMG_1986-768x576.jpg 768w, https:\/\/amandus.se\/blogg\/wp-content\/uploads\/2021\/06\/IMG_1986-1536x1152.jpg 1536w, https:\/\/amandus.se\/blogg\/wp-content\/uploads\/2021\/06\/IMG_1986.jpg 2016w\" sizes=\"auto, (max-width: 357px) 100vw, 357px\" \/><figcaption>S\u00f6dra Ryds centrum<\/figcaption><\/figure>\n\n\n\n<p>Denna g\u00e5ngen var inte fj\u00e4rilsjakt huvudsyftet utan bara att se andra vyer \u00e4n hemma. <\/p>\n\n\n\n<figure class=\"wp-block-image size-large is-resized\"><img loading=\"lazy\" decoding=\"async\" src=\"https:\/\/amandus.se\/blogg\/wp-content\/uploads\/2021\/06\/64252493823__C1804E45-9ADC-4D0E-A8E2-F518F401D5BE-1024x768.jpg\" alt=\"\" class=\"wp-image-2683\" width=\"263\" height=\"197\" srcset=\"https:\/\/amandus.se\/blogg\/wp-content\/uploads\/2021\/06\/64252493823__C1804E45-9ADC-4D0E-A8E2-F518F401D5BE-1024x768.jpg 1024w, https:\/\/amandus.se\/blogg\/wp-content\/uploads\/2021\/06\/64252493823__C1804E45-9ADC-4D0E-A8E2-F518F401D5BE-300x225.jpg 300w, https:\/\/amandus.se\/blogg\/wp-content\/uploads\/2021\/06\/64252493823__C1804E45-9ADC-4D0E-A8E2-F518F401D5BE-768x576.jpg 768w, https:\/\/amandus.se\/blogg\/wp-content\/uploads\/2021\/06\/64252493823__C1804E45-9ADC-4D0E-A8E2-F518F401D5BE-1536x1152.jpg 1536w, https:\/\/amandus.se\/blogg\/wp-content\/uploads\/2021\/06\/64252493823__C1804E45-9ADC-4D0E-A8E2-F518F401D5BE.jpg 2016w\" sizes=\"auto, (max-width: 263px) 100vw, 263px\" \/><figcaption>Nolmarken utanf\u00f6r Sk\u00f6vde \u00e4r ett fint litet naturomr\u00e5de<\/figcaption><\/figure>\n\n\n\n<p>Den 15 maj \u00e5terv\u00e4nde vi till v\u00e5r hemmahamn, Malm\u00f6n.<\/p>\n\n\n\n<figure class=\"wp-block-image size-large is-resized is-style-rounded\"><img loading=\"lazy\" decoding=\"async\" src=\"https:\/\/amandus.se\/blogg\/wp-content\/uploads\/2021\/06\/IMG_2004-kopiera-1024x464.jpg\" alt=\"\" class=\"wp-image-2684\" width=\"396\" height=\"179\" srcset=\"https:\/\/amandus.se\/blogg\/wp-content\/uploads\/2021\/06\/IMG_2004-kopiera-1024x464.jpg 1024w, https:\/\/amandus.se\/blogg\/wp-content\/uploads\/2021\/06\/IMG_2004-kopiera-300x136.jpg 300w, https:\/\/amandus.se\/blogg\/wp-content\/uploads\/2021\/06\/IMG_2004-kopiera-768x348.jpg 768w, https:\/\/amandus.se\/blogg\/wp-content\/uploads\/2021\/06\/IMG_2004-kopiera-1536x695.jpg 1536w, https:\/\/amandus.se\/blogg\/wp-content\/uploads\/2021\/06\/IMG_2004-kopiera.jpg 2048w\" sizes=\"auto, (max-width: 396px) 100vw, 396px\" \/><figcaption>Malm\u00f6n sett fr\u00e5n Malm\u00f6nbukten<\/figcaption><\/figure>\n\n\n\n<p><\/p>\n","protected":false},"excerpt":{"rendered":"<p>\u00c5rets f\u00f6rsta resa blev en tur till gamla hemtrakter, V\u00e4sterg\u00f6tland. Vi \u00e5kte till Sk\u00f6vde f\u00f6r att shoppa och k\u00f6pa pizza. I dessa coronatider har vi inte \u00e4tit pizza p\u00e5 8 m\u00e5nader. Det finns ingen pizzeria p\u00e5 v\u00e5r \u00f6. Vi bes\u00f6kte S\u00f6dra Ryd i Sk\u00f6vde d\u00e4r vi bodde 1975 &#8211; 1992. Det hade inte f\u00f6r\u00e4ndrats s\u00e5 &hellip; <a href=\"https:\/\/amandus.se\/blogg\/?p=2679\" class=\"more-link\">Forts\u00e4tt l\u00e4sa <span class=\"screen-reader-text\">V\u00e4stg\u00f6tatur i maj<\/span> <span class=\"meta-nav\">&rarr;<\/span><\/a><\/p>\n","protected":false},"author":1,"featured_media":0,"comment_status":"open","ping_status":"open","sticky":false,"template":"","format":"standard","meta":{"footnotes":""},"categories":[4,6],"tags":[],"class_list":["post-2679","post","type-post","status-publish","format-standard","hentry","category-ditt-och-datt","category-sverigesweden"],"_links":{"self":[{"href":"https:\/\/amandus.se\/blogg\/index.php?rest_route=\/wp\/v2\/posts\/2679","targetHints":{"allow":["GET"]}}],"collection":[{"href":"https:\/\/amandus.se\/blogg\/index.php?rest_route=\/wp\/v2\/posts"}],"about":[{"href":"https:\/\/amandus.se\/blogg\/index.php?rest_route=\/wp\/v2\/types\/post"}],"author":[{"embeddable":true,"href":"https:\/\/amandus.se\/blogg\/index.php?rest_route=\/wp\/v2\/users\/1"}],"replies":[{"embeddable":true,"href":"https:\/\/amandus.se\/blogg\/index.php?rest_route=%2Fwp%2Fv2%2Fcomments&post=2679"}],"version-history":[{"count":2,"href":"https:\/\/amandus.se\/blogg\/index.php?rest_route=\/wp\/v2\/posts\/2679\/revisions"}],"predecessor-version":[{"id":2686,"href":"https:\/\/amandus.se\/blogg\/index.php?rest_route=\/wp\/v2\/posts\/2679\/revisions\/2686"}],"wp:attachment":[{"href":"https:\/\/amandus.se\/blogg\/index.php?rest_route=%2Fwp%2Fv2%2Fmedia&parent=2679"}],"wp:term":[{"taxonomy":"category","embeddable":true,"href":"https:\/\/amandus.se\/blogg\/index.php?rest_route=%2Fwp%2Fv2%2Fcategories&post=2679"},{"taxonomy":"post_tag","embeddable":true,"href":"https:\/\/amandus.se\/blogg\/index.php?rest_route=%2Fwp%2Fv2%2Ftags&post=2679"}],"curies":[{"name":"wp","href":"https:\/\/api.w.org\/{rel}","templated":true}]}}