{"id":2769,"date":"2021-08-27T21:39:37","date_gmt":"2021-08-27T19:39:37","guid":{"rendered":"http:\/\/amandus.se\/blogg\/?p=2769"},"modified":"2021-08-27T21:40:12","modified_gmt":"2021-08-27T19:40:12","slug":"antligen-pa-vag-igen","status":"publish","type":"post","link":"https:\/\/amandus.se\/blogg\/?p=2769","title":{"rendered":"\u00c4ntligen p\u00e5 v\u00e4g igen"},"content":{"rendered":"\n<p>Tanken var att vi skulle \u00e5kt en tur till Sk\u00e5ne i slutet av juli men s\u00e5 blev det inte. Det kom ett riktigt skyfall \u00f6ver Malm\u00f6n och vi fick k\u00e4llaren vattenfylld f\u00f6r andra g\u00e5ngen p\u00e5 fyra \u00e5r. Det var bara att stanna hemma och \u00f6sa vatten, fixa maskiner som g\u00e5tt s\u00f6nder och st\u00e4da.<\/p>\n\n\n\n<p>I m\u00e5ndags, 23 augusti, gav vi oss \u00e4ntligen iv\u00e4g. Vi l\u00e4mnade en solig \u00f6 och \u00e5kte mot \u00d6land.<\/p>\n\n\n\n<figure class=\"wp-block-image size-full\"><img loading=\"lazy\" decoding=\"async\" width=\"639\" height=\"417\" src=\"https:\/\/amandus.se\/blogg\/wp-content\/uploads\/2021\/08\/IMG_2542-kopiera.jpg\" alt=\"\" class=\"wp-image-2770\" srcset=\"https:\/\/amandus.se\/blogg\/wp-content\/uploads\/2021\/08\/IMG_2542-kopiera.jpg 639w, https:\/\/amandus.se\/blogg\/wp-content\/uploads\/2021\/08\/IMG_2542-kopiera-300x196.jpg 300w\" sizes=\"auto, (max-width: 639px) 100vw, 639px\" \/><figcaption>F\u00e4rjan tar oss till fastlandet<\/figcaption><\/figure>\n\n\n\n<p>Ett soligt \u00d6land m\u00f6tte oss<\/p>\n\n\n\n<figure class=\"wp-block-image size-full\"><img loading=\"lazy\" decoding=\"async\" width=\"419\" height=\"295\" src=\"https:\/\/amandus.se\/blogg\/wp-content\/uploads\/2021\/08\/IMG_2543-kopiera.jpg\" alt=\"\" class=\"wp-image-2771\" srcset=\"https:\/\/amandus.se\/blogg\/wp-content\/uploads\/2021\/08\/IMG_2543-kopiera.jpg 419w, https:\/\/amandus.se\/blogg\/wp-content\/uploads\/2021\/08\/IMG_2543-kopiera-300x211.jpg 300w\" sizes=\"auto, (max-width: 419px) 100vw, 419px\" \/><figcaption>\u00d6land <\/figcaption><\/figure>\n\n\n\n<p>Anders fick n\u00e5gra fina larvbilder l\u00e4ngs v\u00e4gen mellan Resmo och Sten\u00e5sa<\/p>\n\n\n\n<figure class=\"wp-block-image size-large\"><img loading=\"lazy\" decoding=\"async\" width=\"683\" height=\"1024\" src=\"https:\/\/amandus.se\/blogg\/wp-content\/uploads\/2021\/08\/IMG_8319-683x1024.jpg\" alt=\"\" class=\"wp-image-2773\" srcset=\"https:\/\/amandus.se\/blogg\/wp-content\/uploads\/2021\/08\/IMG_8319-683x1024.jpg 683w, https:\/\/amandus.se\/blogg\/wp-content\/uploads\/2021\/08\/IMG_8319-200x300.jpg 200w, https:\/\/amandus.se\/blogg\/wp-content\/uploads\/2021\/08\/IMG_8319-768x1152.jpg 768w, https:\/\/amandus.se\/blogg\/wp-content\/uploads\/2021\/08\/IMG_8319.jpg 900w\" sizes=\"auto, (max-width: 683px) 100vw, 683px\" \/><figcaption>Videsv\u00e4rmarlarv<\/figcaption><\/figure>\n\n\n\n<figure class=\"wp-block-image size-full\"><img loading=\"lazy\" decoding=\"async\" width=\"900\" height=\"600\" src=\"https:\/\/amandus.se\/blogg\/wp-content\/uploads\/2021\/08\/IMG_8320.jpg\" alt=\"\" class=\"wp-image-2774\" srcset=\"https:\/\/amandus.se\/blogg\/wp-content\/uploads\/2021\/08\/IMG_8320.jpg 900w, https:\/\/amandus.se\/blogg\/wp-content\/uploads\/2021\/08\/IMG_8320-300x200.jpg 300w, https:\/\/amandus.se\/blogg\/wp-content\/uploads\/2021\/08\/IMG_8320-768x512.jpg 768w\" sizes=\"auto, (max-width: 900px) 100vw, 900px\" \/><figcaption>Oxhuvudspinnarlarv<\/figcaption><\/figure>\n\n\n\n<p>En och en halv dag sken solen sedan hopade sig molnen.<\/p>\n\n\n\n<figure class=\"wp-block-image size-full\"><img loading=\"lazy\" decoding=\"async\" width=\"640\" height=\"480\" src=\"https:\/\/amandus.se\/blogg\/wp-content\/uploads\/2021\/08\/IMG_2548-kopiera.jpg\" alt=\"\" class=\"wp-image-2772\" srcset=\"https:\/\/amandus.se\/blogg\/wp-content\/uploads\/2021\/08\/IMG_2548-kopiera.jpg 640w, https:\/\/amandus.se\/blogg\/wp-content\/uploads\/2021\/08\/IMG_2548-kopiera-300x225.jpg 300w\" sizes=\"auto, (max-width: 640px) 100vw, 640px\" \/><\/figure>\n\n\n\n<p>Vi s\u00e5g p\u00e5 v\u00e4derkartan att det skulle bli flera dagars regn s\u00e5 vi laddade upp med fika och mat och k\u00f6rde till Sandby borg<\/p>\n\n\n\n<figure class=\"wp-block-image size-full\"><img loading=\"lazy\" decoding=\"async\" width=\"640\" height=\"480\" src=\"https:\/\/amandus.se\/blogg\/wp-content\/uploads\/2021\/08\/IMG_2552-kopiera.jpg\" alt=\"\" class=\"wp-image-2775\" srcset=\"https:\/\/amandus.se\/blogg\/wp-content\/uploads\/2021\/08\/IMG_2552-kopiera.jpg 640w, https:\/\/amandus.se\/blogg\/wp-content\/uploads\/2021\/08\/IMG_2552-kopiera-300x225.jpg 300w\" sizes=\"auto, (max-width: 640px) 100vw, 640px\" \/><figcaption>G\u00e4ller att ha bra med fika<\/figcaption><\/figure>\n\n\n\n<p>Anders h\u00e4ngde upp en betesf\u00e4lla. Trots d\u00e5ligt v\u00e4der var det ganska m\u00e5nga fj\u00e4rilar i f\u00e4llan n\u00e4r vi tittade i den p\u00e5 morgonen, bl.a. flera ordensband.<\/p>\n\n\n\n<figure class=\"wp-block-image size-full\"><img loading=\"lazy\" decoding=\"async\" width=\"480\" height=\"640\" src=\"https:\/\/amandus.se\/blogg\/wp-content\/uploads\/2021\/08\/IMG_2553-kopiera.jpg\" alt=\"\" class=\"wp-image-2776\" srcset=\"https:\/\/amandus.se\/blogg\/wp-content\/uploads\/2021\/08\/IMG_2553-kopiera.jpg 480w, https:\/\/amandus.se\/blogg\/wp-content\/uploads\/2021\/08\/IMG_2553-kopiera-225x300.jpg 225w\" sizes=\"auto, (max-width: 480px) 100vw, 480px\" \/><figcaption>Vinkelbandat ordensfly (C.nupta)<\/figcaption><\/figure>\n\n\n\n<p>Idag, 27\/8, bes\u00f6kte vi en loppis. Men det fanns inget d\u00e4r av intresse.<\/p>\n\n\n\n<figure class=\"wp-block-image size-full\"><img loading=\"lazy\" decoding=\"async\" width=\"640\" height=\"480\" src=\"https:\/\/amandus.se\/blogg\/wp-content\/uploads\/2021\/08\/IMG_2558-kopiera.jpg\" alt=\"\" class=\"wp-image-2777\" srcset=\"https:\/\/amandus.se\/blogg\/wp-content\/uploads\/2021\/08\/IMG_2558-kopiera.jpg 640w, https:\/\/amandus.se\/blogg\/wp-content\/uploads\/2021\/08\/IMG_2558-kopiera-300x225.jpg 300w\" sizes=\"auto, (max-width: 640px) 100vw, 640px\" \/><\/figure>\n\n\n\n<p>Nu har regnet avtagit s\u00e5 vi h\u00f6r hur det bl\u00e5ser p\u00e5 havet h\u00e4r vid Sandby borg. Sk\u00f6nt att sitta inne i v\u00e4rmen och  ha det bra.<\/p>\n","protected":false},"excerpt":{"rendered":"<p>Tanken var att vi skulle \u00e5kt en tur till Sk\u00e5ne i slutet av juli men s\u00e5 blev det inte. Det kom ett riktigt skyfall \u00f6ver Malm\u00f6n och vi fick k\u00e4llaren vattenfylld f\u00f6r andra g\u00e5ngen p\u00e5 fyra \u00e5r. Det var bara att stanna hemma och \u00f6sa vatten, fixa maskiner som g\u00e5tt s\u00f6nder och st\u00e4da. I m\u00e5ndags, &hellip; <a href=\"https:\/\/amandus.se\/blogg\/?p=2769\" class=\"more-link\">Forts\u00e4tt l\u00e4sa <span class=\"screen-reader-text\">\u00c4ntligen p\u00e5 v\u00e4g igen<\/span> <span class=\"meta-nav\">&rarr;<\/span><\/a><\/p>\n","protected":false},"author":1,"featured_media":0,"comment_status":"open","ping_status":"open","sticky":false,"template":"","format":"standard","meta":{"footnotes":""},"categories":[4,5,6],"tags":[],"class_list":["post-2769","post","type-post","status-publish","format-standard","hentry","category-ditt-och-datt","category-fjarilarbutterfly","category-sverigesweden"],"_links":{"self":[{"href":"https:\/\/amandus.se\/blogg\/index.php?rest_route=\/wp\/v2\/posts\/2769","targetHints":{"allow":["GET"]}}],"collection":[{"href":"https:\/\/amandus.se\/blogg\/index.php?rest_route=\/wp\/v2\/posts"}],"about":[{"href":"https:\/\/amandus.se\/blogg\/index.php?rest_route=\/wp\/v2\/types\/post"}],"author":[{"embeddable":true,"href":"https:\/\/amandus.se\/blogg\/index.php?rest_route=\/wp\/v2\/users\/1"}],"replies":[{"embeddable":true,"href":"https:\/\/amandus.se\/blogg\/index.php?rest_route=%2Fwp%2Fv2%2Fcomments&post=2769"}],"version-history":[{"count":1,"href":"https:\/\/amandus.se\/blogg\/index.php?rest_route=\/wp\/v2\/posts\/2769\/revisions"}],"predecessor-version":[{"id":2778,"href":"https:\/\/amandus.se\/blogg\/index.php?rest_route=\/wp\/v2\/posts\/2769\/revisions\/2778"}],"wp:attachment":[{"href":"https:\/\/amandus.se\/blogg\/index.php?rest_route=%2Fwp%2Fv2%2Fmedia&parent=2769"}],"wp:term":[{"taxonomy":"category","embeddable":true,"href":"https:\/\/amandus.se\/blogg\/index.php?rest_route=%2Fwp%2Fv2%2Fcategories&post=2769"},{"taxonomy":"post_tag","embeddable":true,"href":"https:\/\/amandus.se\/blogg\/index.php?rest_route=%2Fwp%2Fv2%2Ftags&post=2769"}],"curies":[{"name":"wp","href":"https:\/\/api.w.org\/{rel}","templated":true}]}}