{"id":2779,"date":"2021-09-02T20:27:20","date_gmt":"2021-09-02T18:27:20","guid":{"rendered":"http:\/\/amandus.se\/blogg\/?p=2779"},"modified":"2021-09-02T20:27:56","modified_gmt":"2021-09-02T18:27:56","slug":"nu-syns-solen-igen","status":"publish","type":"post","link":"https:\/\/amandus.se\/blogg\/?p=2779","title":{"rendered":"Nu syns solen igen"},"content":{"rendered":"\n<p><strong>30\/8<\/strong> \u00c5kte vi en tur till Kalmar och bes\u00f6kte Kalmar slott.<\/p>\n\n\n\n<figure class=\"wp-block-image size-full\"><img loading=\"lazy\" decoding=\"async\" width=\"640\" height=\"480\" src=\"https:\/\/amandus.se\/blogg\/wp-content\/uploads\/2021\/09\/IMG_2573-kopiera.jpg\" alt=\"\" class=\"wp-image-2781\" srcset=\"https:\/\/amandus.se\/blogg\/wp-content\/uploads\/2021\/09\/IMG_2573-kopiera.jpg 640w, https:\/\/amandus.se\/blogg\/wp-content\/uploads\/2021\/09\/IMG_2573-kopiera-300x225.jpg 300w\" sizes=\"auto, (max-width: 640px) 100vw, 640px\" \/><\/figure>\n\n\n\n<p> Efter flera dagar med regn blev det \u00e4ntligen dags att t\u00e4nda lampan p\u00e5 kv\u00e4llen efter Kalmar bes\u00f6ket..<\/p>\n\n\n\n<p>Trots att det bl\u00e5ste en del s\u00e5 fl\u00f6g det bra men det kom inget nytt.<\/p>\n\n\n\n<figure class=\"wp-block-image size-full\"><img loading=\"lazy\" decoding=\"async\" width=\"640\" height=\"480\" src=\"https:\/\/amandus.se\/blogg\/wp-content\/uploads\/2021\/09\/IMG_2574-kopiera.jpg\" alt=\"\" class=\"wp-image-2780\" srcset=\"https:\/\/amandus.se\/blogg\/wp-content\/uploads\/2021\/09\/IMG_2574-kopiera.jpg 640w, https:\/\/amandus.se\/blogg\/wp-content\/uploads\/2021\/09\/IMG_2574-kopiera-300x225.jpg 300w\" sizes=\"auto, (max-width: 640px) 100vw, 640px\" \/><figcaption>Lampan lyser vid Sandby borg.<\/figcaption><\/figure>\n\n\n\n<p>Vi har varit ute drygt en vecka s\u00e5 vi best\u00e4mde oss f\u00f6r att k\u00f6ra till Gr\u00f6nh\u00f6gens st\u00e4llplats. Bra st\u00e4lle att ladda allt samt anv\u00e4nda tv\u00e4ttstugan som finns d\u00e4r. Vi stannade d\u00e4r i tv\u00e5 dagar.<\/p>\n\n\n\n<figure class=\"wp-block-image size-full\"><img loading=\"lazy\" decoding=\"async\" width=\"640\" height=\"480\" src=\"https:\/\/amandus.se\/blogg\/wp-content\/uploads\/2021\/09\/IMG_2718-kopiera.jpg\" alt=\"\" class=\"wp-image-2782\" srcset=\"https:\/\/amandus.se\/blogg\/wp-content\/uploads\/2021\/09\/IMG_2718-kopiera.jpg 640w, https:\/\/amandus.se\/blogg\/wp-content\/uploads\/2021\/09\/IMG_2718-kopiera-300x225.jpg 300w\" sizes=\"auto, (max-width: 640px) 100vw, 640px\" \/><figcaption>Gr\u00f6nh\u00f6gens st\u00e4llplats<\/figcaption><\/figure>\n\n\n\n<p>Idag, 2\/9, l\u00e4mnade vi Gr\u00f6nh\u00f6gen och \u00e5kte till Eketorps fornborg. En borg som de restaurerat och gjort bes\u00f6ksv\u00e4nligt.<\/p>\n\n\n\n<figure class=\"wp-block-image size-full\"><img loading=\"lazy\" decoding=\"async\" width=\"1000\" height=\"750\" src=\"https:\/\/amandus.se\/blogg\/wp-content\/uploads\/2021\/09\/DSCN2919-kopiera.jpg\" alt=\"\" class=\"wp-image-2783\" srcset=\"https:\/\/amandus.se\/blogg\/wp-content\/uploads\/2021\/09\/DSCN2919-kopiera.jpg 1000w, https:\/\/amandus.se\/blogg\/wp-content\/uploads\/2021\/09\/DSCN2919-kopiera-300x225.jpg 300w, https:\/\/amandus.se\/blogg\/wp-content\/uploads\/2021\/09\/DSCN2919-kopiera-768x576.jpg 768w\" sizes=\"auto, (max-width: 1000px) 100vw, 1000px\" \/><figcaption>Exteri\u00f6r<\/figcaption><\/figure>\n\n\n\n<figure class=\"wp-block-image size-full\"><img loading=\"lazy\" decoding=\"async\" width=\"900\" height=\"675\" src=\"https:\/\/amandus.se\/blogg\/wp-content\/uploads\/2021\/09\/DSCN2924-kopiera.jpg\" alt=\"\" class=\"wp-image-2784\" srcset=\"https:\/\/amandus.se\/blogg\/wp-content\/uploads\/2021\/09\/DSCN2924-kopiera.jpg 900w, https:\/\/amandus.se\/blogg\/wp-content\/uploads\/2021\/09\/DSCN2924-kopiera-300x225.jpg 300w, https:\/\/amandus.se\/blogg\/wp-content\/uploads\/2021\/09\/DSCN2924-kopiera-768x576.jpg 768w\" sizes=\"auto, (max-width: 900px) 100vw, 900px\" \/><figcaption>S\u00e5 h\u00e4r ser det ut inne i borgen.<\/figcaption><\/figure>\n\n\n\n<p>Anders passade p\u00e5 att vara h\u00f6vding f\u00f6r en stund :)<\/p>\n\n\n\n<figure class=\"wp-block-image size-full\"><img loading=\"lazy\" decoding=\"async\" width=\"187\" height=\"324\" src=\"https:\/\/amandus.se\/blogg\/wp-content\/uploads\/2021\/09\/IMG_2720-kopiera.jpg\" alt=\"\" class=\"wp-image-2785\" srcset=\"https:\/\/amandus.se\/blogg\/wp-content\/uploads\/2021\/09\/IMG_2720-kopiera.jpg 187w, https:\/\/amandus.se\/blogg\/wp-content\/uploads\/2021\/09\/IMG_2720-kopiera-173x300.jpg 173w\" sizes=\"auto, (max-width: 187px) 100vw, 187px\" \/><figcaption>Anders i h\u00f6vdingestolen<\/figcaption><\/figure>\n\n\n\n<p>Nu \u00e4r vi tillbaka p\u00e5 Sandby borg. Det har varit fint och varmt hela dagen. Det \u00e4r m\u00e5nga husbilar som har hittat hit ikv\u00e4ll s\u00e5 lampan f\u00e5r vila, annars \u00e4r det risk att det blir lika mycket folk som fj\u00e4rilar p\u00e5 duken :)<\/p>\n\n\n\n<p> <\/p>\n","protected":false},"excerpt":{"rendered":"<p>30\/8 \u00c5kte vi en tur till Kalmar och bes\u00f6kte Kalmar slott. Efter flera dagar med regn blev det \u00e4ntligen dags att t\u00e4nda lampan p\u00e5 kv\u00e4llen efter Kalmar bes\u00f6ket.. Trots att det bl\u00e5ste en del s\u00e5 fl\u00f6g det bra men det kom inget nytt. Vi har varit ute drygt en vecka s\u00e5 vi best\u00e4mde oss f\u00f6r &hellip; <a href=\"https:\/\/amandus.se\/blogg\/?p=2779\" class=\"more-link\">Forts\u00e4tt l\u00e4sa <span class=\"screen-reader-text\">Nu syns solen igen<\/span> <span class=\"meta-nav\">&rarr;<\/span><\/a><\/p>\n","protected":false},"author":1,"featured_media":0,"comment_status":"open","ping_status":"open","sticky":false,"template":"","format":"standard","meta":{"footnotes":""},"categories":[4,5,6],"tags":[],"class_list":["post-2779","post","type-post","status-publish","format-standard","hentry","category-ditt-och-datt","category-fjarilarbutterfly","category-sverigesweden"],"_links":{"self":[{"href":"https:\/\/amandus.se\/blogg\/index.php?rest_route=\/wp\/v2\/posts\/2779","targetHints":{"allow":["GET"]}}],"collection":[{"href":"https:\/\/amandus.se\/blogg\/index.php?rest_route=\/wp\/v2\/posts"}],"about":[{"href":"https:\/\/amandus.se\/blogg\/index.php?rest_route=\/wp\/v2\/types\/post"}],"author":[{"embeddable":true,"href":"https:\/\/amandus.se\/blogg\/index.php?rest_route=\/wp\/v2\/users\/1"}],"replies":[{"embeddable":true,"href":"https:\/\/amandus.se\/blogg\/index.php?rest_route=%2Fwp%2Fv2%2Fcomments&post=2779"}],"version-history":[{"count":2,"href":"https:\/\/amandus.se\/blogg\/index.php?rest_route=\/wp\/v2\/posts\/2779\/revisions"}],"predecessor-version":[{"id":2788,"href":"https:\/\/amandus.se\/blogg\/index.php?rest_route=\/wp\/v2\/posts\/2779\/revisions\/2788"}],"wp:attachment":[{"href":"https:\/\/amandus.se\/blogg\/index.php?rest_route=%2Fwp%2Fv2%2Fmedia&parent=2779"}],"wp:term":[{"taxonomy":"category","embeddable":true,"href":"https:\/\/amandus.se\/blogg\/index.php?rest_route=%2Fwp%2Fv2%2Fcategories&post=2779"},{"taxonomy":"post_tag","embeddable":true,"href":"https:\/\/amandus.se\/blogg\/index.php?rest_route=%2Fwp%2Fv2%2Ftags&post=2779"}],"curies":[{"name":"wp","href":"https:\/\/api.w.org\/{rel}","templated":true}]}}