{"id":2789,"date":"2021-09-09T21:18:27","date_gmt":"2021-09-09T19:18:27","guid":{"rendered":"http:\/\/amandus.se\/blogg\/?p=2789"},"modified":"2021-09-12T18:39:26","modified_gmt":"2021-09-12T16:39:26","slug":"harligt-att-vara-pa-oland","status":"publish","type":"post","link":"https:\/\/amandus.se\/blogg\/?p=2789","title":{"rendered":"H\u00e4rligt att vara p\u00e5 \u00d6land"},"content":{"rendered":"\n<p><span class=\"has-inline-color has-black-color\">Den 5 september \u00e5kte vi till Gr\u00e5borg, \u00d6lands st\u00f6rsta fornborg. De \u00e4ldsta delarna av borgen \u00e4r fr\u00e5n 500-talet.<\/span><\/p>\n\n\n\n<figure class=\"wp-block-image size-full\"><img loading=\"lazy\" decoding=\"async\" width=\"640\" height=\"480\" src=\"https:\/\/amandus.se\/blogg\/wp-content\/uploads\/2021\/09\/IMG_2732.jpg\" alt=\"\" class=\"wp-image-2790\" srcset=\"https:\/\/amandus.se\/blogg\/wp-content\/uploads\/2021\/09\/IMG_2732.jpg 640w, https:\/\/amandus.se\/blogg\/wp-content\/uploads\/2021\/09\/IMG_2732-300x225.jpg 300w\" sizes=\"auto, (max-width: 640px) 100vw, 640px\" \/><figcaption><strong>Anders spanar om det flyger n\u00e5got intressant i borgen.<\/strong><\/figcaption><\/figure>\n\n\n\n<p>Utanf\u00f6r borgen hittade Anders en larv som hamnade p\u00e5 bild.<\/p>\n\n\n\n<figure class=\"wp-block-image size-full\"><img loading=\"lazy\" decoding=\"async\" width=\"640\" height=\"480\" src=\"https:\/\/amandus.se\/blogg\/wp-content\/uploads\/2021\/09\/IMG_2733.jpg\" alt=\"\" class=\"wp-image-2791\" srcset=\"https:\/\/amandus.se\/blogg\/wp-content\/uploads\/2021\/09\/IMG_2733.jpg 640w, https:\/\/amandus.se\/blogg\/wp-content\/uploads\/2021\/09\/IMG_2733-300x225.jpg 300w\" sizes=\"auto, (max-width: 640px) 100vw, 640px\" \/><\/figure>\n\n\n\n<figure class=\"wp-block-image size-full\"><img loading=\"lazy\" decoding=\"async\" width=\"900\" height=\"600\" src=\"https:\/\/amandus.se\/blogg\/wp-content\/uploads\/2021\/09\/IMG_8345.jpg\" alt=\"\" class=\"wp-image-2805\" srcset=\"https:\/\/amandus.se\/blogg\/wp-content\/uploads\/2021\/09\/IMG_8345.jpg 900w, https:\/\/amandus.se\/blogg\/wp-content\/uploads\/2021\/09\/IMG_8345-300x200.jpg 300w, https:\/\/amandus.se\/blogg\/wp-content\/uploads\/2021\/09\/IMG_8345-768x512.jpg 768w\" sizes=\"auto, (max-width: 900px) 100vw, 900px\" \/><figcaption><span style=\"color:#17a7e4\" class=\"has-inline-color\"><strong>D.porcellus<\/strong><\/span> <span style=\"color:#1694ca\" class=\"has-inline-color\">(Mindre snabelsv\u00e4rmare)<\/span><\/figcaption><\/figure>\n\n\n\n<p>S:t Knuts kapellruin ligger i anslutning till borgen.<\/p>\n\n\n\n<figure class=\"wp-block-image size-full\"><img loading=\"lazy\" decoding=\"async\" width=\"640\" height=\"480\" src=\"https:\/\/amandus.se\/blogg\/wp-content\/uploads\/2021\/09\/IMG_2731.jpg\" alt=\"\" class=\"wp-image-2792\" srcset=\"https:\/\/amandus.se\/blogg\/wp-content\/uploads\/2021\/09\/IMG_2731.jpg 640w, https:\/\/amandus.se\/blogg\/wp-content\/uploads\/2021\/09\/IMG_2731-300x225.jpg 300w\" sizes=\"auto, (max-width: 640px) 100vw, 640px\" \/><figcaption><strong>S:t Knuts kapell<\/strong><\/figcaption><\/figure>\n\n\n\n<p>I g\u00e5r, 8\/9, hamnade vi p\u00e5 en av favoritplatserna, G\u00e5rdby sandhed. Vi t\u00e4nde lampan vid 20-tiden. Det var n\u00e4stan vindstilla och 17 grader. Det kom massor av fj\u00e4rilar till duken men bara f\u00f6rv\u00e4ntade arter.<\/p>\n\n\n\n<p>Idag, 9\/9, bes\u00f6kte vi Borgholms slottsruin. Borgen byggdes under 1200-talet.<\/p>\n\n\n\n<figure class=\"wp-block-image size-full\"><img loading=\"lazy\" decoding=\"async\" width=\"1000\" height=\"750\" src=\"https:\/\/amandus.se\/blogg\/wp-content\/uploads\/2021\/09\/DSCN2928.jpg\" alt=\"\" class=\"wp-image-2795\" srcset=\"https:\/\/amandus.se\/blogg\/wp-content\/uploads\/2021\/09\/DSCN2928.jpg 1000w, https:\/\/amandus.se\/blogg\/wp-content\/uploads\/2021\/09\/DSCN2928-300x225.jpg 300w, https:\/\/amandus.se\/blogg\/wp-content\/uploads\/2021\/09\/DSCN2928-768x576.jpg 768w\" sizes=\"auto, (max-width: 1000px) 100vw, 1000px\" \/><\/figure>\n\n\n\n<p>Fin utsikt mot Borgholm fr\u00e5n borgen.<\/p>\n\n\n\n<figure class=\"wp-block-image size-full\"><img loading=\"lazy\" decoding=\"async\" width=\"640\" height=\"480\" src=\"https:\/\/amandus.se\/blogg\/wp-content\/uploads\/2021\/09\/IMG_2766.jpg\" alt=\"\" class=\"wp-image-2796\" srcset=\"https:\/\/amandus.se\/blogg\/wp-content\/uploads\/2021\/09\/IMG_2766.jpg 640w, https:\/\/amandus.se\/blogg\/wp-content\/uploads\/2021\/09\/IMG_2766-300x225.jpg 300w\" sizes=\"auto, (max-width: 640px) 100vw, 640px\" \/><\/figure>\n\n\n\n<p>Det fanns mycket sp\u00e4nnande att se i borgen. <\/p>\n\n\n\n<figure class=\"wp-block-image size-full\"><img loading=\"lazy\" decoding=\"async\" width=\"640\" height=\"480\" src=\"https:\/\/amandus.se\/blogg\/wp-content\/uploads\/2021\/09\/IMG_2764.jpg\" alt=\"\" class=\"wp-image-2797\" srcset=\"https:\/\/amandus.se\/blogg\/wp-content\/uploads\/2021\/09\/IMG_2764.jpg 640w, https:\/\/amandus.se\/blogg\/wp-content\/uploads\/2021\/09\/IMG_2764-300x225.jpg 300w\" sizes=\"auto, (max-width: 640px) 100vw, 640px\" \/><figcaption><strong>Bakstugan i borgen<\/strong><\/figcaption><\/figure>\n\n\n\n<figure class=\"wp-block-image size-full\"><img loading=\"lazy\" decoding=\"async\" width=\"640\" height=\"480\" src=\"https:\/\/amandus.se\/blogg\/wp-content\/uploads\/2021\/09\/IMG_27676.jpg\" alt=\"\" class=\"wp-image-2798\" srcset=\"https:\/\/amandus.se\/blogg\/wp-content\/uploads\/2021\/09\/IMG_27676.jpg 640w, https:\/\/amandus.se\/blogg\/wp-content\/uploads\/2021\/09\/IMG_27676-300x225.jpg 300w\" sizes=\"auto, (max-width: 640px) 100vw, 640px\" \/><figcaption><strong>S\u00e5 h\u00e4r kunde ett intr\u00e5ngsf\u00f6rs\u00f6k till borgen se ut<\/strong><\/figcaption><\/figure>\n\n\n\n<p>Anders kom ocks\u00e5 med p\u00e5 bild.<\/p>\n\n\n\n<figure class=\"wp-block-image size-full\"><img loading=\"lazy\" decoding=\"async\" width=\"1000\" height=\"750\" src=\"https:\/\/amandus.se\/blogg\/wp-content\/uploads\/2021\/09\/DSCN2939.jpg\" alt=\"\" class=\"wp-image-2799\" srcset=\"https:\/\/amandus.se\/blogg\/wp-content\/uploads\/2021\/09\/DSCN2939.jpg 1000w, https:\/\/amandus.se\/blogg\/wp-content\/uploads\/2021\/09\/DSCN2939-300x225.jpg 300w, https:\/\/amandus.se\/blogg\/wp-content\/uploads\/2021\/09\/DSCN2939-768x576.jpg 768w\" sizes=\"auto, (max-width: 1000px) 100vw, 1000px\" \/><\/figure>\n\n\n\n<p>Ibland h\u00e4nder det ov\u00e4ntade saker. N\u00e4r vi gick omkring i borgen var det en fotograf som h\u00f6ll p\u00e5 att ta bilder p\u00e5 en tjej i brudkl\u00e4nning. Fotografen fr\u00e5gade mig om jag vill h\u00e5lla i kjolen och sl\u00e4ppa taget n\u00e4r hon r\u00e4knat till tre. Ov\u00e4ntat uppdrag :)<\/p>\n\n\n\n<figure class=\"wp-block-image size-full\"><img loading=\"lazy\" decoding=\"async\" width=\"900\" height=\"675\" src=\"https:\/\/amandus.se\/blogg\/wp-content\/uploads\/2021\/09\/DSCN2934.jpg\" alt=\"\" class=\"wp-image-2800\" srcset=\"https:\/\/amandus.se\/blogg\/wp-content\/uploads\/2021\/09\/DSCN2934.jpg 900w, https:\/\/amandus.se\/blogg\/wp-content\/uploads\/2021\/09\/DSCN2934-300x225.jpg 300w, https:\/\/amandus.se\/blogg\/wp-content\/uploads\/2021\/09\/DSCN2934-768x576.jpg 768w\" sizes=\"auto, (max-width: 900px) 100vw, 900px\" \/><figcaption>Jag som kjolh\u00e5llare<\/figcaption><\/figure>\n\n\n\n<p>Nu \u00e4r vi tillbaka vid G\u00e5rdby sandhed och fj\u00e4rilslampan lyser. Hoppas p\u00e5 n\u00e5got sp\u00e4nnande inflyg.<\/p>\n","protected":false},"excerpt":{"rendered":"<p>Den 5 september \u00e5kte vi till Gr\u00e5borg, \u00d6lands st\u00f6rsta fornborg. De \u00e4ldsta delarna av borgen \u00e4r fr\u00e5n 500-talet. Utanf\u00f6r borgen hittade Anders en larv som hamnade p\u00e5 bild. S:t Knuts kapellruin ligger i anslutning till borgen. I g\u00e5r, 8\/9, hamnade vi p\u00e5 en av favoritplatserna, G\u00e5rdby sandhed. Vi t\u00e4nde lampan vid 20-tiden. Det var n\u00e4stan &hellip; <a href=\"https:\/\/amandus.se\/blogg\/?p=2789\" class=\"more-link\">Forts\u00e4tt l\u00e4sa <span class=\"screen-reader-text\">H\u00e4rligt att vara p\u00e5 \u00d6land<\/span> <span class=\"meta-nav\">&rarr;<\/span><\/a><\/p>\n","protected":false},"author":1,"featured_media":0,"comment_status":"open","ping_status":"open","sticky":false,"template":"","format":"standard","meta":{"footnotes":""},"categories":[4,5,6],"tags":[],"class_list":["post-2789","post","type-post","status-publish","format-standard","hentry","category-ditt-och-datt","category-fjarilarbutterfly","category-sverigesweden"],"_links":{"self":[{"href":"https:\/\/amandus.se\/blogg\/index.php?rest_route=\/wp\/v2\/posts\/2789","targetHints":{"allow":["GET"]}}],"collection":[{"href":"https:\/\/amandus.se\/blogg\/index.php?rest_route=\/wp\/v2\/posts"}],"about":[{"href":"https:\/\/amandus.se\/blogg\/index.php?rest_route=\/wp\/v2\/types\/post"}],"author":[{"embeddable":true,"href":"https:\/\/amandus.se\/blogg\/index.php?rest_route=\/wp\/v2\/users\/1"}],"replies":[{"embeddable":true,"href":"https:\/\/amandus.se\/blogg\/index.php?rest_route=%2Fwp%2Fv2%2Fcomments&post=2789"}],"version-history":[{"count":3,"href":"https:\/\/amandus.se\/blogg\/index.php?rest_route=\/wp\/v2\/posts\/2789\/revisions"}],"predecessor-version":[{"id":2806,"href":"https:\/\/amandus.se\/blogg\/index.php?rest_route=\/wp\/v2\/posts\/2789\/revisions\/2806"}],"wp:attachment":[{"href":"https:\/\/amandus.se\/blogg\/index.php?rest_route=%2Fwp%2Fv2%2Fmedia&parent=2789"}],"wp:term":[{"taxonomy":"category","embeddable":true,"href":"https:\/\/amandus.se\/blogg\/index.php?rest_route=%2Fwp%2Fv2%2Fcategories&post=2789"},{"taxonomy":"post_tag","embeddable":true,"href":"https:\/\/amandus.se\/blogg\/index.php?rest_route=%2Fwp%2Fv2%2Ftags&post=2789"}],"curies":[{"name":"wp","href":"https:\/\/api.w.org\/{rel}","templated":true}]}}