{"id":2807,"date":"2021-09-12T19:18:12","date_gmt":"2021-09-12T17:18:12","guid":{"rendered":"http:\/\/amandus.se\/blogg\/?p=2807"},"modified":"2021-09-18T14:59:42","modified_gmt":"2021-09-18T12:59:42","slug":"handelser-pa-lakanet","status":"publish","type":"post","link":"https:\/\/amandus.se\/blogg\/?p=2807","title":{"rendered":"H\u00e4ndelser p\u00e5 lakanet"},"content":{"rendered":"\n<p>Den 9\/9 kom det lite &#8221;udda&#8221; saker p\u00e5 lakanet i G\u00e5rdby. Det var hyfsat bra drag, bl.a. en St\u00f6rre vattenbagge. Vi m\u00e5tte upp den till 4,8 cm.<\/p>\n\n\n\n<figure class=\"wp-block-image size-full\"><img loading=\"lazy\" decoding=\"async\" width=\"900\" height=\"675\" src=\"https:\/\/amandus.se\/blogg\/wp-content\/uploads\/2021\/09\/IMG_9112.jpg\" alt=\"\" class=\"wp-image-2811\" srcset=\"https:\/\/amandus.se\/blogg\/wp-content\/uploads\/2021\/09\/IMG_9112.jpg 900w, https:\/\/amandus.se\/blogg\/wp-content\/uploads\/2021\/09\/IMG_9112-300x225.jpg 300w, https:\/\/amandus.se\/blogg\/wp-content\/uploads\/2021\/09\/IMG_9112-768x576.jpg 768w\" sizes=\"auto, (max-width: 900px) 100vw, 900px\" \/><figcaption>Ovanligt m\u00e5nga fj\u00e4ril p\u00e5 lakanet<\/figcaption><\/figure>\n\n\n\n<figure class=\"wp-block-image size-full\"><img loading=\"lazy\" decoding=\"async\" width=\"900\" height=\"600\" src=\"https:\/\/amandus.se\/blogg\/wp-content\/uploads\/2021\/09\/IMG_8385.jpg\" alt=\"\" class=\"wp-image-2808\" srcset=\"https:\/\/amandus.se\/blogg\/wp-content\/uploads\/2021\/09\/IMG_8385.jpg 900w, https:\/\/amandus.se\/blogg\/wp-content\/uploads\/2021\/09\/IMG_8385-300x200.jpg 300w, https:\/\/amandus.se\/blogg\/wp-content\/uploads\/2021\/09\/IMG_8385-768x512.jpg 768w\" sizes=\"auto, (max-width: 900px) 100vw, 900px\" \/><figcaption>St\u00f6rre vattenbagge p\u00e5 bes\u00f6k<\/figcaption><\/figure>\n\n\n\n<p><\/p>\n\n\n\n<p>Det kom \u00e4ven fr\u00e4scha ex. av <span style=\"color:#1b88b7\" class=\"has-inline-color\"><strong>H.pyritoides<\/strong> (Bandad hallonspinnare) och <strong>G.quercifolia <\/strong>(Rostf\u00e4rgad bladspinnare)<\/span><\/p>\n\n\n\n<figure class=\"wp-block-image size-full\"><img loading=\"lazy\" decoding=\"async\" width=\"900\" height=\"600\" src=\"https:\/\/amandus.se\/blogg\/wp-content\/uploads\/2021\/09\/IMG_8379.jpg\" alt=\"\" class=\"wp-image-2809\" srcset=\"https:\/\/amandus.se\/blogg\/wp-content\/uploads\/2021\/09\/IMG_8379.jpg 900w, https:\/\/amandus.se\/blogg\/wp-content\/uploads\/2021\/09\/IMG_8379-300x200.jpg 300w, https:\/\/amandus.se\/blogg\/wp-content\/uploads\/2021\/09\/IMG_8379-768x512.jpg 768w\" sizes=\"auto, (max-width: 900px) 100vw, 900px\" \/><figcaption> <span style=\"color:#1b88b7\" class=\"has-inline-color\"><strong>H.pyritoides<\/strong> (Bandad hallonspinnare) <\/span> <\/figcaption><\/figure>\n\n\n\n<figure class=\"wp-block-image size-full\"><img loading=\"lazy\" decoding=\"async\" width=\"900\" height=\"600\" src=\"https:\/\/amandus.se\/blogg\/wp-content\/uploads\/2021\/09\/IMG_8383.jpg\" alt=\"\" class=\"wp-image-2810\" srcset=\"https:\/\/amandus.se\/blogg\/wp-content\/uploads\/2021\/09\/IMG_8383.jpg 900w, https:\/\/amandus.se\/blogg\/wp-content\/uploads\/2021\/09\/IMG_8383-300x200.jpg 300w, https:\/\/amandus.se\/blogg\/wp-content\/uploads\/2021\/09\/IMG_8383-768x512.jpg 768w\" sizes=\"auto, (max-width: 900px) 100vw, 900px\" \/><figcaption> <span style=\"color:#1b88b7\" class=\"has-inline-color\"><strong>G.quercifolia <\/strong>(Rostf\u00e4rgad bladspinnare)<\/span> <\/figcaption><\/figure>\n\n\n\n<p>Den 11\/9 \u00e5kte vi till Beijershamn och tog en promenad l\u00e4ngs piren. D\u00e4r var mycket f\u00e5glar, speciellt vadare.<\/p>\n\n\n\n<figure class=\"wp-block-image size-full\"><img loading=\"lazy\" decoding=\"async\" width=\"900\" height=\"675\" src=\"https:\/\/amandus.se\/blogg\/wp-content\/uploads\/2021\/09\/IMG_9113.jpg\" alt=\"\" class=\"wp-image-2812\" srcset=\"https:\/\/amandus.se\/blogg\/wp-content\/uploads\/2021\/09\/IMG_9113.jpg 900w, https:\/\/amandus.se\/blogg\/wp-content\/uploads\/2021\/09\/IMG_9113-300x225.jpg 300w, https:\/\/amandus.se\/blogg\/wp-content\/uploads\/2021\/09\/IMG_9113-768x576.jpg 768w\" sizes=\"auto, (max-width: 900px) 100vw, 900px\" \/><figcaption>Piren i Beijershamn<\/figcaption><\/figure>\n\n\n\n<p>P\u00e5 stigen st\u00f6tte vi p\u00e5 ett flertal larver av <span style=\"color:#36a8d9\" class=\"has-inline-color\"><strong>S.albovenosa<\/strong> (Lansettvinge) och flera ex. av <strong>L.phlaeas<\/strong> (Mindre guldvinge)<\/span><\/p>\n\n\n\n<figure class=\"wp-block-image size-full\"><img loading=\"lazy\" decoding=\"async\" width=\"900\" height=\"600\" src=\"https:\/\/amandus.se\/blogg\/wp-content\/uploads\/2021\/09\/IMG_8393.jpg\" alt=\"\" class=\"wp-image-2813\" srcset=\"https:\/\/amandus.se\/blogg\/wp-content\/uploads\/2021\/09\/IMG_8393.jpg 900w, https:\/\/amandus.se\/blogg\/wp-content\/uploads\/2021\/09\/IMG_8393-300x200.jpg 300w, https:\/\/amandus.se\/blogg\/wp-content\/uploads\/2021\/09\/IMG_8393-768x512.jpg 768w\" sizes=\"auto, (max-width: 900px) 100vw, 900px\" \/><figcaption> Larv av <span style=\"color:#36a8d9\" class=\"has-inline-color\"><strong>S.albovenosa<\/strong> (Lansettvinge) <\/span> <\/figcaption><\/figure>\n\n\n\n<figure class=\"wp-block-image size-full\"><img loading=\"lazy\" decoding=\"async\" width=\"900\" height=\"600\" src=\"https:\/\/amandus.se\/blogg\/wp-content\/uploads\/2021\/09\/IMG_8401.jpg\" alt=\"\" class=\"wp-image-2814\" srcset=\"https:\/\/amandus.se\/blogg\/wp-content\/uploads\/2021\/09\/IMG_8401.jpg 900w, https:\/\/amandus.se\/blogg\/wp-content\/uploads\/2021\/09\/IMG_8401-300x200.jpg 300w, https:\/\/amandus.se\/blogg\/wp-content\/uploads\/2021\/09\/IMG_8401-768x512.jpg 768w\" sizes=\"auto, (max-width: 900px) 100vw, 900px\" \/><figcaption> <span style=\"color:#36a8d9\" class=\"has-inline-color\"> <strong>L.phlaeas<\/strong> (Mindre guldvinge)<\/span> <\/figcaption><\/figure>\n\n\n\n<p>Kv\u00e4llen tillbringade vi vid M\u00f6ckelmossen. Anders fotograferade bl.a. en larv av<span style=\"color:#39b4e9\" class=\"has-inline-color\"><strong> N.ziczac <\/strong>(Piltandvinge)<\/span><\/p>\n\n\n\n<figure class=\"wp-block-image size-full\"><img loading=\"lazy\" decoding=\"async\" width=\"900\" height=\"600\" src=\"https:\/\/amandus.se\/blogg\/wp-content\/uploads\/2021\/09\/IMG_8404.jpg\" alt=\"\" class=\"wp-image-2815\" srcset=\"https:\/\/amandus.se\/blogg\/wp-content\/uploads\/2021\/09\/IMG_8404.jpg 900w, https:\/\/amandus.se\/blogg\/wp-content\/uploads\/2021\/09\/IMG_8404-300x200.jpg 300w, https:\/\/amandus.se\/blogg\/wp-content\/uploads\/2021\/09\/IMG_8404-768x512.jpg 768w\" sizes=\"auto, (max-width: 900px) 100vw, 900px\" \/><figcaption> <span style=\"color:#39b4e9\" class=\"has-inline-color\"><strong> N.ziczac <\/strong>(Piltandvinge)<\/span> <\/figcaption><\/figure>\n\n\n\n<p>Idag 12\/9 \u00e4r vi i Gr\u00f6nh\u00f6gen. Hade t\u00e4nkt lysa men det bl\u00e5ser f\u00f6rmycket. Vi gick till Kvarnrestaurangen och \u00e5t mat.<\/p>\n\n\n\n<figure class=\"wp-block-image size-full\"><img loading=\"lazy\" decoding=\"async\" width=\"446\" height=\"313\" src=\"https:\/\/amandus.se\/blogg\/wp-content\/uploads\/2021\/09\/IMG_2770.jpg\" alt=\"\" class=\"wp-image-2816\" srcset=\"https:\/\/amandus.se\/blogg\/wp-content\/uploads\/2021\/09\/IMG_2770.jpg 446w, https:\/\/amandus.se\/blogg\/wp-content\/uploads\/2021\/09\/IMG_2770-300x211.jpg 300w\" sizes=\"auto, (max-width: 446px) 100vw, 446px\" \/><\/figure>\n","protected":false},"excerpt":{"rendered":"<p>Den 9\/9 kom det lite &#8221;udda&#8221; saker p\u00e5 lakanet i G\u00e5rdby. Det var hyfsat bra drag, bl.a. en St\u00f6rre vattenbagge. Vi m\u00e5tte upp den till 4,8 cm. Det kom \u00e4ven fr\u00e4scha ex. av H.pyritoides (Bandad hallonspinnare) och G.quercifolia (Rostf\u00e4rgad bladspinnare) Den 11\/9 \u00e5kte vi till Beijershamn och tog en promenad l\u00e4ngs piren. D\u00e4r var mycket &hellip; <a href=\"https:\/\/amandus.se\/blogg\/?p=2807\" class=\"more-link\">Forts\u00e4tt l\u00e4sa <span class=\"screen-reader-text\">H\u00e4ndelser p\u00e5 lakanet<\/span> <span class=\"meta-nav\">&rarr;<\/span><\/a><\/p>\n","protected":false},"author":1,"featured_media":0,"comment_status":"open","ping_status":"open","sticky":false,"template":"","format":"standard","meta":{"footnotes":""},"categories":[4,5,6],"tags":[],"class_list":["post-2807","post","type-post","status-publish","format-standard","hentry","category-ditt-och-datt","category-fjarilarbutterfly","category-sverigesweden"],"_links":{"self":[{"href":"https:\/\/amandus.se\/blogg\/index.php?rest_route=\/wp\/v2\/posts\/2807","targetHints":{"allow":["GET"]}}],"collection":[{"href":"https:\/\/amandus.se\/blogg\/index.php?rest_route=\/wp\/v2\/posts"}],"about":[{"href":"https:\/\/amandus.se\/blogg\/index.php?rest_route=\/wp\/v2\/types\/post"}],"author":[{"embeddable":true,"href":"https:\/\/amandus.se\/blogg\/index.php?rest_route=\/wp\/v2\/users\/1"}],"replies":[{"embeddable":true,"href":"https:\/\/amandus.se\/blogg\/index.php?rest_route=%2Fwp%2Fv2%2Fcomments&post=2807"}],"version-history":[{"count":4,"href":"https:\/\/amandus.se\/blogg\/index.php?rest_route=\/wp\/v2\/posts\/2807\/revisions"}],"predecessor-version":[{"id":2825,"href":"https:\/\/amandus.se\/blogg\/index.php?rest_route=\/wp\/v2\/posts\/2807\/revisions\/2825"}],"wp:attachment":[{"href":"https:\/\/amandus.se\/blogg\/index.php?rest_route=%2Fwp%2Fv2%2Fmedia&parent=2807"}],"wp:term":[{"taxonomy":"category","embeddable":true,"href":"https:\/\/amandus.se\/blogg\/index.php?rest_route=%2Fwp%2Fv2%2Fcategories&post=2807"},{"taxonomy":"post_tag","embeddable":true,"href":"https:\/\/amandus.se\/blogg\/index.php?rest_route=%2Fwp%2Fv2%2Ftags&post=2807"}],"curies":[{"name":"wp","href":"https:\/\/api.w.org\/{rel}","templated":true}]}}