{"id":2868,"date":"2022-07-02T15:34:07","date_gmt":"2022-07-02T13:34:07","guid":{"rendered":"http:\/\/amandus.se\/blogg\/?p=2868"},"modified":"2022-07-02T15:34:32","modified_gmt":"2022-07-02T13:34:32","slug":"inga-fynd-i-dalarna-denna-gangen","status":"publish","type":"post","link":"https:\/\/amandus.se\/blogg\/?p=2868","title":{"rendered":"Inga fynd i Dalarna denna g\u00e5ngen"},"content":{"rendered":"\n<p>Den 26 juni satt vi vid Styggforsen och v\u00e4ntade p\u00e5 att det skulle bli dags att pensla bete p\u00e5 tr\u00e4den. Pl\u00f6tsligt d\u00f6k det upp ett bekant ansikte, Claes Eliasson med kompisen Bo-G\u00f6ran Larsson stannade till i Styggforsen p\u00e5 sin v\u00e4g till Nordnorge. Det blev trevligt fj\u00e4rilssnack och roligt att ses efter pandemisnack. Bo-G\u00f6ran t\u00e4nde fj\u00e4rilslampan och vi betade. Inget sp\u00e4nnande d\u00f6k upp. Men det var en trevlig kv\u00e4ll.<\/p>\n\n\n\n<figure class=\"wp-block-image size-large\"><img loading=\"lazy\" decoding=\"async\" width=\"1024\" height=\"768\" src=\"https:\/\/amandus.se\/blogg\/wp-content\/uploads\/2022\/07\/Foto-2022-06-26-21-03-04-1024x768.jpg\" alt=\"\" class=\"wp-image-2869\" srcset=\"https:\/\/amandus.se\/blogg\/wp-content\/uploads\/2022\/07\/Foto-2022-06-26-21-03-04-1024x768.jpg 1024w, https:\/\/amandus.se\/blogg\/wp-content\/uploads\/2022\/07\/Foto-2022-06-26-21-03-04-300x225.jpg 300w, https:\/\/amandus.se\/blogg\/wp-content\/uploads\/2022\/07\/Foto-2022-06-26-21-03-04-768x576.jpg 768w, https:\/\/amandus.se\/blogg\/wp-content\/uploads\/2022\/07\/Foto-2022-06-26-21-03-04.jpg 1200w\" sizes=\"auto, (max-width: 1024px) 100vw, 1024px\" \/><figcaption>Claes, Bo-G\u00f6ran och Anders<\/figcaption><\/figure>\n\n\n\n<p>Den 27 juni \u00e5kte vi till Uppsala f\u00f6r att h\u00e4lsa p\u00e5 d\u00f6ttrar, sv\u00e4rs\u00f6ner och barnbarn. En av dagarna under Uppsalavistelsen tog vi en promenad p\u00e5 Fj\u00e4rilsstigen. Det \u00e4r ett fint omr\u00e5de i H\u00e5gadalen d\u00e4r man l\u00e5ter blommorna f\u00e5 ta plats. Det fl\u00f6g en m\u00e4ngd olika fj\u00e4rilar d\u00e4r.<\/p>\n\n\n\n<figure class=\"wp-block-image size-large\"><img loading=\"lazy\" decoding=\"async\" width=\"1024\" height=\"768\" src=\"https:\/\/amandus.se\/blogg\/wp-content\/uploads\/2022\/07\/Foto-2022-06-29-14-07-43-1024x768.jpg\" alt=\"\" class=\"wp-image-2870\" srcset=\"https:\/\/amandus.se\/blogg\/wp-content\/uploads\/2022\/07\/Foto-2022-06-29-14-07-43-1024x768.jpg 1024w, https:\/\/amandus.se\/blogg\/wp-content\/uploads\/2022\/07\/Foto-2022-06-29-14-07-43-300x225.jpg 300w, https:\/\/amandus.se\/blogg\/wp-content\/uploads\/2022\/07\/Foto-2022-06-29-14-07-43-768x576.jpg 768w, https:\/\/amandus.se\/blogg\/wp-content\/uploads\/2022\/07\/Foto-2022-06-29-14-07-43.jpg 1200w\" sizes=\"auto, (max-width: 1024px) 100vw, 1024px\" \/><figcaption>Fj\u00e4rilsstigen i H\u00e5gadalen, Uppsala<\/figcaption><\/figure>\n\n\n\n<p>Nu \u00e4r vi tillbaka p\u00e5 Malm\u00f6n f\u00f6r att njuta av den Bohusl\u00e4nska sommaren. Men vi planerar att \u00e5ka norr\u00f6ver om n\u00e5gra veckor.<\/p>\n","protected":false},"excerpt":{"rendered":"<p>Den 26 juni satt vi vid Styggforsen och v\u00e4ntade p\u00e5 att det skulle bli dags att pensla bete p\u00e5 tr\u00e4den. Pl\u00f6tsligt d\u00f6k det upp ett bekant ansikte, Claes Eliasson med kompisen Bo-G\u00f6ran Larsson stannade till i Styggforsen p\u00e5 sin v\u00e4g till Nordnorge. Det blev trevligt fj\u00e4rilssnack och roligt att ses efter pandemisnack. Bo-G\u00f6ran t\u00e4nde fj\u00e4rilslampan &hellip; <a href=\"https:\/\/amandus.se\/blogg\/?p=2868\" class=\"more-link\">Forts\u00e4tt l\u00e4sa <span class=\"screen-reader-text\">Inga fynd i Dalarna denna g\u00e5ngen<\/span> <span class=\"meta-nav\">&rarr;<\/span><\/a><\/p>\n","protected":false},"author":1,"featured_media":0,"comment_status":"open","ping_status":"open","sticky":false,"template":"","format":"standard","meta":{"footnotes":""},"categories":[4,5,6],"tags":[],"class_list":["post-2868","post","type-post","status-publish","format-standard","hentry","category-ditt-och-datt","category-fjarilarbutterfly","category-sverigesweden"],"_links":{"self":[{"href":"https:\/\/amandus.se\/blogg\/index.php?rest_route=\/wp\/v2\/posts\/2868","targetHints":{"allow":["GET"]}}],"collection":[{"href":"https:\/\/amandus.se\/blogg\/index.php?rest_route=\/wp\/v2\/posts"}],"about":[{"href":"https:\/\/amandus.se\/blogg\/index.php?rest_route=\/wp\/v2\/types\/post"}],"author":[{"embeddable":true,"href":"https:\/\/amandus.se\/blogg\/index.php?rest_route=\/wp\/v2\/users\/1"}],"replies":[{"embeddable":true,"href":"https:\/\/amandus.se\/blogg\/index.php?rest_route=%2Fwp%2Fv2%2Fcomments&post=2868"}],"version-history":[{"count":1,"href":"https:\/\/amandus.se\/blogg\/index.php?rest_route=\/wp\/v2\/posts\/2868\/revisions"}],"predecessor-version":[{"id":2871,"href":"https:\/\/amandus.se\/blogg\/index.php?rest_route=\/wp\/v2\/posts\/2868\/revisions\/2871"}],"wp:attachment":[{"href":"https:\/\/amandus.se\/blogg\/index.php?rest_route=%2Fwp%2Fv2%2Fmedia&parent=2868"}],"wp:term":[{"taxonomy":"category","embeddable":true,"href":"https:\/\/amandus.se\/blogg\/index.php?rest_route=%2Fwp%2Fv2%2Fcategories&post=2868"},{"taxonomy":"post_tag","embeddable":true,"href":"https:\/\/amandus.se\/blogg\/index.php?rest_route=%2Fwp%2Fv2%2Ftags&post=2868"}],"curies":[{"name":"wp","href":"https:\/\/api.w.org\/{rel}","templated":true}]}}