{"id":2873,"date":"2022-08-10T21:01:54","date_gmt":"2022-08-10T19:01:54","guid":{"rendered":"http:\/\/amandus.se\/blogg\/?p=2873"},"modified":"2022-08-10T21:02:08","modified_gmt":"2022-08-10T19:02:08","slug":"antligen-3","status":"publish","type":"post","link":"https:\/\/amandus.se\/blogg\/?p=2873","title":{"rendered":"\u00c5ntligen!"},"content":{"rendered":"\n<p>Nu \u00e4r vi ute p\u00e5 v\u00e4garna igen.  Den 5 augusti styrde vi bilen mot Sk\u00e5ne och Klagshamns udde.  Det var ganska bl\u00e5sigt s\u00e5 det var m\u00e5nga surfare ute och provade v\u00e5gorna.<\/p>\n\n\n\n<figure class=\"wp-block-image size-large\"><img loading=\"lazy\" decoding=\"async\" width=\"1024\" height=\"1022\" src=\"https:\/\/amandus.se\/blogg\/wp-content\/uploads\/2022\/08\/Foto-2022-08-06-19-23-19-1024x1022.jpg\" alt=\"\" class=\"wp-image-2874\" srcset=\"https:\/\/amandus.se\/blogg\/wp-content\/uploads\/2022\/08\/Foto-2022-08-06-19-23-19-1024x1022.jpg 1024w, https:\/\/amandus.se\/blogg\/wp-content\/uploads\/2022\/08\/Foto-2022-08-06-19-23-19-300x300.jpg 300w, https:\/\/amandus.se\/blogg\/wp-content\/uploads\/2022\/08\/Foto-2022-08-06-19-23-19-250x250.jpg 250w, https:\/\/amandus.se\/blogg\/wp-content\/uploads\/2022\/08\/Foto-2022-08-06-19-23-19-768x767.jpg 768w, https:\/\/amandus.se\/blogg\/wp-content\/uploads\/2022\/08\/Foto-2022-08-06-19-23-19.jpg 1200w\" sizes=\"auto, (max-width: 1024px) 100vw, 1024px\" \/><figcaption>Det \u00e4r v\u00e4ldigt grunt vatten vid Klagshamns udde, s\u00e5 funkar inte surfen \u00e4r det bara att hoppa av br\u00e4dan.<\/figcaption><\/figure>\n\n\n\n<p>Den 6 aug. gick vi en promenad runt udden.  Det fl\u00f6g inte s\u00e5 m\u00e5nga fj\u00e4rilar, de satt nog i v\u00e4xtligheten och s\u00f6kte skydd mot bl\u00e5sten.<\/p>\n\n\n\n<figure class=\"wp-block-image size-large\"><img loading=\"lazy\" decoding=\"async\" width=\"1024\" height=\"768\" src=\"https:\/\/amandus.se\/blogg\/wp-content\/uploads\/2022\/08\/Foto-2022-08-06-14-19-25-1024x768.jpg\" alt=\"\" class=\"wp-image-2875\" srcset=\"https:\/\/amandus.se\/blogg\/wp-content\/uploads\/2022\/08\/Foto-2022-08-06-14-19-25-1024x768.jpg 1024w, https:\/\/amandus.se\/blogg\/wp-content\/uploads\/2022\/08\/Foto-2022-08-06-14-19-25-300x225.jpg 300w, https:\/\/amandus.se\/blogg\/wp-content\/uploads\/2022\/08\/Foto-2022-08-06-14-19-25-768x576.jpg 768w, https:\/\/amandus.se\/blogg\/wp-content\/uploads\/2022\/08\/Foto-2022-08-06-14-19-25.jpg 1200w\" sizes=\"auto, (max-width: 1024px) 100vw, 1024px\" \/><figcaption>\u00d6resundsbron<\/figcaption><\/figure>\n\n\n\n<p>Den 8 aug. var v\u00e4dret p\u00e5 v\u00e5r sida, soligt, varmt och vindstilla. F\u00f6rst en l\u00e5ngpromenad med fj\u00e4rilssk\u00e5dning. <\/p>\n\n\n\n<figure class=\"wp-block-image size-large\"><img loading=\"lazy\" decoding=\"async\" width=\"1024\" height=\"768\" src=\"https:\/\/amandus.se\/blogg\/wp-content\/uploads\/2022\/08\/Foto-2022-08-08-11-36-26-1024x768.jpg\" alt=\"\" class=\"wp-image-2876\" srcset=\"https:\/\/amandus.se\/blogg\/wp-content\/uploads\/2022\/08\/Foto-2022-08-08-11-36-26-1024x768.jpg 1024w, https:\/\/amandus.se\/blogg\/wp-content\/uploads\/2022\/08\/Foto-2022-08-08-11-36-26-300x225.jpg 300w, https:\/\/amandus.se\/blogg\/wp-content\/uploads\/2022\/08\/Foto-2022-08-08-11-36-26-768x576.jpg 768w, https:\/\/amandus.se\/blogg\/wp-content\/uploads\/2022\/08\/Foto-2022-08-08-11-36-26.jpg 1200w\" sizes=\"auto, (max-width: 1024px) 100vw, 1024px\" \/><figcaption>Anders letar larver och fj\u00e4rilar<\/figcaption><\/figure>\n\n\n\n<p>P\u00e5 kv\u00e4llen t\u00e4nde vi lampan men det kom inga rara arter. Vi hade \u00e4ven tv\u00e5 f\u00e4llor som vi vittjade men inget sp\u00e4nnande d\u00e4r heller.<\/p>\n\n\n\n<p>9 aug. k\u00f6rde vi till K\u00e5seberga. D\u00e4r finns en st\u00e4llplats s\u00e5 vi fick chans att fylla vatten och ladda alla apparater. Vi \u00e4r inte s\u00e5 f\u00f6rtjusta att st\u00e5 p\u00e5 campingar och st\u00e4llplatser men ibland \u00e4r det n\u00f6dv\u00e4ndigt. Dessutom finns en fiskaff\u00e4r\/r\u00f6keri i K\u00e5seberga som har mycket gott.<\/p>\n\n\n\n<figure class=\"wp-block-image size-large\"><img loading=\"lazy\" decoding=\"async\" width=\"1024\" height=\"452\" src=\"https:\/\/amandus.se\/blogg\/wp-content\/uploads\/2022\/08\/Foto-2022-08-09-19-28-27-1024x452.jpg\" alt=\"\" class=\"wp-image-2877\" srcset=\"https:\/\/amandus.se\/blogg\/wp-content\/uploads\/2022\/08\/Foto-2022-08-09-19-28-27-1024x452.jpg 1024w, https:\/\/amandus.se\/blogg\/wp-content\/uploads\/2022\/08\/Foto-2022-08-09-19-28-27-300x133.jpg 300w, https:\/\/amandus.se\/blogg\/wp-content\/uploads\/2022\/08\/Foto-2022-08-09-19-28-27-768x339.jpg 768w, https:\/\/amandus.se\/blogg\/wp-content\/uploads\/2022\/08\/Foto-2022-08-09-19-28-27.jpg 1200w\" sizes=\"auto, (max-width: 1024px) 100vw, 1024px\" \/><figcaption>M\u00e5nga husbilar p\u00e5 K\u00e5seberga st\u00e4llplats.<\/figcaption><\/figure>\n\n\n\n<p>Idag den 10 aug. \u00e5kte vi till L\u00f6derup. Tog en promenad i omgivningarna.<\/p>\n\n\n\n<figure class=\"wp-block-image size-large\"><img loading=\"lazy\" decoding=\"async\" width=\"1024\" height=\"768\" src=\"https:\/\/amandus.se\/blogg\/wp-content\/uploads\/2022\/08\/Foto-2022-08-10-14-57-28-1024x768.jpg\" alt=\"\" class=\"wp-image-2878\" srcset=\"https:\/\/amandus.se\/blogg\/wp-content\/uploads\/2022\/08\/Foto-2022-08-10-14-57-28-1024x768.jpg 1024w, https:\/\/amandus.se\/blogg\/wp-content\/uploads\/2022\/08\/Foto-2022-08-10-14-57-28-300x225.jpg 300w, https:\/\/amandus.se\/blogg\/wp-content\/uploads\/2022\/08\/Foto-2022-08-10-14-57-28-768x576.jpg 768w, https:\/\/amandus.se\/blogg\/wp-content\/uploads\/2022\/08\/Foto-2022-08-10-14-57-28.jpg 1200w\" sizes=\"auto, (max-width: 1024px) 100vw, 1024px\" \/><figcaption>En s\u00f6t liten stuga som g\u00f6mmer sig i sanddynorna<\/figcaption><\/figure>\n\n\n\n<p>Nu har vi k\u00f6rt vidare till Hagestad. H\u00e4r ska vi t\u00e4nda lampan ikv\u00e4ll. Hoppas, hoppas att det kommer n\u00e5got sp\u00e4nnande till lampan<\/p>\n","protected":false},"excerpt":{"rendered":"<p>Nu \u00e4r vi ute p\u00e5 v\u00e4garna igen. Den 5 augusti styrde vi bilen mot Sk\u00e5ne och Klagshamns udde. Det var ganska bl\u00e5sigt s\u00e5 det var m\u00e5nga surfare ute och provade v\u00e5gorna. Den 6 aug. gick vi en promenad runt udden. Det fl\u00f6g inte s\u00e5 m\u00e5nga fj\u00e4rilar, de satt nog i v\u00e4xtligheten och s\u00f6kte skydd mot &hellip; <a href=\"https:\/\/amandus.se\/blogg\/?p=2873\" class=\"more-link\">Forts\u00e4tt l\u00e4sa <span class=\"screen-reader-text\">\u00c5ntligen!<\/span> <span class=\"meta-nav\">&rarr;<\/span><\/a><\/p>\n","protected":false},"author":1,"featured_media":0,"comment_status":"open","ping_status":"open","sticky":false,"template":"","format":"standard","meta":{"footnotes":""},"categories":[4,5,6],"tags":[],"class_list":["post-2873","post","type-post","status-publish","format-standard","hentry","category-ditt-och-datt","category-fjarilarbutterfly","category-sverigesweden"],"_links":{"self":[{"href":"https:\/\/amandus.se\/blogg\/index.php?rest_route=\/wp\/v2\/posts\/2873","targetHints":{"allow":["GET"]}}],"collection":[{"href":"https:\/\/amandus.se\/blogg\/index.php?rest_route=\/wp\/v2\/posts"}],"about":[{"href":"https:\/\/amandus.se\/blogg\/index.php?rest_route=\/wp\/v2\/types\/post"}],"author":[{"embeddable":true,"href":"https:\/\/amandus.se\/blogg\/index.php?rest_route=\/wp\/v2\/users\/1"}],"replies":[{"embeddable":true,"href":"https:\/\/amandus.se\/blogg\/index.php?rest_route=%2Fwp%2Fv2%2Fcomments&post=2873"}],"version-history":[{"count":1,"href":"https:\/\/amandus.se\/blogg\/index.php?rest_route=\/wp\/v2\/posts\/2873\/revisions"}],"predecessor-version":[{"id":2879,"href":"https:\/\/amandus.se\/blogg\/index.php?rest_route=\/wp\/v2\/posts\/2873\/revisions\/2879"}],"wp:attachment":[{"href":"https:\/\/amandus.se\/blogg\/index.php?rest_route=%2Fwp%2Fv2%2Fmedia&parent=2873"}],"wp:term":[{"taxonomy":"category","embeddable":true,"href":"https:\/\/amandus.se\/blogg\/index.php?rest_route=%2Fwp%2Fv2%2Fcategories&post=2873"},{"taxonomy":"post_tag","embeddable":true,"href":"https:\/\/amandus.se\/blogg\/index.php?rest_route=%2Fwp%2Fv2%2Ftags&post=2873"}],"curies":[{"name":"wp","href":"https:\/\/api.w.org\/{rel}","templated":true}]}}