{"id":2880,"date":"2022-08-12T20:55:43","date_gmt":"2022-08-12T18:55:43","guid":{"rendered":"http:\/\/amandus.se\/blogg\/?p=2880"},"modified":"2022-08-13T20:30:39","modified_gmt":"2022-08-13T18:30:39","slug":"ovantad-handelse","status":"publish","type":"post","link":"https:\/\/amandus.se\/blogg\/?p=2880","title":{"rendered":"Ov\u00e4ntad h\u00e4ndelse"},"content":{"rendered":"\n<p>I f\u00f6rrg\u00e5r hade vi t\u00e4nt lampan i Hagestad med f\u00f6rhoppning om n\u00e5gon rar art. Det kom m\u00e5nga fj\u00e4rilar till lakanet men inget sp\u00e4nnande. P\u00e5 parkeringen bredvid oss stod ytterligare en husbil med en man och en kvinna. Bakom parkeringen flyter en \u00e5 och p\u00e5 \u00e4ngen bakom \u00e5n hade Anders satt upp lampan. Anders gick lite fram och tillbaka mellan husbilen och \u00e4ngen med lampan. Vid ett av tillf\u00e4llena gick mannen i husbilen efter Anders och var mycket uppretad n\u00e4r han kom med sin anklagelse om att Anders tjuvfiskade kr\u00e4ftor i \u00e4n. Anders bara tittade p\u00e5 honom och sa att han h\u00e5ller p\u00e5 med fj\u00e4rilar. Mannen lugnade sig och bad om urs\u00e4kt. Han f\u00f6ljde med Anders till lampan och tyckte det var intressant att se fj\u00e4rilarna. Mycket konstigt \u00e4r man med om som fj\u00e4rilsentusiast :)<\/p>\n\n\n\n<p>I g\u00e5r, 11\/8, \u00e5kte vi till \u00c5hus. Vi parkerade p\u00e5 v\u00e5r vanliga \u00c5hus\u00e4ng.<\/p>\n\n\n\n<figure class=\"wp-block-image size-large\"><img loading=\"lazy\" decoding=\"async\" width=\"1024\" height=\"567\" src=\"https:\/\/amandus.se\/blogg\/wp-content\/uploads\/2022\/08\/Foto-2022-08-11-15-49-43-1024x567.jpg\" alt=\"\" class=\"wp-image-2883\" srcset=\"https:\/\/amandus.se\/blogg\/wp-content\/uploads\/2022\/08\/Foto-2022-08-11-15-49-43-1024x567.jpg 1024w, https:\/\/amandus.se\/blogg\/wp-content\/uploads\/2022\/08\/Foto-2022-08-11-15-49-43-300x166.jpg 300w, https:\/\/amandus.se\/blogg\/wp-content\/uploads\/2022\/08\/Foto-2022-08-11-15-49-43-768x426.jpg 768w, https:\/\/amandus.se\/blogg\/wp-content\/uploads\/2022\/08\/Foto-2022-08-11-15-49-43-672x372.jpg 672w, https:\/\/amandus.se\/blogg\/wp-content\/uploads\/2022\/08\/Foto-2022-08-11-15-49-43-1038x576.jpg 1038w, https:\/\/amandus.se\/blogg\/wp-content\/uploads\/2022\/08\/Foto-2022-08-11-15-49-43.jpg 1200w\" sizes=\"auto, (max-width: 1024px) 100vw, 1024px\" \/><\/figure>\n\n\n\n<p> Det var nog en av sommarens varmaste dagar. Det blev v\u00e4stkustsallad till middag. Varm mat lockade inte.<\/p>\n\n\n\n<figure class=\"wp-block-gallery columns-2 is-cropped wp-block-gallery-1 is-layout-flex wp-block-gallery-is-layout-flex\"><ul class=\"blocks-gallery-grid\"><li class=\"blocks-gallery-item\"><figure><img loading=\"lazy\" decoding=\"async\" width=\"900\" height=\"675\" src=\"https:\/\/amandus.se\/blogg\/wp-content\/uploads\/2022\/08\/Foto-2022-08-11-16-47-44.jpg\" alt=\"\" data-id=\"2881\" data-full-url=\"https:\/\/amandus.se\/blogg\/wp-content\/uploads\/2022\/08\/Foto-2022-08-11-16-47-44.jpg\" data-link=\"https:\/\/amandus.se\/blogg\/?attachment_id=2881\" class=\"wp-image-2881\" srcset=\"https:\/\/amandus.se\/blogg\/wp-content\/uploads\/2022\/08\/Foto-2022-08-11-16-47-44.jpg 900w, https:\/\/amandus.se\/blogg\/wp-content\/uploads\/2022\/08\/Foto-2022-08-11-16-47-44-300x225.jpg 300w, https:\/\/amandus.se\/blogg\/wp-content\/uploads\/2022\/08\/Foto-2022-08-11-16-47-44-768x576.jpg 768w\" sizes=\"auto, (max-width: 900px) 100vw, 900px\" \/><\/figure><\/li><li class=\"blocks-gallery-item\"><figure><img loading=\"lazy\" decoding=\"async\" width=\"900\" height=\"675\" src=\"https:\/\/amandus.se\/blogg\/wp-content\/uploads\/2022\/08\/Foto-2022-08-11-19-26-25.jpg\" alt=\"\" data-id=\"2882\" data-full-url=\"https:\/\/amandus.se\/blogg\/wp-content\/uploads\/2022\/08\/Foto-2022-08-11-19-26-25.jpg\" data-link=\"https:\/\/amandus.se\/blogg\/?attachment_id=2882\" class=\"wp-image-2882\" srcset=\"https:\/\/amandus.se\/blogg\/wp-content\/uploads\/2022\/08\/Foto-2022-08-11-19-26-25.jpg 900w, https:\/\/amandus.se\/blogg\/wp-content\/uploads\/2022\/08\/Foto-2022-08-11-19-26-25-300x225.jpg 300w, https:\/\/amandus.se\/blogg\/wp-content\/uploads\/2022\/08\/Foto-2022-08-11-19-26-25-768x576.jpg 768w\" sizes=\"auto, (max-width: 900px) 100vw, 900px\" \/><\/figure><\/li><\/ul><\/figure>\n\n\n\n<p>Idag, 12\/8, \u00e5kte vi en tur till Viby. D\u00e4r fick vi f\u00f6r f\u00f6rsta g\u00e5ngen se storkar i frihet i Sverige. En satt i boet och n\u00e5gra andra fl\u00f6g runt i omgivningarna. J\u00e4tteroligt att se!<\/p>\n\n\n\n<figure class=\"wp-block-image size-large\"><img loading=\"lazy\" decoding=\"async\" width=\"1024\" height=\"768\" src=\"https:\/\/amandus.se\/blogg\/wp-content\/uploads\/2022\/08\/Foto-2022-08-12-10-55-31-1024x768.jpg\" alt=\"\" class=\"wp-image-2884\" srcset=\"https:\/\/amandus.se\/blogg\/wp-content\/uploads\/2022\/08\/Foto-2022-08-12-10-55-31-1024x768.jpg 1024w, https:\/\/amandus.se\/blogg\/wp-content\/uploads\/2022\/08\/Foto-2022-08-12-10-55-31-300x225.jpg 300w, https:\/\/amandus.se\/blogg\/wp-content\/uploads\/2022\/08\/Foto-2022-08-12-10-55-31-768x576.jpg 768w, https:\/\/amandus.se\/blogg\/wp-content\/uploads\/2022\/08\/Foto-2022-08-12-10-55-31.jpg 1200w\" sizes=\"auto, (max-width: 1024px) 100vw, 1024px\" \/><figcaption>Stork i frihet<\/figcaption><\/figure>\n\n\n\n<p>Vi \u00e5kte runt i Viby och Ripa omr\u00e5det och letade efter v\u00e4xten gr\u00e5bo. P\u00e5 gr\u00e5bo finns n\u00e4mligen sp\u00e4nnande larver av olika kapuschongflyarter. Anders hittade flera men har inte artbest\u00e4mt dem \u00e4nnu.<\/p>\n","protected":false},"excerpt":{"rendered":"<p>I f\u00f6rrg\u00e5r hade vi t\u00e4nt lampan i Hagestad med f\u00f6rhoppning om n\u00e5gon rar art. Det kom m\u00e5nga fj\u00e4rilar till lakanet men inget sp\u00e4nnande. P\u00e5 parkeringen bredvid oss stod ytterligare en husbil med en man och en kvinna. Bakom parkeringen flyter en \u00e5 och p\u00e5 \u00e4ngen bakom \u00e5n hade Anders satt upp lampan. Anders gick lite &hellip; <a href=\"https:\/\/amandus.se\/blogg\/?p=2880\" class=\"more-link\">Forts\u00e4tt l\u00e4sa <span class=\"screen-reader-text\">Ov\u00e4ntad h\u00e4ndelse<\/span> <span class=\"meta-nav\">&rarr;<\/span><\/a><\/p>\n","protected":false},"author":1,"featured_media":0,"comment_status":"open","ping_status":"open","sticky":false,"template":"","format":"standard","meta":{"footnotes":""},"categories":[4,5,6],"tags":[],"class_list":["post-2880","post","type-post","status-publish","format-standard","hentry","category-ditt-och-datt","category-fjarilarbutterfly","category-sverigesweden"],"_links":{"self":[{"href":"https:\/\/amandus.se\/blogg\/index.php?rest_route=\/wp\/v2\/posts\/2880","targetHints":{"allow":["GET"]}}],"collection":[{"href":"https:\/\/amandus.se\/blogg\/index.php?rest_route=\/wp\/v2\/posts"}],"about":[{"href":"https:\/\/amandus.se\/blogg\/index.php?rest_route=\/wp\/v2\/types\/post"}],"author":[{"embeddable":true,"href":"https:\/\/amandus.se\/blogg\/index.php?rest_route=\/wp\/v2\/users\/1"}],"replies":[{"embeddable":true,"href":"https:\/\/amandus.se\/blogg\/index.php?rest_route=%2Fwp%2Fv2%2Fcomments&post=2880"}],"version-history":[{"count":2,"href":"https:\/\/amandus.se\/blogg\/index.php?rest_route=\/wp\/v2\/posts\/2880\/revisions"}],"predecessor-version":[{"id":2886,"href":"https:\/\/amandus.se\/blogg\/index.php?rest_route=\/wp\/v2\/posts\/2880\/revisions\/2886"}],"wp:attachment":[{"href":"https:\/\/amandus.se\/blogg\/index.php?rest_route=%2Fwp%2Fv2%2Fmedia&parent=2880"}],"wp:term":[{"taxonomy":"category","embeddable":true,"href":"https:\/\/amandus.se\/blogg\/index.php?rest_route=%2Fwp%2Fv2%2Fcategories&post=2880"},{"taxonomy":"post_tag","embeddable":true,"href":"https:\/\/amandus.se\/blogg\/index.php?rest_route=%2Fwp%2Fv2%2Ftags&post=2880"}],"curies":[{"name":"wp","href":"https:\/\/api.w.org\/{rel}","templated":true}]}}