{"id":2892,"date":"2022-08-25T21:15:50","date_gmt":"2022-08-25T19:15:50","guid":{"rendered":"http:\/\/amandus.se\/blogg\/?p=2892"},"modified":"2022-08-25T21:16:06","modified_gmt":"2022-08-25T19:16:06","slug":"ah-oland-vad-vi-gillar-dig","status":"publish","type":"post","link":"https:\/\/amandus.se\/blogg\/?p=2892","title":{"rendered":"\u00c5h, \u00d6land vad vi gillar dig!"},"content":{"rendered":"\n<p>I m\u00e5ndags, 22 aug, l\u00e4mnade vi Malm\u00f6n och \u00e5kte mot \u00d6land.  Vi \u00f6vernattade vid Hornborgasj\u00f6n. Hela kv\u00e4llen var det en ormvr\u00e5k som h\u00f6ll oss s\u00e4llskap.<\/p>\n\n\n\n<figure class=\"wp-block-image size-large\"><img loading=\"lazy\" decoding=\"async\" width=\"768\" height=\"1024\" src=\"https:\/\/amandus.se\/blogg\/wp-content\/uploads\/2022\/08\/Oland-0824-5-768x1024.jpg\" alt=\"\" class=\"wp-image-2893\" srcset=\"https:\/\/amandus.se\/blogg\/wp-content\/uploads\/2022\/08\/Oland-0824-5-768x1024.jpg 768w, https:\/\/amandus.se\/blogg\/wp-content\/uploads\/2022\/08\/Oland-0824-5-225x300.jpg 225w, https:\/\/amandus.se\/blogg\/wp-content\/uploads\/2022\/08\/Oland-0824-5-1152x1536.jpg 1152w, https:\/\/amandus.se\/blogg\/wp-content\/uploads\/2022\/08\/Oland-0824-5.jpg 1200w\" sizes=\"auto, (max-width: 768px) 100vw, 768px\" \/><figcaption>En ormvr\u00e5k satt och nj\u00f6t av kv\u00e4llssolen<\/figcaption><\/figure>\n\n\n\n<p>Vid Trandansen fanns en stor ek som drabbades av ett blixtnedslag. N\u00e5gon har gjort lite roligt med tr\u00e4det fast det finns vissa fel :) <\/p>\n\n\n\n<figure class=\"wp-block-image size-large\"><img loading=\"lazy\" decoding=\"async\" width=\"768\" height=\"1024\" src=\"https:\/\/amandus.se\/blogg\/wp-content\/uploads\/2022\/08\/Oland-0824-4-768x1024.jpg\" alt=\"\" class=\"wp-image-2894\" srcset=\"https:\/\/amandus.se\/blogg\/wp-content\/uploads\/2022\/08\/Oland-0824-4-768x1024.jpg 768w, https:\/\/amandus.se\/blogg\/wp-content\/uploads\/2022\/08\/Oland-0824-4-225x300.jpg 225w, https:\/\/amandus.se\/blogg\/wp-content\/uploads\/2022\/08\/Oland-0824-4-1152x1536.jpg 1152w, https:\/\/amandus.se\/blogg\/wp-content\/uploads\/2022\/08\/Oland-0824-4.jpg 1200w\" sizes=\"auto, (max-width: 768px) 100vw, 768px\" \/><\/figure>\n\n\n\n<p>Den 23 aug. k\u00f6rde vi till \u00d6land och slog l\u00e4ger vid Gynge &#8211; Mysinge alvar. Anders gick runt och letade efter larver. N\u00e5gra videbuskar var helt upp\u00e4tna av hungriga <span style=\"color:#127fae\" class=\"has-inline-color\"><strong>Vi<\/strong><\/span><span style=\"color:#0d5371\" class=\"has-inline-color\"><strong>de<\/strong><\/span><strong><span style=\"color:#2213a6\" class=\"has-inline-color\">sv\u00e4rmarlarver (S. ocellata)<\/span><\/strong>. <\/p>\n\n\n\n<figure class=\"wp-block-image size-large\"><img loading=\"lazy\" decoding=\"async\" width=\"1024\" height=\"683\" src=\"https:\/\/amandus.se\/blogg\/wp-content\/uploads\/2022\/08\/IMG_8571-1024x683.jpg\" alt=\"\" class=\"wp-image-2895\" srcset=\"https:\/\/amandus.se\/blogg\/wp-content\/uploads\/2022\/08\/IMG_8571-1024x683.jpg 1024w, https:\/\/amandus.se\/blogg\/wp-content\/uploads\/2022\/08\/IMG_8571-300x200.jpg 300w, https:\/\/amandus.se\/blogg\/wp-content\/uploads\/2022\/08\/IMG_8571-768x512.jpg 768w, https:\/\/amandus.se\/blogg\/wp-content\/uploads\/2022\/08\/IMG_8571.jpg 1200w\" sizes=\"auto, (max-width: 1024px) 100vw, 1024px\" \/><figcaption>En ensam larv men han har haft m\u00e5nga hungriga kompisar<\/figcaption><\/figure>\n\n\n\n<figure class=\"wp-block-image size-large\"><img loading=\"lazy\" decoding=\"async\" width=\"1024\" height=\"683\" src=\"https:\/\/amandus.se\/blogg\/wp-content\/uploads\/2022\/08\/IMG_8567-1024x683.jpg\" alt=\"\" class=\"wp-image-2896\" srcset=\"https:\/\/amandus.se\/blogg\/wp-content\/uploads\/2022\/08\/IMG_8567-1024x683.jpg 1024w, https:\/\/amandus.se\/blogg\/wp-content\/uploads\/2022\/08\/IMG_8567-300x200.jpg 300w, https:\/\/amandus.se\/blogg\/wp-content\/uploads\/2022\/08\/IMG_8567-768x512.jpg 768w, https:\/\/amandus.se\/blogg\/wp-content\/uploads\/2022\/08\/IMG_8567.jpg 1200w\" sizes=\"auto, (max-width: 1024px) 100vw, 1024px\" \/><figcaption> <span style=\"color:#127fae\" class=\"has-inline-color\"><strong>Vi<\/strong><\/span><span style=\"color:#0d5371\" class=\"has-inline-color\"><strong>de<\/strong><\/span><strong><span style=\"color:#2213a6\" class=\"has-inline-color\">sv\u00e4rmarlarv (S. ocellata)<\/span><\/strong>.  <\/figcaption><\/figure>\n\n\n\n<p>Ig\u00e5r, 24 aug., \u00e5kte vi till Kalkstad. N\u00e4r vi satt och fikade fick Anders se en <span style=\"color:#1b4d92\" class=\"has-inline-color\"><strong>Eldsnabbvinge (T, betulae)<\/strong><\/span> som fl\u00f6g runt en sl\u00e5nbuske. Anders misst\u00e4nkte att den var p\u00e5 v\u00e4g att l\u00e4gga \u00e4gg. \u00c4ggen \u00e4r mycket sm\u00e5 ca. 0,5 mm s\u00e5 Anders fick anv\u00e4nda lupp f\u00f6r att se dem.<\/p>\n\n\n\n<figure class=\"wp-block-image size-large\"><img loading=\"lazy\" decoding=\"async\" width=\"1024\" height=\"768\" src=\"https:\/\/amandus.se\/blogg\/wp-content\/uploads\/2022\/08\/Oland-0824-1-1024x768.jpg\" alt=\"\" class=\"wp-image-2897\" srcset=\"https:\/\/amandus.se\/blogg\/wp-content\/uploads\/2022\/08\/Oland-0824-1-1024x768.jpg 1024w, https:\/\/amandus.se\/blogg\/wp-content\/uploads\/2022\/08\/Oland-0824-1-300x225.jpg 300w, https:\/\/amandus.se\/blogg\/wp-content\/uploads\/2022\/08\/Oland-0824-1-768x576.jpg 768w, https:\/\/amandus.se\/blogg\/wp-content\/uploads\/2022\/08\/Oland-0824-1.jpg 1200w\" sizes=\"auto, (max-width: 1024px) 100vw, 1024px\" \/><figcaption>Letar efter \u00e4gg med hj\u00e4lp av lupp<\/figcaption><\/figure>\n\n\n\n<p>Mycket riktigt s\u00e5 satt det ett \u00e4gg p\u00e5 grenen. Eldsnabbvingar l\u00e4gger \u00e4ggen ett och ett s\u00e5 man m\u00e5ste se var honan l\u00e4gger \u00e4ggen f\u00f6r att man ska ha en chans att hitta dem.<\/p>\n\n\n\n<figure class=\"wp-block-image size-large\"><img loading=\"lazy\" decoding=\"async\" width=\"1024\" height=\"683\" src=\"https:\/\/amandus.se\/blogg\/wp-content\/uploads\/2022\/08\/IMG_8576-1024x683.jpg\" alt=\"\" class=\"wp-image-2898\" srcset=\"https:\/\/amandus.se\/blogg\/wp-content\/uploads\/2022\/08\/IMG_8576-1024x683.jpg 1024w, https:\/\/amandus.se\/blogg\/wp-content\/uploads\/2022\/08\/IMG_8576-300x200.jpg 300w, https:\/\/amandus.se\/blogg\/wp-content\/uploads\/2022\/08\/IMG_8576-768x512.jpg 768w, https:\/\/amandus.se\/blogg\/wp-content\/uploads\/2022\/08\/IMG_8576.jpg 1200w\" sizes=\"auto, (max-width: 1024px) 100vw, 1024px\" \/><figcaption>Ett snyggt 0,5 mm \u00e4gg av Eldsnabbvinge.<\/figcaption><\/figure>\n\n\n\n<p>Idag, 25 aug. gick vi en promenad p\u00e5 piren i Beijershamn. Sedan \u00e5kte vi till Kalkstad f\u00f6r att laga mat och senare t\u00e4nda fj\u00e4rilslampan. Anders gick en sv\u00e4ng och slagh\u00e5vade p\u00e5 gr\u00e5bo. Det gav d\u00e5ligt resultat men en <strong><span style=\"color:#2578c5\" class=\"has-inline-color\">Absintkapuschongflylarv (C. absinthii)<\/span><\/strong><span style=\"color:#164b7e\" class=\"has-inline-color\"><strong> <\/strong><\/span>s\u00e5g vi. De \u00e4r s\u00e5 snygga och sv\u00e5ra att se n\u00e4r de kryper p\u00e5 gr\u00e5bo eftersom de ser ut som v\u00e4xten de lever p\u00e5.<\/p>\n\n\n\n<figure class=\"wp-block-image size-large\"><img loading=\"lazy\" decoding=\"async\" width=\"1024\" height=\"683\" src=\"https:\/\/amandus.se\/blogg\/wp-content\/uploads\/2022\/08\/IMG_8584-1024x683.jpg\" alt=\"\" class=\"wp-image-2899\" srcset=\"https:\/\/amandus.se\/blogg\/wp-content\/uploads\/2022\/08\/IMG_8584-1024x683.jpg 1024w, https:\/\/amandus.se\/blogg\/wp-content\/uploads\/2022\/08\/IMG_8584-300x200.jpg 300w, https:\/\/amandus.se\/blogg\/wp-content\/uploads\/2022\/08\/IMG_8584-768x512.jpg 768w, https:\/\/amandus.se\/blogg\/wp-content\/uploads\/2022\/08\/IMG_8584.jpg 1200w\" sizes=\"auto, (max-width: 1024px) 100vw, 1024px\" \/><figcaption>Absintkapuschongfly (C. absinthii)<\/figcaption><\/figure>\n\n\n\n<p><\/p>\n","protected":false},"excerpt":{"rendered":"<p>I m\u00e5ndags, 22 aug, l\u00e4mnade vi Malm\u00f6n och \u00e5kte mot \u00d6land. Vi \u00f6vernattade vid Hornborgasj\u00f6n. Hela kv\u00e4llen var det en ormvr\u00e5k som h\u00f6ll oss s\u00e4llskap. Vid Trandansen fanns en stor ek som drabbades av ett blixtnedslag. N\u00e5gon har gjort lite roligt med tr\u00e4det fast det finns vissa fel :) Den 23 aug. k\u00f6rde vi till &hellip; <a href=\"https:\/\/amandus.se\/blogg\/?p=2892\" class=\"more-link\">Forts\u00e4tt l\u00e4sa <span class=\"screen-reader-text\">\u00c5h, \u00d6land vad vi gillar dig!<\/span> <span class=\"meta-nav\">&rarr;<\/span><\/a><\/p>\n","protected":false},"author":1,"featured_media":0,"comment_status":"open","ping_status":"open","sticky":false,"template":"","format":"standard","meta":{"footnotes":""},"categories":[4,5,6],"tags":[],"class_list":["post-2892","post","type-post","status-publish","format-standard","hentry","category-ditt-och-datt","category-fjarilarbutterfly","category-sverigesweden"],"_links":{"self":[{"href":"https:\/\/amandus.se\/blogg\/index.php?rest_route=\/wp\/v2\/posts\/2892","targetHints":{"allow":["GET"]}}],"collection":[{"href":"https:\/\/amandus.se\/blogg\/index.php?rest_route=\/wp\/v2\/posts"}],"about":[{"href":"https:\/\/amandus.se\/blogg\/index.php?rest_route=\/wp\/v2\/types\/post"}],"author":[{"embeddable":true,"href":"https:\/\/amandus.se\/blogg\/index.php?rest_route=\/wp\/v2\/users\/1"}],"replies":[{"embeddable":true,"href":"https:\/\/amandus.se\/blogg\/index.php?rest_route=%2Fwp%2Fv2%2Fcomments&post=2892"}],"version-history":[{"count":1,"href":"https:\/\/amandus.se\/blogg\/index.php?rest_route=\/wp\/v2\/posts\/2892\/revisions"}],"predecessor-version":[{"id":2900,"href":"https:\/\/amandus.se\/blogg\/index.php?rest_route=\/wp\/v2\/posts\/2892\/revisions\/2900"}],"wp:attachment":[{"href":"https:\/\/amandus.se\/blogg\/index.php?rest_route=%2Fwp%2Fv2%2Fmedia&parent=2892"}],"wp:term":[{"taxonomy":"category","embeddable":true,"href":"https:\/\/amandus.se\/blogg\/index.php?rest_route=%2Fwp%2Fv2%2Fcategories&post=2892"},{"taxonomy":"post_tag","embeddable":true,"href":"https:\/\/amandus.se\/blogg\/index.php?rest_route=%2Fwp%2Fv2%2Ftags&post=2892"}],"curies":[{"name":"wp","href":"https:\/\/api.w.org\/{rel}","templated":true}]}}