{"id":2901,"date":"2022-09-01T21:03:29","date_gmt":"2022-09-01T19:03:29","guid":{"rendered":"http:\/\/amandus.se\/blogg\/?p=2901"},"modified":"2022-09-01T23:44:40","modified_gmt":"2022-09-01T21:44:40","slug":"harliga-dagar-pa-oland","status":"publish","type":"post","link":"https:\/\/amandus.se\/blogg\/?p=2901","title":{"rendered":"H\u00e4rliga dagar p\u00e5 \u00d6land"},"content":{"rendered":"\n<p>Vi har t\u00e4nt lampan p\u00e5 olika platser men inga roliga fynd. Det \u00e4r ingen brist p\u00e5 flygf\u00e4n men inte n\u00e5gon som vi vill ha.<\/p>\n\n\n\n<figure class=\"wp-block-image size-full\"><img loading=\"lazy\" decoding=\"async\" width=\"900\" height=\"675\" src=\"https:\/\/amandus.se\/blogg\/wp-content\/uploads\/2022\/09\/Oland-sep-6.jpg\" alt=\"\" class=\"wp-image-2902\" srcset=\"https:\/\/amandus.se\/blogg\/wp-content\/uploads\/2022\/09\/Oland-sep-6.jpg 900w, https:\/\/amandus.se\/blogg\/wp-content\/uploads\/2022\/09\/Oland-sep-6-300x225.jpg 300w, https:\/\/amandus.se\/blogg\/wp-content\/uploads\/2022\/09\/Oland-sep-6-768x576.jpg 768w\" sizes=\"auto, (max-width: 900px) 100vw, 900px\" \/><figcaption>Sm\u00e5 vattendjur invaderar lakanet.<\/figcaption><\/figure>\n\n\n\n<p>Den 28 augusti \u00e5kte vi till Gr\u00f6nh\u00f6gens st\u00e4llplats. Vacker varm kv\u00e4ll.<\/p>\n\n\n\n<figure class=\"wp-block-image size-large\"><img loading=\"lazy\" decoding=\"async\" width=\"1024\" height=\"414\" src=\"https:\/\/amandus.se\/blogg\/wp-content\/uploads\/2022\/09\/Oland-sep-2-1-1024x414.jpg\" alt=\"\" class=\"wp-image-2903\" srcset=\"https:\/\/amandus.se\/blogg\/wp-content\/uploads\/2022\/09\/Oland-sep-2-1-1024x414.jpg 1024w, https:\/\/amandus.se\/blogg\/wp-content\/uploads\/2022\/09\/Oland-sep-2-1-300x121.jpg 300w, https:\/\/amandus.se\/blogg\/wp-content\/uploads\/2022\/09\/Oland-sep-2-1-768x310.jpg 768w, https:\/\/amandus.se\/blogg\/wp-content\/uploads\/2022\/09\/Oland-sep-2-1.jpg 1200w\" sizes=\"auto, (max-width: 1024px) 100vw, 1024px\" \/><figcaption>Som en tavla<\/figcaption><\/figure>\n\n\n\n<p>Vi har vandrat runt p\u00e5 lusernf\u00e4lt och letat efter fj\u00e4rilar. Efter tv\u00e5 dagars letande fick vi napp. N\u00e5gra <strong><span style=\"color:#0e6387\" class=\"has-inline-color\">Svartfl\u00e4ckigt kn\u00f6lfly (P.scutosa<\/span>) <\/strong><span style=\"color:#115571\" class=\"has-inline-color\">d\u00f6k upp<\/span><\/p>\n\n\n\n<figure class=\"wp-block-image size-large\"><img loading=\"lazy\" decoding=\"async\" width=\"1024\" height=\"835\" src=\"https:\/\/amandus.se\/blogg\/wp-content\/uploads\/2022\/09\/IMG_8618-1024x835.jpg\" alt=\"\" class=\"wp-image-2904\" srcset=\"https:\/\/amandus.se\/blogg\/wp-content\/uploads\/2022\/09\/IMG_8618-1024x835.jpg 1024w, https:\/\/amandus.se\/blogg\/wp-content\/uploads\/2022\/09\/IMG_8618-300x245.jpg 300w, https:\/\/amandus.se\/blogg\/wp-content\/uploads\/2022\/09\/IMG_8618-768x627.jpg 768w, https:\/\/amandus.se\/blogg\/wp-content\/uploads\/2022\/09\/IMG_8618.jpg 1200w\" sizes=\"auto, (max-width: 1024px) 100vw, 1024px\" \/><figcaption> <strong><span style=\"color:#0e6387\" class=\"has-inline-color\">Svartfl\u00e4ckigt kn\u00f6lfly (P.scutosa<\/span>)<\/strong> <\/figcaption><\/figure>\n\n\n\n<p>Den 30 augusti \u00e5kte vi till Gr\u00e4sg\u00e5rds hamn. Vi hade t\u00e4nkt t\u00e4nda lampan d\u00e4r, men det var m\u00e5nga andra husbilar d\u00e4r plus att det var alldeles f\u00f6r m\u00e5nga t\u00e4nda lampor i omr\u00e5det.<\/p>\n\n\n\n<figure class=\"wp-block-image size-large\"><img loading=\"lazy\" decoding=\"async\" width=\"1024\" height=\"768\" src=\"https:\/\/amandus.se\/blogg\/wp-content\/uploads\/2022\/09\/Oland-sep-1-1-1024x768.jpg\" alt=\"\" class=\"wp-image-2905\" srcset=\"https:\/\/amandus.se\/blogg\/wp-content\/uploads\/2022\/09\/Oland-sep-1-1-1024x768.jpg 1024w, https:\/\/amandus.se\/blogg\/wp-content\/uploads\/2022\/09\/Oland-sep-1-1-300x225.jpg 300w, https:\/\/amandus.se\/blogg\/wp-content\/uploads\/2022\/09\/Oland-sep-1-1-768x576.jpg 768w, https:\/\/amandus.se\/blogg\/wp-content\/uploads\/2022\/09\/Oland-sep-1-1.jpg 1200w\" sizes=\"auto, (max-width: 1024px) 100vw, 1024px\" \/><figcaption>Gr\u00e4sg\u00e5rds hamn.<\/figcaption><\/figure>\n\n\n\n<p>Ig\u00e5r den 31 augusti gick vi \u00e5terigen p\u00e5 lusernf\u00e4lt vid Gr\u00f6nh\u00f6gen. D\u00e4r fl\u00f6g flera exemplar av <span style=\"color:#0e688e\" class=\"has-inline-color\"> <strong><span style=\"color:#0e6387\" class=\"has-inline-color\">Svartfl\u00e4ckigt kn\u00f6lfly (P.scutosa<\/span>)<\/strong> <\/span>. P\u00e5 kv\u00e4llen t\u00e4nde vi lampan vid Tr\u00e4by, Stora alvaret. Det kom inget intressant. D\u00e4remot fick vi bes\u00f6k av tre andra entomologer: Benny, Fredrik och Anders (gamla bekanta). De hade varit runt p\u00e5 lusernf\u00e4lt med pannlampa och letat rariteter. Alltid kul att ses.<\/p>\n\n\n\n<figure class=\"wp-block-gallery columns-3 is-cropped wp-block-gallery-1 is-layout-flex wp-block-gallery-is-layout-flex\"><ul class=\"blocks-gallery-grid\"><li class=\"blocks-gallery-item\"><figure><img loading=\"lazy\" decoding=\"async\" width=\"768\" height=\"1024\" src=\"https:\/\/amandus.se\/blogg\/wp-content\/uploads\/2022\/09\/Oland-sep-1-kopiera-768x1024.jpg\" alt=\"\" data-id=\"2906\" data-full-url=\"https:\/\/amandus.se\/blogg\/wp-content\/uploads\/2022\/09\/Oland-sep-1-kopiera.jpg\" data-link=\"https:\/\/amandus.se\/blogg\/?attachment_id=2906\" class=\"wp-image-2906\" srcset=\"https:\/\/amandus.se\/blogg\/wp-content\/uploads\/2022\/09\/Oland-sep-1-kopiera-768x1024.jpg 768w, https:\/\/amandus.se\/blogg\/wp-content\/uploads\/2022\/09\/Oland-sep-1-kopiera-225x300.jpg 225w, https:\/\/amandus.se\/blogg\/wp-content\/uploads\/2022\/09\/Oland-sep-1-kopiera-1152x1536.jpg 1152w, https:\/\/amandus.se\/blogg\/wp-content\/uploads\/2022\/09\/Oland-sep-1-kopiera.jpg 1200w\" sizes=\"auto, (max-width: 768px) 100vw, 768px\" \/><\/figure><\/li><li class=\"blocks-gallery-item\"><figure><img loading=\"lazy\" decoding=\"async\" width=\"768\" height=\"1024\" src=\"https:\/\/amandus.se\/blogg\/wp-content\/uploads\/2022\/09\/Oland-sep-2-kopiera-768x1024.jpg\" alt=\"\" data-id=\"2907\" data-full-url=\"https:\/\/amandus.se\/blogg\/wp-content\/uploads\/2022\/09\/Oland-sep-2-kopiera.jpg\" data-link=\"https:\/\/amandus.se\/blogg\/?attachment_id=2907\" class=\"wp-image-2907\" srcset=\"https:\/\/amandus.se\/blogg\/wp-content\/uploads\/2022\/09\/Oland-sep-2-kopiera-768x1024.jpg 768w, https:\/\/amandus.se\/blogg\/wp-content\/uploads\/2022\/09\/Oland-sep-2-kopiera-225x300.jpg 225w, https:\/\/amandus.se\/blogg\/wp-content\/uploads\/2022\/09\/Oland-sep-2-kopiera-1152x1536.jpg 1152w, https:\/\/amandus.se\/blogg\/wp-content\/uploads\/2022\/09\/Oland-sep-2-kopiera.jpg 1200w\" sizes=\"auto, (max-width: 768px) 100vw, 768px\" \/><\/figure><\/li><li class=\"blocks-gallery-item\"><figure><img loading=\"lazy\" decoding=\"async\" width=\"768\" height=\"1024\" src=\"https:\/\/amandus.se\/blogg\/wp-content\/uploads\/2022\/09\/Oland-sep-3-kopiera-768x1024.jpg\" alt=\"\" data-id=\"2908\" data-full-url=\"https:\/\/amandus.se\/blogg\/wp-content\/uploads\/2022\/09\/Oland-sep-3-kopiera.jpg\" data-link=\"https:\/\/amandus.se\/blogg\/?attachment_id=2908\" class=\"wp-image-2908\" srcset=\"https:\/\/amandus.se\/blogg\/wp-content\/uploads\/2022\/09\/Oland-sep-3-kopiera-768x1024.jpg 768w, https:\/\/amandus.se\/blogg\/wp-content\/uploads\/2022\/09\/Oland-sep-3-kopiera-225x300.jpg 225w, https:\/\/amandus.se\/blogg\/wp-content\/uploads\/2022\/09\/Oland-sep-3-kopiera-1152x1536.jpg 1152w, https:\/\/amandus.se\/blogg\/wp-content\/uploads\/2022\/09\/Oland-sep-3-kopiera.jpg 1200w\" sizes=\"auto, (max-width: 768px) 100vw, 768px\" \/><\/figure><\/li><\/ul><\/figure>\n\n\n\n<p>Idag har det varit \u00e4nnu en dag i lusernens tecken. Ikv\u00e4ll, den 1 september, \u00e4r Anders ute med pannlampa p\u00e5 f\u00e4lten.<\/p>\n\n\n\n<figure class=\"wp-block-image size-large\"><img loading=\"lazy\" decoding=\"async\" width=\"1024\" height=\"768\" src=\"https:\/\/amandus.se\/blogg\/wp-content\/uploads\/2022\/09\/Oland-sep-5-1024x768.jpg\" alt=\"\" class=\"wp-image-2909\" srcset=\"https:\/\/amandus.se\/blogg\/wp-content\/uploads\/2022\/09\/Oland-sep-5-1024x768.jpg 1024w, https:\/\/amandus.se\/blogg\/wp-content\/uploads\/2022\/09\/Oland-sep-5-300x225.jpg 300w, https:\/\/amandus.se\/blogg\/wp-content\/uploads\/2022\/09\/Oland-sep-5-768x576.jpg 768w, https:\/\/amandus.se\/blogg\/wp-content\/uploads\/2022\/09\/Oland-sep-5.jpg 1200w\" sizes=\"auto, (max-width: 1024px) 100vw, 1024px\" \/><figcaption>Anders p\u00e5 ett lusernf\u00e4lt<\/figcaption><\/figure>\n","protected":false},"excerpt":{"rendered":"<p>Vi har t\u00e4nt lampan p\u00e5 olika platser men inga roliga fynd. Det \u00e4r ingen brist p\u00e5 flygf\u00e4n men inte n\u00e5gon som vi vill ha. Den 28 augusti \u00e5kte vi till Gr\u00f6nh\u00f6gens st\u00e4llplats. Vacker varm kv\u00e4ll. Vi har vandrat runt p\u00e5 lusernf\u00e4lt och letat efter fj\u00e4rilar. Efter tv\u00e5 dagars letande fick vi napp. N\u00e5gra Svartfl\u00e4ckigt kn\u00f6lfly &hellip; <a href=\"https:\/\/amandus.se\/blogg\/?p=2901\" class=\"more-link\">Forts\u00e4tt l\u00e4sa <span class=\"screen-reader-text\">H\u00e4rliga dagar p\u00e5 \u00d6land<\/span> <span class=\"meta-nav\">&rarr;<\/span><\/a><\/p>\n","protected":false},"author":1,"featured_media":0,"comment_status":"open","ping_status":"open","sticky":false,"template":"","format":"standard","meta":{"footnotes":""},"categories":[4,5,6],"tags":[],"class_list":["post-2901","post","type-post","status-publish","format-standard","hentry","category-ditt-och-datt","category-fjarilarbutterfly","category-sverigesweden"],"_links":{"self":[{"href":"https:\/\/amandus.se\/blogg\/index.php?rest_route=\/wp\/v2\/posts\/2901","targetHints":{"allow":["GET"]}}],"collection":[{"href":"https:\/\/amandus.se\/blogg\/index.php?rest_route=\/wp\/v2\/posts"}],"about":[{"href":"https:\/\/amandus.se\/blogg\/index.php?rest_route=\/wp\/v2\/types\/post"}],"author":[{"embeddable":true,"href":"https:\/\/amandus.se\/blogg\/index.php?rest_route=\/wp\/v2\/users\/1"}],"replies":[{"embeddable":true,"href":"https:\/\/amandus.se\/blogg\/index.php?rest_route=%2Fwp%2Fv2%2Fcomments&post=2901"}],"version-history":[{"count":4,"href":"https:\/\/amandus.se\/blogg\/index.php?rest_route=\/wp\/v2\/posts\/2901\/revisions"}],"predecessor-version":[{"id":2914,"href":"https:\/\/amandus.se\/blogg\/index.php?rest_route=\/wp\/v2\/posts\/2901\/revisions\/2914"}],"wp:attachment":[{"href":"https:\/\/amandus.se\/blogg\/index.php?rest_route=%2Fwp%2Fv2%2Fmedia&parent=2901"}],"wp:term":[{"taxonomy":"category","embeddable":true,"href":"https:\/\/amandus.se\/blogg\/index.php?rest_route=%2Fwp%2Fv2%2Fcategories&post=2901"},{"taxonomy":"post_tag","embeddable":true,"href":"https:\/\/amandus.se\/blogg\/index.php?rest_route=%2Fwp%2Fv2%2Ftags&post=2901"}],"curies":[{"name":"wp","href":"https:\/\/api.w.org\/{rel}","templated":true}]}}