{"id":2926,"date":"2022-09-19T19:31:46","date_gmt":"2022-09-19T17:31:46","guid":{"rendered":"http:\/\/amandus.se\/blogg\/?p=2926"},"modified":"2022-09-19T19:32:00","modified_gmt":"2022-09-19T17:32:00","slug":"oland-lockar-standigt","status":"publish","type":"post","link":"https:\/\/amandus.se\/blogg\/?p=2926","title":{"rendered":"\u00d6land lockar st\u00e4ndigt"},"content":{"rendered":"\n<p>Torsdag den 15 september packade vi husbilen och drog iv\u00e4g. F\u00f6rsta stoppet blev Hornborgasj\u00f6n. H\u00e4rlig solnedg\u00e5ng.<\/p>\n\n\n\n<figure class=\"wp-block-image size-large\"><img loading=\"lazy\" decoding=\"async\" width=\"1024\" height=\"983\" src=\"https:\/\/amandus.se\/blogg\/wp-content\/uploads\/2022\/09\/Foto-2022-09-15-19-28-34-1024x983.jpg\" alt=\"\" class=\"wp-image-2927\" srcset=\"https:\/\/amandus.se\/blogg\/wp-content\/uploads\/2022\/09\/Foto-2022-09-15-19-28-34-1024x983.jpg 1024w, https:\/\/amandus.se\/blogg\/wp-content\/uploads\/2022\/09\/Foto-2022-09-15-19-28-34-300x288.jpg 300w, https:\/\/amandus.se\/blogg\/wp-content\/uploads\/2022\/09\/Foto-2022-09-15-19-28-34-768x737.jpg 768w, https:\/\/amandus.se\/blogg\/wp-content\/uploads\/2022\/09\/Foto-2022-09-15-19-28-34.jpg 1200w\" sizes=\"auto, (max-width: 1024px) 100vw, 1024px\" \/><figcaption>Solen skiner \u00e4ven genom bilf\u00f6nstret :)<\/figcaption><\/figure>\n\n\n\n<p>N\u00e4sta dag k\u00f6rde vi mot \u00d6land. Vi k\u00f6rde till G\u00e5rdby sandhed och slog l\u00e4ger. Den 17 sept. \u00e5kte vi till Beijershamn och gick en promenad. P\u00e5 kv\u00e4llen hamnade vi i Nunnedalen, som \u00e4r en fin h\u00f6jd d\u00e4r man blickar ut \u00f6ver Kalmarsund. <\/p>\n\n\n\n<figure class=\"wp-block-image size-large\"><img loading=\"lazy\" decoding=\"async\" width=\"1024\" height=\"584\" src=\"https:\/\/amandus.se\/blogg\/wp-content\/uploads\/2022\/09\/Foto-2022-09-18-17-00-32-1024x584.jpg\" alt=\"\" class=\"wp-image-2929\" srcset=\"https:\/\/amandus.se\/blogg\/wp-content\/uploads\/2022\/09\/Foto-2022-09-18-17-00-32-1024x584.jpg 1024w, https:\/\/amandus.se\/blogg\/wp-content\/uploads\/2022\/09\/Foto-2022-09-18-17-00-32-300x171.jpg 300w, https:\/\/amandus.se\/blogg\/wp-content\/uploads\/2022\/09\/Foto-2022-09-18-17-00-32-768x438.jpg 768w, https:\/\/amandus.se\/blogg\/wp-content\/uploads\/2022\/09\/Foto-2022-09-18-17-00-32.jpg 1200w\" sizes=\"auto, (max-width: 1024px) 100vw, 1024px\" \/><\/figure>\n\n\n\n<p>Anders gick runt p\u00e5 lusernf\u00e4lten med pannlampa. M\u00e5nga flyn men inget sp\u00e4nnande. Vacker solnedg\u00e5ng fick vi dock se.<\/p>\n\n\n\n<figure class=\"wp-block-image size-large\"><img loading=\"lazy\" decoding=\"async\" width=\"1024\" height=\"768\" src=\"https:\/\/amandus.se\/blogg\/wp-content\/uploads\/2022\/09\/Foto-2022-09-17-19-33-12-1024x768.jpg\" alt=\"\" class=\"wp-image-2928\" srcset=\"https:\/\/amandus.se\/blogg\/wp-content\/uploads\/2022\/09\/Foto-2022-09-17-19-33-12-1024x768.jpg 1024w, https:\/\/amandus.se\/blogg\/wp-content\/uploads\/2022\/09\/Foto-2022-09-17-19-33-12-300x225.jpg 300w, https:\/\/amandus.se\/blogg\/wp-content\/uploads\/2022\/09\/Foto-2022-09-17-19-33-12-768x576.jpg 768w, https:\/\/amandus.se\/blogg\/wp-content\/uploads\/2022\/09\/Foto-2022-09-17-19-33-12.jpg 1200w\" sizes=\"auto, (max-width: 1024px) 100vw, 1024px\" \/><\/figure>\n\n\n\n<p>Ig\u00e5r den 18 sep. var vi p\u00e5 Drottning \u00d6das restaurang i \u00d6ssby. Denna helgen var det Matrunda p\u00e5 \u00d6land. Hos Drottning \u00d6da fanns det sju olika potatisr\u00e4tter som man valde fisk eller k\u00f6tt till. J\u00e4ttegott!<\/p>\n\n\n\n<figure class=\"wp-block-image size-large\"><img loading=\"lazy\" decoding=\"async\" width=\"1024\" height=\"768\" src=\"https:\/\/amandus.se\/blogg\/wp-content\/uploads\/2022\/09\/Foto-2022-09-18-13-30-19-1024x768.jpg\" alt=\"\" class=\"wp-image-2930\" srcset=\"https:\/\/amandus.se\/blogg\/wp-content\/uploads\/2022\/09\/Foto-2022-09-18-13-30-19-1024x768.jpg 1024w, https:\/\/amandus.se\/blogg\/wp-content\/uploads\/2022\/09\/Foto-2022-09-18-13-30-19-300x225.jpg 300w, https:\/\/amandus.se\/blogg\/wp-content\/uploads\/2022\/09\/Foto-2022-09-18-13-30-19-768x576.jpg 768w, https:\/\/amandus.se\/blogg\/wp-content\/uploads\/2022\/09\/Foto-2022-09-18-13-30-19.jpg 1200w\" sizes=\"auto, (max-width: 1024px) 100vw, 1024px\" \/><\/figure>\n\n\n\n<p>Vi gick en promenad i \u00d6ssby, en liten fin by. Vi satte oss vid stranden och nj\u00f6t i solen.<\/p>\n\n\n\n<figure class=\"wp-block-image size-large\"><img loading=\"lazy\" decoding=\"async\" width=\"1024\" height=\"768\" src=\"https:\/\/amandus.se\/blogg\/wp-content\/uploads\/2022\/09\/Foto-2022-09-18-13-59-50-1024x768.jpg\" alt=\"\" class=\"wp-image-2931\" srcset=\"https:\/\/amandus.se\/blogg\/wp-content\/uploads\/2022\/09\/Foto-2022-09-18-13-59-50-1024x768.jpg 1024w, https:\/\/amandus.se\/blogg\/wp-content\/uploads\/2022\/09\/Foto-2022-09-18-13-59-50-300x225.jpg 300w, https:\/\/amandus.se\/blogg\/wp-content\/uploads\/2022\/09\/Foto-2022-09-18-13-59-50-768x576.jpg 768w, https:\/\/amandus.se\/blogg\/wp-content\/uploads\/2022\/09\/Foto-2022-09-18-13-59-50.jpg 1200w\" sizes=\"auto, (max-width: 1024px) 100vw, 1024px\" \/><\/figure>\n\n\n\n<p>Idag, 19\/9, blev det promenad p\u00e5 M\u00f6ckelmossen. <\/p>\n\n\n\n<figure class=\"wp-block-image size-large\"><img loading=\"lazy\" decoding=\"async\" width=\"1024\" height=\"768\" src=\"https:\/\/amandus.se\/blogg\/wp-content\/uploads\/2022\/09\/Foto-2022-09-19-13-45-44-1024x768.jpg\" alt=\"\" class=\"wp-image-2932\" srcset=\"https:\/\/amandus.se\/blogg\/wp-content\/uploads\/2022\/09\/Foto-2022-09-19-13-45-44-1024x768.jpg 1024w, https:\/\/amandus.se\/blogg\/wp-content\/uploads\/2022\/09\/Foto-2022-09-19-13-45-44-300x225.jpg 300w, https:\/\/amandus.se\/blogg\/wp-content\/uploads\/2022\/09\/Foto-2022-09-19-13-45-44-768x576.jpg 768w, https:\/\/amandus.se\/blogg\/wp-content\/uploads\/2022\/09\/Foto-2022-09-19-13-45-44.jpg 1200w\" sizes=\"auto, (max-width: 1024px) 100vw, 1024px\" \/><\/figure>\n\n\n\n<p>Vi hade t\u00e4nkt lysa ikv\u00e4ll men tyv\u00e4rr kom det en regnskur p\u00e5 seneftermiddagen s\u00e5 inst\u00e4llt lys.<\/p>\n","protected":false},"excerpt":{"rendered":"<p>Torsdag den 15 september packade vi husbilen och drog iv\u00e4g. F\u00f6rsta stoppet blev Hornborgasj\u00f6n. H\u00e4rlig solnedg\u00e5ng. N\u00e4sta dag k\u00f6rde vi mot \u00d6land. Vi k\u00f6rde till G\u00e5rdby sandhed och slog l\u00e4ger. Den 17 sept. \u00e5kte vi till Beijershamn och gick en promenad. P\u00e5 kv\u00e4llen hamnade vi i Nunnedalen, som \u00e4r en fin h\u00f6jd d\u00e4r man blickar &hellip; <a href=\"https:\/\/amandus.se\/blogg\/?p=2926\" class=\"more-link\">Forts\u00e4tt l\u00e4sa <span class=\"screen-reader-text\">\u00d6land lockar st\u00e4ndigt<\/span> <span class=\"meta-nav\">&rarr;<\/span><\/a><\/p>\n","protected":false},"author":1,"featured_media":0,"comment_status":"open","ping_status":"open","sticky":false,"template":"","format":"standard","meta":{"footnotes":""},"categories":[4,5,6],"tags":[],"class_list":["post-2926","post","type-post","status-publish","format-standard","hentry","category-ditt-och-datt","category-fjarilarbutterfly","category-sverigesweden"],"_links":{"self":[{"href":"https:\/\/amandus.se\/blogg\/index.php?rest_route=\/wp\/v2\/posts\/2926","targetHints":{"allow":["GET"]}}],"collection":[{"href":"https:\/\/amandus.se\/blogg\/index.php?rest_route=\/wp\/v2\/posts"}],"about":[{"href":"https:\/\/amandus.se\/blogg\/index.php?rest_route=\/wp\/v2\/types\/post"}],"author":[{"embeddable":true,"href":"https:\/\/amandus.se\/blogg\/index.php?rest_route=\/wp\/v2\/users\/1"}],"replies":[{"embeddable":true,"href":"https:\/\/amandus.se\/blogg\/index.php?rest_route=%2Fwp%2Fv2%2Fcomments&post=2926"}],"version-history":[{"count":1,"href":"https:\/\/amandus.se\/blogg\/index.php?rest_route=\/wp\/v2\/posts\/2926\/revisions"}],"predecessor-version":[{"id":2933,"href":"https:\/\/amandus.se\/blogg\/index.php?rest_route=\/wp\/v2\/posts\/2926\/revisions\/2933"}],"wp:attachment":[{"href":"https:\/\/amandus.se\/blogg\/index.php?rest_route=%2Fwp%2Fv2%2Fmedia&parent=2926"}],"wp:term":[{"taxonomy":"category","embeddable":true,"href":"https:\/\/amandus.se\/blogg\/index.php?rest_route=%2Fwp%2Fv2%2Fcategories&post=2926"},{"taxonomy":"post_tag","embeddable":true,"href":"https:\/\/amandus.se\/blogg\/index.php?rest_route=%2Fwp%2Fv2%2Ftags&post=2926"}],"curies":[{"name":"wp","href":"https:\/\/api.w.org\/{rel}","templated":true}]}}