{"id":2934,"date":"2022-09-21T21:49:22","date_gmt":"2022-09-21T19:49:22","guid":{"rendered":"http:\/\/amandus.se\/blogg\/?p=2934"},"modified":"2022-09-21T22:01:52","modified_gmt":"2022-09-21T20:01:52","slug":"fina-vandringsleder-pa-oland","status":"publish","type":"post","link":"https:\/\/amandus.se\/blogg\/?p=2934","title":{"rendered":"Fina vandringsleder p\u00e5 \u00f6land"},"content":{"rendered":"\n<p>Det finna m\u00e5nga fina vandringsleder h\u00e4r p\u00e5 \u00d6land. Vi har best\u00e4mt oss f\u00f6r att g\u00e5 en led varje dag (om inget annat lockar:)) <\/p>\n\n\n\n<p>Ig\u00e5r, 20\/9, gick vi leden i Nunnedalen. Det \u00e4r en smal l\u00f6vskogsremsa. Det \u00e4r lite djungelk\u00e4nsla p\u00e5 vissa st\u00e4llen l\u00e4ngs leden.<\/p>\n\n\n\n<figure class=\"wp-block-image size-large\"><img loading=\"lazy\" decoding=\"async\" width=\"1024\" height=\"768\" src=\"https:\/\/amandus.se\/blogg\/wp-content\/uploads\/2022\/09\/220921-04-1024x768.jpg\" alt=\"\" class=\"wp-image-2935\" srcset=\"https:\/\/amandus.se\/blogg\/wp-content\/uploads\/2022\/09\/220921-04-1024x768.jpg 1024w, https:\/\/amandus.se\/blogg\/wp-content\/uploads\/2022\/09\/220921-04-300x225.jpg 300w, https:\/\/amandus.se\/blogg\/wp-content\/uploads\/2022\/09\/220921-04-768x576.jpg 768w, https:\/\/amandus.se\/blogg\/wp-content\/uploads\/2022\/09\/220921-04.jpg 1200w\" sizes=\"auto, (max-width: 1024px) 100vw, 1024px\" \/><figcaption>Nunnedalen<\/figcaption><\/figure>\n\n\n\n<figure class=\"wp-block-image size-large\"><img loading=\"lazy\" decoding=\"async\" width=\"1024\" height=\"768\" src=\"https:\/\/amandus.se\/blogg\/wp-content\/uploads\/2022\/09\/220921-01-1024x768.jpg\" alt=\"\" class=\"wp-image-2936\" srcset=\"https:\/\/amandus.se\/blogg\/wp-content\/uploads\/2022\/09\/220921-01-1024x768.jpg 1024w, https:\/\/amandus.se\/blogg\/wp-content\/uploads\/2022\/09\/220921-01-300x225.jpg 300w, https:\/\/amandus.se\/blogg\/wp-content\/uploads\/2022\/09\/220921-01-768x576.jpg 768w, https:\/\/amandus.se\/blogg\/wp-content\/uploads\/2022\/09\/220921-01.jpg 1200w\" sizes=\"auto, (max-width: 1024px) 100vw, 1024px\" \/><figcaption>Nunnedalen<\/figcaption><\/figure>\n\n\n\n<p>Det v\u00e4xte murgr\u00f6na \u00f6verallt. Den kl\u00e4ttrar med st\u00f6d av tr\u00e4den. <\/p>\n\n\n\n<figure class=\"wp-block-image size-large\"><img loading=\"lazy\" decoding=\"async\" width=\"768\" height=\"1024\" src=\"https:\/\/amandus.se\/blogg\/wp-content\/uploads\/2022\/09\/220921-07-768x1024.jpg\" alt=\"\" class=\"wp-image-2937\" srcset=\"https:\/\/amandus.se\/blogg\/wp-content\/uploads\/2022\/09\/220921-07-768x1024.jpg 768w, https:\/\/amandus.se\/blogg\/wp-content\/uploads\/2022\/09\/220921-07-225x300.jpg 225w, https:\/\/amandus.se\/blogg\/wp-content\/uploads\/2022\/09\/220921-07-1152x1536.jpg 1152w, https:\/\/amandus.se\/blogg\/wp-content\/uploads\/2022\/09\/220921-07.jpg 1200w\" sizes=\"auto, (max-width: 768px) 100vw, 768px\" \/><figcaption><span class=\"has-inline-color has-black-color\">Murgr\u00f6nan tar tag i stock och sten f\u00f6r sin kl\u00e4ttring upp\u00e5t.<\/span><\/figcaption><\/figure>\n\n\n\n<p>Mitt i skogen d\u00f6k det upp ett kapell.<\/p>\n\n\n\n<figure class=\"wp-block-image size-large\"><img loading=\"lazy\" decoding=\"async\" width=\"1024\" height=\"768\" src=\"https:\/\/amandus.se\/blogg\/wp-content\/uploads\/2022\/09\/220921-05-1024x768.jpg\" alt=\"\" class=\"wp-image-2938\" srcset=\"https:\/\/amandus.se\/blogg\/wp-content\/uploads\/2022\/09\/220921-05-1024x768.jpg 1024w, https:\/\/amandus.se\/blogg\/wp-content\/uploads\/2022\/09\/220921-05-300x225.jpg 300w, https:\/\/amandus.se\/blogg\/wp-content\/uploads\/2022\/09\/220921-05-768x576.jpg 768w, https:\/\/amandus.se\/blogg\/wp-content\/uploads\/2022\/09\/220921-05.jpg 1200w\" sizes=\"auto, (max-width: 1024px) 100vw, 1024px\" \/><figcaption><span class=\"has-inline-color has-black-color\">Naturkapell<\/span><\/figcaption><\/figure>\n\n\n\n<p>N\u00e5gra tr\u00e4d hade f\u00e5tt inristningar av par som bes\u00f6kt platsen.<\/p>\n\n\n\n<figure class=\"wp-block-image size-large\"><img loading=\"lazy\" decoding=\"async\" width=\"768\" height=\"1024\" src=\"https:\/\/amandus.se\/blogg\/wp-content\/uploads\/2022\/09\/220921-02-768x1024.jpg\" alt=\"\" class=\"wp-image-2939\" srcset=\"https:\/\/amandus.se\/blogg\/wp-content\/uploads\/2022\/09\/220921-02-768x1024.jpg 768w, https:\/\/amandus.se\/blogg\/wp-content\/uploads\/2022\/09\/220921-02-225x300.jpg 225w, https:\/\/amandus.se\/blogg\/wp-content\/uploads\/2022\/09\/220921-02-1152x1536.jpg 1152w, https:\/\/amandus.se\/blogg\/wp-content\/uploads\/2022\/09\/220921-02.jpg 1200w\" sizes=\"auto, (max-width: 768px) 100vw, 768px\" \/><figcaption><span class=\"has-inline-color has-black-color\">M\u00e5nga k\u00e4rlekspar som varit h\u00e4r <\/span><\/figcaption><\/figure>\n\n\n\n<p><span class=\"has-inline-color has-black-color\">Idag, 21\/9, gick vi G\u00f6sslundaleden som leder till Tingstad flisor som \u00e4r tv\u00e5, drygt tre meter h\u00f6ga tillhuggna kalkstensflisor. Platsen d\u00e4r flisorna st\u00e5r n\u00e4mns i handlingar s\u00e5 tidigt som 1393. Det kan ha varit en tingsplats d\u00e4r m\u00e4nniskorna fr\u00e5n byarna runt omkring avgjorde gemensamma \u00e4renden, l\u00f6ste tvister och avkunnade domar. Det har ocks\u00e5 framkastats tankar om att flisorna, som st\u00e5r i 90 graders vinkel mot varandra, kan ha fungerat som ett solur d\u00e4r den smalaste skuggan fr\u00e5n vardera flisan markerat tingets b\u00f6rjan och slut.\u00a0Man vet inte n\u00e4r stenarna restes men de st\u00e5r p\u00e5 ett gravf\u00e4lt d\u00e4r det finns l\u00e4mningar fr\u00e5n b\u00e5de brons\u00e5ldern och j\u00e4rn\u00e5ldern. (K\u00e4lla: L\u00e4nsstyrelsen Kalmar l\u00e4n)<\/span><\/p>\n\n\n\n<figure class=\"wp-block-image size-large\"><img loading=\"lazy\" decoding=\"async\" width=\"855\" height=\"1024\" src=\"https:\/\/amandus.se\/blogg\/wp-content\/uploads\/2022\/09\/DSCN3140-1-855x1024.jpg\" alt=\"\" class=\"wp-image-2944\" srcset=\"https:\/\/amandus.se\/blogg\/wp-content\/uploads\/2022\/09\/DSCN3140-1-855x1024.jpg 855w, https:\/\/amandus.se\/blogg\/wp-content\/uploads\/2022\/09\/DSCN3140-1-251x300.jpg 251w, https:\/\/amandus.se\/blogg\/wp-content\/uploads\/2022\/09\/DSCN3140-1-768x920.jpg 768w, https:\/\/amandus.se\/blogg\/wp-content\/uploads\/2022\/09\/DSCN3140-1.jpg 1200w\" sizes=\"auto, (max-width: 855px) 100vw, 855px\" \/><figcaption><span class=\"has-inline-color has-black-color\">Vid den norra stenen \u00e4r jag (Ann) skalfigur<\/span><\/figcaption><\/figure>\n\n\n\n<figure class=\"wp-block-image size-large\"><img loading=\"lazy\" decoding=\"async\" width=\"1024\" height=\"852\" src=\"https:\/\/amandus.se\/blogg\/wp-content\/uploads\/2022\/09\/DSCN3151-1-1024x852.jpg\" alt=\"\" class=\"wp-image-2945\" srcset=\"https:\/\/amandus.se\/blogg\/wp-content\/uploads\/2022\/09\/DSCN3151-1-1024x852.jpg 1024w, https:\/\/amandus.se\/blogg\/wp-content\/uploads\/2022\/09\/DSCN3151-1-300x250.jpg 300w, https:\/\/amandus.se\/blogg\/wp-content\/uploads\/2022\/09\/DSCN3151-1-768x639.jpg 768w, https:\/\/amandus.se\/blogg\/wp-content\/uploads\/2022\/09\/DSCN3151-1.jpg 1200w\" sizes=\"auto, (max-width: 1024px) 100vw, 1024px\" \/><figcaption><span class=\"has-inline-color has-black-color\">Den s\u00f6dra stenen<\/span><\/figcaption><\/figure>\n\n\n\n<p><span class=\"has-inline-color has-black-color\">Det \u00e4r alvarmark , en kalkberggrund med inget eller tunt jordlager, l\u00e4ngs hela leden.<\/span><\/p>\n\n\n\n<figure class=\"wp-block-image size-large\"><img loading=\"lazy\" decoding=\"async\" width=\"1024\" height=\"768\" src=\"https:\/\/amandus.se\/blogg\/wp-content\/uploads\/2022\/09\/DSCN3132-1024x768.jpg\" alt=\"\" class=\"wp-image-2942\" srcset=\"https:\/\/amandus.se\/blogg\/wp-content\/uploads\/2022\/09\/DSCN3132-1024x768.jpg 1024w, https:\/\/amandus.se\/blogg\/wp-content\/uploads\/2022\/09\/DSCN3132-300x225.jpg 300w, https:\/\/amandus.se\/blogg\/wp-content\/uploads\/2022\/09\/DSCN3132-768x576.jpg 768w, https:\/\/amandus.se\/blogg\/wp-content\/uploads\/2022\/09\/DSCN3132.jpg 1200w\" sizes=\"auto, (max-width: 1024px) 100vw, 1024px\" \/><figcaption><span class=\"has-inline-color has-black-color\">M\u00e5nga enar och v\u00e4ldigt stenigt<\/span><\/figcaption><\/figure>\n\n\n\n<p>Det betade f\u00e5r och kor i omr\u00e5det. Vi s\u00e5g \u00e4ven en koppar\u00f6dla.<\/p>\n\n\n\n<figure class=\"wp-block-image size-large\"><img loading=\"lazy\" decoding=\"async\" width=\"1024\" height=\"768\" src=\"https:\/\/amandus.se\/blogg\/wp-content\/uploads\/2022\/09\/DSCN3136-1024x768.jpg\" alt=\"\" class=\"wp-image-2943\" srcset=\"https:\/\/amandus.se\/blogg\/wp-content\/uploads\/2022\/09\/DSCN3136-1024x768.jpg 1024w, https:\/\/amandus.se\/blogg\/wp-content\/uploads\/2022\/09\/DSCN3136-300x225.jpg 300w, https:\/\/amandus.se\/blogg\/wp-content\/uploads\/2022\/09\/DSCN3136-768x576.jpg 768w, https:\/\/amandus.se\/blogg\/wp-content\/uploads\/2022\/09\/DSCN3136.jpg 1200w\" sizes=\"auto, (max-width: 1024px) 100vw, 1024px\" \/><figcaption><span class=\"has-inline-color has-black-color\">Koppar\u00f6dla<\/span><\/figcaption><\/figure>\n\n\n\n<p><\/p>\n","protected":false},"excerpt":{"rendered":"<p>Det finna m\u00e5nga fina vandringsleder h\u00e4r p\u00e5 \u00d6land. Vi har best\u00e4mt oss f\u00f6r att g\u00e5 en led varje dag (om inget annat lockar:)) Ig\u00e5r, 20\/9, gick vi leden i Nunnedalen. Det \u00e4r en smal l\u00f6vskogsremsa. Det \u00e4r lite djungelk\u00e4nsla p\u00e5 vissa st\u00e4llen l\u00e4ngs leden. Det v\u00e4xte murgr\u00f6na \u00f6verallt. Den kl\u00e4ttrar med st\u00f6d av tr\u00e4den. Mitt &hellip; <a href=\"https:\/\/amandus.se\/blogg\/?p=2934\" class=\"more-link\">Forts\u00e4tt l\u00e4sa <span class=\"screen-reader-text\">Fina vandringsleder p\u00e5 \u00f6land<\/span> <span class=\"meta-nav\">&rarr;<\/span><\/a><\/p>\n","protected":false},"author":1,"featured_media":0,"comment_status":"open","ping_status":"open","sticky":false,"template":"","format":"standard","meta":{"footnotes":""},"categories":[4,6],"tags":[],"class_list":["post-2934","post","type-post","status-publish","format-standard","hentry","category-ditt-och-datt","category-sverigesweden"],"_links":{"self":[{"href":"https:\/\/amandus.se\/blogg\/index.php?rest_route=\/wp\/v2\/posts\/2934","targetHints":{"allow":["GET"]}}],"collection":[{"href":"https:\/\/amandus.se\/blogg\/index.php?rest_route=\/wp\/v2\/posts"}],"about":[{"href":"https:\/\/amandus.se\/blogg\/index.php?rest_route=\/wp\/v2\/types\/post"}],"author":[{"embeddable":true,"href":"https:\/\/amandus.se\/blogg\/index.php?rest_route=\/wp\/v2\/users\/1"}],"replies":[{"embeddable":true,"href":"https:\/\/amandus.se\/blogg\/index.php?rest_route=%2Fwp%2Fv2%2Fcomments&post=2934"}],"version-history":[{"count":4,"href":"https:\/\/amandus.se\/blogg\/index.php?rest_route=\/wp\/v2\/posts\/2934\/revisions"}],"predecessor-version":[{"id":2949,"href":"https:\/\/amandus.se\/blogg\/index.php?rest_route=\/wp\/v2\/posts\/2934\/revisions\/2949"}],"wp:attachment":[{"href":"https:\/\/amandus.se\/blogg\/index.php?rest_route=%2Fwp%2Fv2%2Fmedia&parent=2934"}],"wp:term":[{"taxonomy":"category","embeddable":true,"href":"https:\/\/amandus.se\/blogg\/index.php?rest_route=%2Fwp%2Fv2%2Fcategories&post=2934"},{"taxonomy":"post_tag","embeddable":true,"href":"https:\/\/amandus.se\/blogg\/index.php?rest_route=%2Fwp%2Fv2%2Ftags&post=2934"}],"curies":[{"name":"wp","href":"https:\/\/api.w.org\/{rel}","templated":true}]}}