{"id":2950,"date":"2022-09-22T21:33:55","date_gmt":"2022-09-22T19:33:55","guid":{"rendered":"http:\/\/amandus.se\/blogg\/?p=2950"},"modified":"2022-09-22T21:34:05","modified_gmt":"2022-09-22T19:34:05","slug":"annu-en-solig-fin-dag","status":"publish","type":"post","link":"https:\/\/amandus.se\/blogg\/?p=2950","title":{"rendered":"\u00c4nnu en solig fin dag"},"content":{"rendered":"\n<p>Vi hade t\u00e4nt fj\u00e4rilslampan ig\u00e5r kv\u00e4ll i Tr\u00e4by men f\u00e5 fj\u00e4rilar. B\u00e4ttre tur en annan kv\u00e4ll.<\/p>\n\n\n\n<p>Idag, 22\/9, valde vi att g\u00e5 Anna Rydstedtstigen. Anna Rydstedt var en svensk poet. Hon f\u00f6ddes i Ventlinge 1928 och dog 1994. Anna Rydstedt-s\u00e4llskapet har skapat en promenadslinga i Ventlinge d\u00e4r n\u00e5gra av Annas dikter \u00e4r uppsatta. Vid flera av dikterna har konstn\u00e4rer bidragit med passande konstverk till dikterna.<\/p>\n\n\n\n<figure class=\"wp-block-image size-large\"><img loading=\"lazy\" decoding=\"async\" width=\"793\" height=\"1024\" src=\"https:\/\/amandus.se\/blogg\/wp-content\/uploads\/2022\/09\/IMG_9127-793x1024.jpg\" alt=\"\" class=\"wp-image-2951\" srcset=\"https:\/\/amandus.se\/blogg\/wp-content\/uploads\/2022\/09\/IMG_9127-793x1024.jpg 793w, https:\/\/amandus.se\/blogg\/wp-content\/uploads\/2022\/09\/IMG_9127-232x300.jpg 232w, https:\/\/amandus.se\/blogg\/wp-content\/uploads\/2022\/09\/IMG_9127-768x991.jpg 768w, https:\/\/amandus.se\/blogg\/wp-content\/uploads\/2022\/09\/IMG_9127-1190x1536.jpg 1190w, https:\/\/amandus.se\/blogg\/wp-content\/uploads\/2022\/09\/IMG_9127.jpg 1200w\" sizes=\"auto, (max-width: 793px) 100vw, 793px\" \/><figcaption>Dikt med konstverk<\/figcaption><\/figure>\n\n\n\n<p>Denna dikten \u00e4r min favorit av de dikter som var uppsatta.<\/p>\n\n\n\n<figure class=\"wp-block-image size-large\"><img loading=\"lazy\" decoding=\"async\" width=\"768\" height=\"1024\" src=\"https:\/\/amandus.se\/blogg\/wp-content\/uploads\/2022\/09\/DSCN3153-768x1024.jpg\" alt=\"\" class=\"wp-image-2952\" srcset=\"https:\/\/amandus.se\/blogg\/wp-content\/uploads\/2022\/09\/DSCN3153-768x1024.jpg 768w, https:\/\/amandus.se\/blogg\/wp-content\/uploads\/2022\/09\/DSCN3153-225x300.jpg 225w, https:\/\/amandus.se\/blogg\/wp-content\/uploads\/2022\/09\/DSCN3153-1152x1536.jpg 1152w, https:\/\/amandus.se\/blogg\/wp-content\/uploads\/2022\/09\/DSCN3153.jpg 1200w\" sizes=\"auto, (max-width: 768px) 100vw, 768px\" \/><\/figure>\n\n\n\n<p>Vid dikten fanns detta konstverk<\/p>\n\n\n\n<figure class=\"wp-block-image size-large\"><img loading=\"lazy\" decoding=\"async\" width=\"768\" height=\"1024\" src=\"https:\/\/amandus.se\/blogg\/wp-content\/uploads\/2022\/09\/DSCN3152-768x1024.jpg\" alt=\"\" class=\"wp-image-2953\" srcset=\"https:\/\/amandus.se\/blogg\/wp-content\/uploads\/2022\/09\/DSCN3152-768x1024.jpg 768w, https:\/\/amandus.se\/blogg\/wp-content\/uploads\/2022\/09\/DSCN3152-225x300.jpg 225w, https:\/\/amandus.se\/blogg\/wp-content\/uploads\/2022\/09\/DSCN3152-1152x1536.jpg 1152w, https:\/\/amandus.se\/blogg\/wp-content\/uploads\/2022\/09\/DSCN3152-1536x2048.jpg 1536w, https:\/\/amandus.se\/blogg\/wp-content\/uploads\/2022\/09\/DSCN3152-scaled.jpg 1920w\" sizes=\"auto, (max-width: 768px) 100vw, 768px\" \/><\/figure>\n\n\n\n<p>Det fanns \u00e4ven nypon och ekollon att titta p\u00e5<\/p>\n\n\n\n<figure class=\"wp-block-gallery columns-2 is-cropped wp-block-gallery-1 is-layout-flex wp-block-gallery-is-layout-flex\"><ul class=\"blocks-gallery-grid\"><li class=\"blocks-gallery-item\"><figure><img loading=\"lazy\" decoding=\"async\" width=\"1024\" height=\"768\" src=\"https:\/\/amandus.se\/blogg\/wp-content\/uploads\/2022\/09\/DSCN3155-1024x768.jpg\" alt=\"\" data-id=\"2954\" data-full-url=\"https:\/\/amandus.se\/blogg\/wp-content\/uploads\/2022\/09\/DSCN3155.jpg\" data-link=\"https:\/\/amandus.se\/blogg\/?attachment_id=2954\" class=\"wp-image-2954\" srcset=\"https:\/\/amandus.se\/blogg\/wp-content\/uploads\/2022\/09\/DSCN3155-1024x768.jpg 1024w, https:\/\/amandus.se\/blogg\/wp-content\/uploads\/2022\/09\/DSCN3155-300x225.jpg 300w, https:\/\/amandus.se\/blogg\/wp-content\/uploads\/2022\/09\/DSCN3155-768x576.jpg 768w, https:\/\/amandus.se\/blogg\/wp-content\/uploads\/2022\/09\/DSCN3155.jpg 1200w\" sizes=\"auto, (max-width: 1024px) 100vw, 1024px\" \/><\/figure><\/li><li class=\"blocks-gallery-item\"><figure><img loading=\"lazy\" decoding=\"async\" width=\"1024\" height=\"768\" src=\"https:\/\/amandus.se\/blogg\/wp-content\/uploads\/2022\/09\/DSCN3162-1024x768.jpg\" alt=\"\" data-id=\"2955\" data-full-url=\"https:\/\/amandus.se\/blogg\/wp-content\/uploads\/2022\/09\/DSCN3162.jpg\" data-link=\"https:\/\/amandus.se\/blogg\/?attachment_id=2955\" class=\"wp-image-2955\" srcset=\"https:\/\/amandus.se\/blogg\/wp-content\/uploads\/2022\/09\/DSCN3162-1024x768.jpg 1024w, https:\/\/amandus.se\/blogg\/wp-content\/uploads\/2022\/09\/DSCN3162-300x225.jpg 300w, https:\/\/amandus.se\/blogg\/wp-content\/uploads\/2022\/09\/DSCN3162-768x576.jpg 768w, https:\/\/amandus.se\/blogg\/wp-content\/uploads\/2022\/09\/DSCN3162.jpg 1200w\" sizes=\"auto, (max-width: 1024px) 100vw, 1024px\" \/><\/figure><\/li><\/ul><\/figure>\n\n\n\n<p>Efter promenaden \u00e5kte vi till Gr\u00f6nh\u00f6gens st\u00e4llplats. Efter en vecka som fricampare beh\u00f6vdes det lite laddning av all teknisk utrustning plus att det \u00e4r ett v\u00e4ldigt trevligt omr\u00e5de runt st\u00e4llplatsen. Vi gick en liten runda och tittade p\u00e5 f\u00e5glar och stenar.<\/p>\n\n\n\n<figure class=\"wp-block-image size-large\"><img loading=\"lazy\" decoding=\"async\" width=\"1024\" height=\"768\" src=\"https:\/\/amandus.se\/blogg\/wp-content\/uploads\/2022\/09\/DSCN3161-1024x768.jpg\" alt=\"\" class=\"wp-image-2956\" srcset=\"https:\/\/amandus.se\/blogg\/wp-content\/uploads\/2022\/09\/DSCN3161-1024x768.jpg 1024w, https:\/\/amandus.se\/blogg\/wp-content\/uploads\/2022\/09\/DSCN3161-300x225.jpg 300w, https:\/\/amandus.se\/blogg\/wp-content\/uploads\/2022\/09\/DSCN3161-768x576.jpg 768w, https:\/\/amandus.se\/blogg\/wp-content\/uploads\/2022\/09\/DSCN3161.jpg 1200w\" sizes=\"auto, (max-width: 1024px) 100vw, 1024px\" \/><figcaption><span class=\"has-inline-color has-black-color\">Skarvar som skarvar men de ser ut att vara oense<\/span><\/figcaption><\/figure>\n\n\n\n<figure class=\"wp-block-image size-large\"><img loading=\"lazy\" decoding=\"async\" width=\"1024\" height=\"768\" src=\"https:\/\/amandus.se\/blogg\/wp-content\/uploads\/2022\/09\/DSCN3165-1024x768.jpg\" alt=\"\" class=\"wp-image-2957\" srcset=\"https:\/\/amandus.se\/blogg\/wp-content\/uploads\/2022\/09\/DSCN3165-1024x768.jpg 1024w, https:\/\/amandus.se\/blogg\/wp-content\/uploads\/2022\/09\/DSCN3165-300x225.jpg 300w, https:\/\/amandus.se\/blogg\/wp-content\/uploads\/2022\/09\/DSCN3165-768x576.jpg 768w, https:\/\/amandus.se\/blogg\/wp-content\/uploads\/2022\/09\/DSCN3165.jpg 1200w\" sizes=\"auto, (max-width: 1024px) 100vw, 1024px\" \/><figcaption><span class=\"has-inline-color has-black-color\">Soth\u00f6na som vakar \u00f6ver omgivningen<\/span><\/figcaption><\/figure>\n\n\n\n<figure class=\"wp-block-image size-large\"><img loading=\"lazy\" decoding=\"async\" width=\"768\" height=\"1024\" src=\"https:\/\/amandus.se\/blogg\/wp-content\/uploads\/2022\/09\/DSCN3163-768x1024.jpg\" alt=\"\" class=\"wp-image-2958\" srcset=\"https:\/\/amandus.se\/blogg\/wp-content\/uploads\/2022\/09\/DSCN3163-768x1024.jpg 768w, https:\/\/amandus.se\/blogg\/wp-content\/uploads\/2022\/09\/DSCN3163-225x300.jpg 225w, https:\/\/amandus.se\/blogg\/wp-content\/uploads\/2022\/09\/DSCN3163-1152x1536.jpg 1152w, https:\/\/amandus.se\/blogg\/wp-content\/uploads\/2022\/09\/DSCN3163.jpg 1200w\" sizes=\"auto, (max-width: 768px) 100vw, 768px\" \/><figcaption><span class=\"has-inline-color has-black-color\">Det \u00e4r v\u00e4ldigt popul\u00e4rt att bygga stentorn vid stranden. Detta var ett av de finare<\/span><\/figcaption><\/figure>\n\n\n\n<p><\/p>\n","protected":false},"excerpt":{"rendered":"<p>Vi hade t\u00e4nt fj\u00e4rilslampan ig\u00e5r kv\u00e4ll i Tr\u00e4by men f\u00e5 fj\u00e4rilar. B\u00e4ttre tur en annan kv\u00e4ll. Idag, 22\/9, valde vi att g\u00e5 Anna Rydstedtstigen. Anna Rydstedt var en svensk poet. Hon f\u00f6ddes i Ventlinge 1928 och dog 1994. Anna Rydstedt-s\u00e4llskapet har skapat en promenadslinga i Ventlinge d\u00e4r n\u00e5gra av Annas dikter \u00e4r uppsatta. Vid flera &hellip; <a href=\"https:\/\/amandus.se\/blogg\/?p=2950\" class=\"more-link\">Forts\u00e4tt l\u00e4sa <span class=\"screen-reader-text\">\u00c4nnu en solig fin dag<\/span> <span class=\"meta-nav\">&rarr;<\/span><\/a><\/p>\n","protected":false},"author":1,"featured_media":0,"comment_status":"open","ping_status":"open","sticky":false,"template":"","format":"standard","meta":{"footnotes":""},"categories":[4,5,6],"tags":[],"class_list":["post-2950","post","type-post","status-publish","format-standard","hentry","category-ditt-och-datt","category-fjarilarbutterfly","category-sverigesweden"],"_links":{"self":[{"href":"https:\/\/amandus.se\/blogg\/index.php?rest_route=\/wp\/v2\/posts\/2950","targetHints":{"allow":["GET"]}}],"collection":[{"href":"https:\/\/amandus.se\/blogg\/index.php?rest_route=\/wp\/v2\/posts"}],"about":[{"href":"https:\/\/amandus.se\/blogg\/index.php?rest_route=\/wp\/v2\/types\/post"}],"author":[{"embeddable":true,"href":"https:\/\/amandus.se\/blogg\/index.php?rest_route=\/wp\/v2\/users\/1"}],"replies":[{"embeddable":true,"href":"https:\/\/amandus.se\/blogg\/index.php?rest_route=%2Fwp%2Fv2%2Fcomments&post=2950"}],"version-history":[{"count":1,"href":"https:\/\/amandus.se\/blogg\/index.php?rest_route=\/wp\/v2\/posts\/2950\/revisions"}],"predecessor-version":[{"id":2959,"href":"https:\/\/amandus.se\/blogg\/index.php?rest_route=\/wp\/v2\/posts\/2950\/revisions\/2959"}],"wp:attachment":[{"href":"https:\/\/amandus.se\/blogg\/index.php?rest_route=%2Fwp%2Fv2%2Fmedia&parent=2950"}],"wp:term":[{"taxonomy":"category","embeddable":true,"href":"https:\/\/amandus.se\/blogg\/index.php?rest_route=%2Fwp%2Fv2%2Fcategories&post=2950"},{"taxonomy":"post_tag","embeddable":true,"href":"https:\/\/amandus.se\/blogg\/index.php?rest_route=%2Fwp%2Fv2%2Ftags&post=2950"}],"curies":[{"name":"wp","href":"https:\/\/api.w.org\/{rel}","templated":true}]}}