{"id":2960,"date":"2022-09-24T20:20:10","date_gmt":"2022-09-24T18:20:10","guid":{"rendered":"http:\/\/amandus.se\/blogg\/?p=2960"},"modified":"2022-09-24T20:20:26","modified_gmt":"2022-09-24T18:20:26","slug":"promenad-och-lys","status":"publish","type":"post","link":"https:\/\/amandus.se\/blogg\/?p=2960","title":{"rendered":"Promenad och lys"},"content":{"rendered":"\n<p>Ig\u00e5r, 23\/9, blev det ingen vandring p\u00e5 n\u00e5gon \u00d6landsled. Vi valde att \u00e5ka till Ottenby och titta p\u00e5 f\u00e5glar. <\/p>\n\n\n\n<figure class=\"wp-block-gallery columns-2 is-cropped wp-block-gallery-1 is-layout-flex wp-block-gallery-is-layout-flex\"><ul class=\"blocks-gallery-grid\"><li class=\"blocks-gallery-item\"><figure><img loading=\"lazy\" decoding=\"async\" width=\"1024\" height=\"768\" src=\"https:\/\/amandus.se\/blogg\/wp-content\/uploads\/2022\/09\/DSCN3166-1024x768.jpg\" alt=\"\" data-id=\"2961\" data-full-url=\"https:\/\/amandus.se\/blogg\/wp-content\/uploads\/2022\/09\/DSCN3166.jpg\" data-link=\"https:\/\/amandus.se\/blogg\/?attachment_id=2961\" class=\"wp-image-2961\" srcset=\"https:\/\/amandus.se\/blogg\/wp-content\/uploads\/2022\/09\/DSCN3166-1024x768.jpg 1024w, https:\/\/amandus.se\/blogg\/wp-content\/uploads\/2022\/09\/DSCN3166-300x225.jpg 300w, https:\/\/amandus.se\/blogg\/wp-content\/uploads\/2022\/09\/DSCN3166-768x576.jpg 768w, https:\/\/amandus.se\/blogg\/wp-content\/uploads\/2022\/09\/DSCN3166.jpg 1200w\" sizes=\"auto, (max-width: 1024px) 100vw, 1024px\" \/><\/figure><\/li><li class=\"blocks-gallery-item\"><figure><img loading=\"lazy\" decoding=\"async\" width=\"1024\" height=\"768\" src=\"https:\/\/amandus.se\/blogg\/wp-content\/uploads\/2022\/09\/DSCN3167-1024x768.jpg\" alt=\"\" data-id=\"2962\" data-full-url=\"https:\/\/amandus.se\/blogg\/wp-content\/uploads\/2022\/09\/DSCN3167.jpg\" data-link=\"https:\/\/amandus.se\/blogg\/?attachment_id=2962\" class=\"wp-image-2962\" srcset=\"https:\/\/amandus.se\/blogg\/wp-content\/uploads\/2022\/09\/DSCN3167-1024x768.jpg 1024w, https:\/\/amandus.se\/blogg\/wp-content\/uploads\/2022\/09\/DSCN3167-300x225.jpg 300w, https:\/\/amandus.se\/blogg\/wp-content\/uploads\/2022\/09\/DSCN3167-768x576.jpg 768w, https:\/\/amandus.se\/blogg\/wp-content\/uploads\/2022\/09\/DSCN3167.jpg 1200w\" sizes=\"auto, (max-width: 1024px) 100vw, 1024px\" \/><\/figure><\/li><\/ul><figcaption class=\"blocks-gallery-caption\">Sk\u00e5dare och f\u00e5glar<\/figcaption><\/figure>\n\n\n\n<p>N\u00e4r vi sett oss m\u00e4tta p\u00e5 f\u00e5glar och sk\u00e5dare \u00e5kte vi till Drottning \u00d6da f\u00f6r att m\u00e4tta v\u00e5ra magar. Till eftermiddagsfikan hade vi storbak i omniaugnen.  Citronmuffins.<\/p>\n\n\n\n<figure class=\"wp-block-image size-full\"><img loading=\"lazy\" decoding=\"async\" width=\"640\" height=\"480\" src=\"https:\/\/amandus.se\/blogg\/wp-content\/uploads\/2022\/09\/IMG_3949.jpg\" alt=\"\" class=\"wp-image-2963\" srcset=\"https:\/\/amandus.se\/blogg\/wp-content\/uploads\/2022\/09\/IMG_3949.jpg 640w, https:\/\/amandus.se\/blogg\/wp-content\/uploads\/2022\/09\/IMG_3949-300x225.jpg 300w\" sizes=\"auto, (max-width: 640px) 100vw, 640px\" \/><\/figure>\n\n\n\n<p>N\u00e4r det b\u00f6rjade skymma \u00e5kte vi till \u00c5s p\u00e5 s\u00f6dra \u00d6land och satte upp lampan. Vi s\u00e5g en till lampa n\u00e5gra hundra meter bort. <\/p>\n\n\n\n<figure class=\"wp-block-gallery columns-2 is-cropped wp-block-gallery-2 is-layout-flex wp-block-gallery-is-layout-flex\"><ul class=\"blocks-gallery-grid\"><li class=\"blocks-gallery-item\"><figure><img loading=\"lazy\" decoding=\"async\" width=\"640\" height=\"480\" src=\"https:\/\/amandus.se\/blogg\/wp-content\/uploads\/2022\/09\/IMG_3951-1.jpg\" alt=\"\" data-id=\"2965\" data-full-url=\"https:\/\/amandus.se\/blogg\/wp-content\/uploads\/2022\/09\/IMG_3951-1.jpg\" data-link=\"https:\/\/amandus.se\/blogg\/?attachment_id=2965\" class=\"wp-image-2965\" srcset=\"https:\/\/amandus.se\/blogg\/wp-content\/uploads\/2022\/09\/IMG_3951-1.jpg 640w, https:\/\/amandus.se\/blogg\/wp-content\/uploads\/2022\/09\/IMG_3951-1-300x225.jpg 300w\" sizes=\"auto, (max-width: 640px) 100vw, 640px\" \/><\/figure><\/li><li class=\"blocks-gallery-item\"><figure><img loading=\"lazy\" decoding=\"async\" width=\"640\" height=\"480\" src=\"https:\/\/amandus.se\/blogg\/wp-content\/uploads\/2022\/09\/IMG_3952.jpg\" alt=\"\" data-id=\"2966\" data-full-url=\"https:\/\/amandus.se\/blogg\/wp-content\/uploads\/2022\/09\/IMG_3952.jpg\" data-link=\"https:\/\/amandus.se\/blogg\/?attachment_id=2966\" class=\"wp-image-2966\" srcset=\"https:\/\/amandus.se\/blogg\/wp-content\/uploads\/2022\/09\/IMG_3952.jpg 640w, https:\/\/amandus.se\/blogg\/wp-content\/uploads\/2022\/09\/IMG_3952-300x225.jpg 300w\" sizes=\"auto, (max-width: 640px) 100vw, 640px\" \/><\/figure><\/li><\/ul><figcaption class=\"blocks-gallery-caption\">L\u00e5ngt bort syns ett lampsken och p\u00e5 n\u00e4rmare h\u00e5ll v\u00e5r lampa.<\/figcaption><\/figure>\n\n\n\n<p>N\u00e4r vi sl\u00e4ckt v\u00e5r lampa \u00e5kte vi och h\u00e4lsade p\u00e5 hos den andra lampan. Det visade sig vara Bengt Wendel fr\u00e5n Norberg som ocks\u00e5 var p\u00e5 fj\u00e4rilsjakt. Vi har tr\u00e4ffat Bengt en g\u00e5ng tidigare men det var 2018 i Abisko.<\/p>\n\n\n\n<figure class=\"wp-block-image size-large\"><img loading=\"lazy\" decoding=\"async\" width=\"1024\" height=\"968\" src=\"https:\/\/amandus.se\/blogg\/wp-content\/uploads\/2022\/09\/IMG_9134-kopiera-1024x968.jpg\" alt=\"\" class=\"wp-image-2967\" srcset=\"https:\/\/amandus.se\/blogg\/wp-content\/uploads\/2022\/09\/IMG_9134-kopiera-1024x968.jpg 1024w, https:\/\/amandus.se\/blogg\/wp-content\/uploads\/2022\/09\/IMG_9134-kopiera-300x284.jpg 300w, https:\/\/amandus.se\/blogg\/wp-content\/uploads\/2022\/09\/IMG_9134-kopiera-768x726.jpg 768w, https:\/\/amandus.se\/blogg\/wp-content\/uploads\/2022\/09\/IMG_9134-kopiera.jpg 1200w\" sizes=\"auto, (max-width: 1024px) 100vw, 1024px\" \/><figcaption>Bengt Wendel<\/figcaption><\/figure>\n\n\n\n<p>Idag, 24\/9, gick vi Eketorpsleden vid Eketorps borg. Det var en v\u00e4ldigt ointressant led. Den f\u00e5r d\u00e5ligt betyg.<\/p>\n\n\n\n<figure class=\"wp-block-image size-large\"><img loading=\"lazy\" decoding=\"async\" width=\"1024\" height=\"768\" src=\"https:\/\/amandus.se\/blogg\/wp-content\/uploads\/2022\/09\/IMG_9135-1024x768.jpg\" alt=\"\" class=\"wp-image-2968\" srcset=\"https:\/\/amandus.se\/blogg\/wp-content\/uploads\/2022\/09\/IMG_9135-1024x768.jpg 1024w, https:\/\/amandus.se\/blogg\/wp-content\/uploads\/2022\/09\/IMG_9135-300x225.jpg 300w, https:\/\/amandus.se\/blogg\/wp-content\/uploads\/2022\/09\/IMG_9135-768x576.jpg 768w, https:\/\/amandus.se\/blogg\/wp-content\/uploads\/2022\/09\/IMG_9135.jpg 1200w\" sizes=\"auto, (max-width: 1024px) 100vw, 1024px\" \/><figcaption>Eketorps fornborg<\/figcaption><\/figure>\n\n\n\n<p>N\u00e4r vi varit p\u00e5 s\u00f6dra \u00d6land har vi m\u00e5nga g\u00e5nger \u00e5kt f\u00f6rbi ett hus som det st\u00e5r J.A.G.S. p\u00e5. Vi kollade p\u00e5 n\u00e4tet och fick information om att det \u00e4r ett museum. Idag blev det \u00e4ntligen dags att bes\u00f6ka museet. J.A.G.S. st\u00e5r f\u00f6r Johan August Gustafsson Segerstad, levde1852-1932. Han levde hela sitt liv i Segerstads socken p\u00e5 syd\u00f6stra \u00d6land. Han var bonde och sj\u00f6man men framf\u00f6rallt var han konstn\u00e4r, bildhuggare och m\u00f6belsnickare. Hela sitt liv vid sidan om jordbruket anv\u00e4nde han till att skulptera i material som han hittat i sj\u00f6n och p\u00e5 stranden. Havet och b\u00e5tar var en viktig del av hans liv.  G\u00e5rden som han brukade l\u00e5g alldeles intill \u00d6stersj\u00f6n som inspirerade honom och gav material till konstverken. N\u00e4r skepp f\u00f6rliste fick han tr\u00e4 till sina figurer.  (K\u00e4lla: JAGS museet)<\/p>\n\n\n\n<figure class=\"wp-block-gallery columns-3 is-cropped wp-block-gallery-3 is-layout-flex wp-block-gallery-is-layout-flex\"><ul class=\"blocks-gallery-grid\"><li class=\"blocks-gallery-item\"><figure><img loading=\"lazy\" decoding=\"async\" width=\"1024\" height=\"768\" src=\"https:\/\/amandus.se\/blogg\/wp-content\/uploads\/2022\/09\/DSCN3169-1024x768.jpg\" alt=\"\" data-id=\"2969\" data-full-url=\"https:\/\/amandus.se\/blogg\/wp-content\/uploads\/2022\/09\/DSCN3169.jpg\" data-link=\"https:\/\/amandus.se\/blogg\/?attachment_id=2969\" class=\"wp-image-2969\" srcset=\"https:\/\/amandus.se\/blogg\/wp-content\/uploads\/2022\/09\/DSCN3169-1024x768.jpg 1024w, https:\/\/amandus.se\/blogg\/wp-content\/uploads\/2022\/09\/DSCN3169-300x225.jpg 300w, https:\/\/amandus.se\/blogg\/wp-content\/uploads\/2022\/09\/DSCN3169-768x576.jpg 768w, https:\/\/amandus.se\/blogg\/wp-content\/uploads\/2022\/09\/DSCN3169.jpg 1200w\" sizes=\"auto, (max-width: 1024px) 100vw, 1024px\" \/><\/figure><\/li><li class=\"blocks-gallery-item\"><figure><img loading=\"lazy\" decoding=\"async\" width=\"1024\" height=\"768\" src=\"https:\/\/amandus.se\/blogg\/wp-content\/uploads\/2022\/09\/DSCN3171-1024x768.jpg\" alt=\"\" data-id=\"2970\" data-full-url=\"https:\/\/amandus.se\/blogg\/wp-content\/uploads\/2022\/09\/DSCN3171.jpg\" data-link=\"https:\/\/amandus.se\/blogg\/?attachment_id=2970\" class=\"wp-image-2970\" srcset=\"https:\/\/amandus.se\/blogg\/wp-content\/uploads\/2022\/09\/DSCN3171-1024x768.jpg 1024w, https:\/\/amandus.se\/blogg\/wp-content\/uploads\/2022\/09\/DSCN3171-300x225.jpg 300w, https:\/\/amandus.se\/blogg\/wp-content\/uploads\/2022\/09\/DSCN3171-768x576.jpg 768w, https:\/\/amandus.se\/blogg\/wp-content\/uploads\/2022\/09\/DSCN3171.jpg 1200w\" sizes=\"auto, (max-width: 1024px) 100vw, 1024px\" \/><\/figure><\/li><li class=\"blocks-gallery-item\"><figure><img loading=\"lazy\" decoding=\"async\" width=\"974\" height=\"1024\" src=\"https:\/\/amandus.se\/blogg\/wp-content\/uploads\/2022\/09\/IMG_9143-974x1024.jpg\" alt=\"\" data-id=\"2971\" data-full-url=\"https:\/\/amandus.se\/blogg\/wp-content\/uploads\/2022\/09\/IMG_9143.jpg\" data-link=\"https:\/\/amandus.se\/blogg\/?attachment_id=2971\" class=\"wp-image-2971\" srcset=\"https:\/\/amandus.se\/blogg\/wp-content\/uploads\/2022\/09\/IMG_9143-974x1024.jpg 974w, https:\/\/amandus.se\/blogg\/wp-content\/uploads\/2022\/09\/IMG_9143-285x300.jpg 285w, https:\/\/amandus.se\/blogg\/wp-content\/uploads\/2022\/09\/IMG_9143-768x807.jpg 768w, https:\/\/amandus.se\/blogg\/wp-content\/uploads\/2022\/09\/IMG_9143.jpg 1200w\" sizes=\"auto, (max-width: 974px) 100vw, 974px\" \/><\/figure><\/li><li class=\"blocks-gallery-item\"><figure><img loading=\"lazy\" decoding=\"async\" width=\"1024\" height=\"768\" src=\"https:\/\/amandus.se\/blogg\/wp-content\/uploads\/2022\/09\/IMG_9146-1024x768.jpg\" alt=\"\" data-id=\"2972\" data-full-url=\"https:\/\/amandus.se\/blogg\/wp-content\/uploads\/2022\/09\/IMG_9146.jpg\" data-link=\"https:\/\/amandus.se\/blogg\/?attachment_id=2972\" class=\"wp-image-2972\" srcset=\"https:\/\/amandus.se\/blogg\/wp-content\/uploads\/2022\/09\/IMG_9146-1024x768.jpg 1024w, https:\/\/amandus.se\/blogg\/wp-content\/uploads\/2022\/09\/IMG_9146-300x225.jpg 300w, https:\/\/amandus.se\/blogg\/wp-content\/uploads\/2022\/09\/IMG_9146-768x576.jpg 768w, https:\/\/amandus.se\/blogg\/wp-content\/uploads\/2022\/09\/IMG_9146.jpg 1200w\" sizes=\"auto, (max-width: 1024px) 100vw, 1024px\" \/><\/figure><\/li><\/ul><\/figure>\n\n\n\n<p>Nu \u00e4r vi \u00e4nnu en kv\u00e4ll i \u00c5s och har t\u00e4nt lampan.<\/p>\n","protected":false},"excerpt":{"rendered":"<p>Ig\u00e5r, 23\/9, blev det ingen vandring p\u00e5 n\u00e5gon \u00d6landsled. Vi valde att \u00e5ka till Ottenby och titta p\u00e5 f\u00e5glar. N\u00e4r vi sett oss m\u00e4tta p\u00e5 f\u00e5glar och sk\u00e5dare \u00e5kte vi till Drottning \u00d6da f\u00f6r att m\u00e4tta v\u00e5ra magar. Till eftermiddagsfikan hade vi storbak i omniaugnen. Citronmuffins. N\u00e4r det b\u00f6rjade skymma \u00e5kte vi till \u00c5s p\u00e5 &hellip; <a href=\"https:\/\/amandus.se\/blogg\/?p=2960\" class=\"more-link\">Forts\u00e4tt l\u00e4sa <span class=\"screen-reader-text\">Promenad och lys<\/span> <span class=\"meta-nav\">&rarr;<\/span><\/a><\/p>\n","protected":false},"author":1,"featured_media":0,"comment_status":"open","ping_status":"open","sticky":false,"template":"","format":"standard","meta":{"footnotes":""},"categories":[4,5,6],"tags":[],"class_list":["post-2960","post","type-post","status-publish","format-standard","hentry","category-ditt-och-datt","category-fjarilarbutterfly","category-sverigesweden"],"_links":{"self":[{"href":"https:\/\/amandus.se\/blogg\/index.php?rest_route=\/wp\/v2\/posts\/2960","targetHints":{"allow":["GET"]}}],"collection":[{"href":"https:\/\/amandus.se\/blogg\/index.php?rest_route=\/wp\/v2\/posts"}],"about":[{"href":"https:\/\/amandus.se\/blogg\/index.php?rest_route=\/wp\/v2\/types\/post"}],"author":[{"embeddable":true,"href":"https:\/\/amandus.se\/blogg\/index.php?rest_route=\/wp\/v2\/users\/1"}],"replies":[{"embeddable":true,"href":"https:\/\/amandus.se\/blogg\/index.php?rest_route=%2Fwp%2Fv2%2Fcomments&post=2960"}],"version-history":[{"count":1,"href":"https:\/\/amandus.se\/blogg\/index.php?rest_route=\/wp\/v2\/posts\/2960\/revisions"}],"predecessor-version":[{"id":2973,"href":"https:\/\/amandus.se\/blogg\/index.php?rest_route=\/wp\/v2\/posts\/2960\/revisions\/2973"}],"wp:attachment":[{"href":"https:\/\/amandus.se\/blogg\/index.php?rest_route=%2Fwp%2Fv2%2Fmedia&parent=2960"}],"wp:term":[{"taxonomy":"category","embeddable":true,"href":"https:\/\/amandus.se\/blogg\/index.php?rest_route=%2Fwp%2Fv2%2Fcategories&post=2960"},{"taxonomy":"post_tag","embeddable":true,"href":"https:\/\/amandus.se\/blogg\/index.php?rest_route=%2Fwp%2Fv2%2Ftags&post=2960"}],"curies":[{"name":"wp","href":"https:\/\/api.w.org\/{rel}","templated":true}]}}