{"id":2974,"date":"2022-09-26T19:41:26","date_gmt":"2022-09-26T17:41:26","guid":{"rendered":"http:\/\/amandus.se\/blogg\/?p=2974"},"modified":"2022-09-26T19:42:07","modified_gmt":"2022-09-26T17:42:07","slug":"hosten-narmar-sig","status":"publish","type":"post","link":"https:\/\/amandus.se\/blogg\/?p=2974","title":{"rendered":"H\u00f6sten n\u00e4rmar sig"},"content":{"rendered":"\n<p>Ig\u00e5r, 25\/9, b\u00f6rjade vi dagen med att plocka nypon. H\u00e4r p\u00e5 \u00d6land \u00e4r det gott om nyponbuskar.<\/p>\n\n\n\n<figure class=\"wp-block-image size-full\"><img loading=\"lazy\" decoding=\"async\" width=\"640\" height=\"480\" src=\"https:\/\/amandus.se\/blogg\/wp-content\/uploads\/2022\/09\/IMG_3953.jpg\" alt=\"\" class=\"wp-image-2975\" srcset=\"https:\/\/amandus.se\/blogg\/wp-content\/uploads\/2022\/09\/IMG_3953.jpg 640w, https:\/\/amandus.se\/blogg\/wp-content\/uploads\/2022\/09\/IMG_3953-300x225.jpg 300w\" sizes=\"auto, (max-width: 640px) 100vw, 640px\" \/><figcaption>Anders som nyponplockare<\/figcaption><\/figure>\n\n\n\n<p>Vi \u00e5kte och tittade p\u00e5 \u00e5rets l\u00f6ktavla i Ventlinge. I \u00e5r firar man tv\u00e5 jubileum h\u00e4r p\u00e5 \u00d6land: Femtio \u00e5r sedan \u00d6landsbron var klar och tjugofem \u00e5r sedan Sk\u00f6rdefesten startade.<\/p>\n\n\n\n<figure class=\"wp-block-image size-large\"><img loading=\"lazy\" decoding=\"async\" width=\"1024\" height=\"482\" src=\"https:\/\/amandus.se\/blogg\/wp-content\/uploads\/2022\/09\/DSCN3179-1024x482.jpg\" alt=\"\" class=\"wp-image-2976\" srcset=\"https:\/\/amandus.se\/blogg\/wp-content\/uploads\/2022\/09\/DSCN3179-1024x482.jpg 1024w, https:\/\/amandus.se\/blogg\/wp-content\/uploads\/2022\/09\/DSCN3179-300x141.jpg 300w, https:\/\/amandus.se\/blogg\/wp-content\/uploads\/2022\/09\/DSCN3179-768x362.jpg 768w, https:\/\/amandus.se\/blogg\/wp-content\/uploads\/2022\/09\/DSCN3179.jpg 1200w\" sizes=\"auto, (max-width: 1024px) 100vw, 1024px\" \/><figcaption>\u00c5rets l\u00f6ktavla<\/figcaption><\/figure>\n\n\n\n<p>G\u00e5rdagens led blev en bit av Bergsleden. Leden g\u00e5r fr\u00e5n Degerhamn till Albrunna. <\/p>\n\n\n\n<figure class=\"wp-block-image size-large\"><img loading=\"lazy\" decoding=\"async\" width=\"1024\" height=\"768\" src=\"https:\/\/amandus.se\/blogg\/wp-content\/uploads\/2022\/09\/IMG_9154-1024x768.jpg\" alt=\"\" class=\"wp-image-2977\" srcset=\"https:\/\/amandus.se\/blogg\/wp-content\/uploads\/2022\/09\/IMG_9154-1024x768.jpg 1024w, https:\/\/amandus.se\/blogg\/wp-content\/uploads\/2022\/09\/IMG_9154-300x225.jpg 300w, https:\/\/amandus.se\/blogg\/wp-content\/uploads\/2022\/09\/IMG_9154-768x576.jpg 768w, https:\/\/amandus.se\/blogg\/wp-content\/uploads\/2022\/09\/IMG_9154.jpg 1200w\" sizes=\"auto, (max-width: 1024px) 100vw, 1024px\" \/><figcaption>Geologipark utmed leden<\/figcaption><\/figure>\n\n\n\n<figure class=\"wp-block-image size-large\"><img loading=\"lazy\" decoding=\"async\" width=\"1024\" height=\"768\" src=\"https:\/\/amandus.se\/blogg\/wp-content\/uploads\/2022\/09\/DSCN3180-1024x768.jpg\" alt=\"\" class=\"wp-image-2978\" srcset=\"https:\/\/amandus.se\/blogg\/wp-content\/uploads\/2022\/09\/DSCN3180-1024x768.jpg 1024w, https:\/\/amandus.se\/blogg\/wp-content\/uploads\/2022\/09\/DSCN3180-300x225.jpg 300w, https:\/\/amandus.se\/blogg\/wp-content\/uploads\/2022\/09\/DSCN3180-768x576.jpg 768w, https:\/\/amandus.se\/blogg\/wp-content\/uploads\/2022\/09\/DSCN3180.jpg 1200w\" sizes=\"auto, (max-width: 1024px) 100vw, 1024px\" \/><figcaption>Det gamla kalkbruket i Albrunna<\/figcaption><\/figure>\n\n\n\n<p>Mycket oxelb\u00e4r i \u00e5r och f\u00e5glarna drar iv\u00e4g. H\u00f6sten \u00e4r p\u00e5 v\u00e4g.<\/p>\n\n\n\n<figure class=\"wp-block-gallery columns-2 is-cropped wp-block-gallery-1 is-layout-flex wp-block-gallery-is-layout-flex\"><ul class=\"blocks-gallery-grid\"><li class=\"blocks-gallery-item\"><figure><img loading=\"lazy\" decoding=\"async\" width=\"1024\" height=\"768\" src=\"https:\/\/amandus.se\/blogg\/wp-content\/uploads\/2022\/09\/DSCN3182-1024x768.jpg\" alt=\"\" data-id=\"2979\" data-full-url=\"https:\/\/amandus.se\/blogg\/wp-content\/uploads\/2022\/09\/DSCN3182.jpg\" data-link=\"https:\/\/amandus.se\/blogg\/?attachment_id=2979\" class=\"wp-image-2979\" srcset=\"https:\/\/amandus.se\/blogg\/wp-content\/uploads\/2022\/09\/DSCN3182-1024x768.jpg 1024w, https:\/\/amandus.se\/blogg\/wp-content\/uploads\/2022\/09\/DSCN3182-300x225.jpg 300w, https:\/\/amandus.se\/blogg\/wp-content\/uploads\/2022\/09\/DSCN3182-768x576.jpg 768w, https:\/\/amandus.se\/blogg\/wp-content\/uploads\/2022\/09\/DSCN3182.jpg 1200w\" sizes=\"auto, (max-width: 1024px) 100vw, 1024px\" \/><\/figure><\/li><li class=\"blocks-gallery-item\"><figure><img loading=\"lazy\" decoding=\"async\" width=\"1024\" height=\"768\" src=\"https:\/\/amandus.se\/blogg\/wp-content\/uploads\/2022\/09\/IMG_9152-1024x768.jpg\" alt=\"\" data-id=\"2981\" data-full-url=\"https:\/\/amandus.se\/blogg\/wp-content\/uploads\/2022\/09\/IMG_9152.jpg\" data-link=\"https:\/\/amandus.se\/blogg\/?attachment_id=2981\" class=\"wp-image-2981\" srcset=\"https:\/\/amandus.se\/blogg\/wp-content\/uploads\/2022\/09\/IMG_9152-1024x768.jpg 1024w, https:\/\/amandus.se\/blogg\/wp-content\/uploads\/2022\/09\/IMG_9152-300x225.jpg 300w, https:\/\/amandus.se\/blogg\/wp-content\/uploads\/2022\/09\/IMG_9152-768x576.jpg 768w, https:\/\/amandus.se\/blogg\/wp-content\/uploads\/2022\/09\/IMG_9152.jpg 1200w\" sizes=\"auto, (max-width: 1024px) 100vw, 1024px\" \/><\/figure><\/li><\/ul><\/figure>\n\n\n\n<p>Idag, 26\/9, \u00e5kte vi till Gr\u00f6nh\u00f6gens st\u00e4llplats. Det \u00e4r alltid trevligt d\u00e4r. Peter som sk\u00f6ter st\u00e4llplatsen \u00e4r alltid pratglad och har mycket bra ordning p\u00e5 st\u00e4llplatsen. Idag har det varit lite regn och halv storm.<\/p>\n\n\n\n<figure class=\"wp-block-image size-large\"><img loading=\"lazy\" decoding=\"async\" width=\"1024\" height=\"544\" src=\"https:\/\/amandus.se\/blogg\/wp-content\/uploads\/2022\/09\/IMG_9158-1024x544.jpg\" alt=\"\" class=\"wp-image-2982\" srcset=\"https:\/\/amandus.se\/blogg\/wp-content\/uploads\/2022\/09\/IMG_9158-1024x544.jpg 1024w, https:\/\/amandus.se\/blogg\/wp-content\/uploads\/2022\/09\/IMG_9158-300x159.jpg 300w, https:\/\/amandus.se\/blogg\/wp-content\/uploads\/2022\/09\/IMG_9158-768x408.jpg 768w, https:\/\/amandus.se\/blogg\/wp-content\/uploads\/2022\/09\/IMG_9158.jpg 1200w\" sizes=\"auto, (max-width: 1024px) 100vw, 1024px\" \/><\/figure>\n","protected":false},"excerpt":{"rendered":"<p>Ig\u00e5r, 25\/9, b\u00f6rjade vi dagen med att plocka nypon. H\u00e4r p\u00e5 \u00d6land \u00e4r det gott om nyponbuskar. Vi \u00e5kte och tittade p\u00e5 \u00e5rets l\u00f6ktavla i Ventlinge. I \u00e5r firar man tv\u00e5 jubileum h\u00e4r p\u00e5 \u00d6land: Femtio \u00e5r sedan \u00d6landsbron var klar och tjugofem \u00e5r sedan Sk\u00f6rdefesten startade. G\u00e5rdagens led blev en bit av Bergsleden. Leden &hellip; <a href=\"https:\/\/amandus.se\/blogg\/?p=2974\" class=\"more-link\">Forts\u00e4tt l\u00e4sa <span class=\"screen-reader-text\">H\u00f6sten n\u00e4rmar sig<\/span> <span class=\"meta-nav\">&rarr;<\/span><\/a><\/p>\n","protected":false},"author":1,"featured_media":0,"comment_status":"open","ping_status":"open","sticky":false,"template":"","format":"standard","meta":{"footnotes":""},"categories":[4,6],"tags":[],"class_list":["post-2974","post","type-post","status-publish","format-standard","hentry","category-ditt-och-datt","category-sverigesweden"],"_links":{"self":[{"href":"https:\/\/amandus.se\/blogg\/index.php?rest_route=\/wp\/v2\/posts\/2974","targetHints":{"allow":["GET"]}}],"collection":[{"href":"https:\/\/amandus.se\/blogg\/index.php?rest_route=\/wp\/v2\/posts"}],"about":[{"href":"https:\/\/amandus.se\/blogg\/index.php?rest_route=\/wp\/v2\/types\/post"}],"author":[{"embeddable":true,"href":"https:\/\/amandus.se\/blogg\/index.php?rest_route=\/wp\/v2\/users\/1"}],"replies":[{"embeddable":true,"href":"https:\/\/amandus.se\/blogg\/index.php?rest_route=%2Fwp%2Fv2%2Fcomments&post=2974"}],"version-history":[{"count":1,"href":"https:\/\/amandus.se\/blogg\/index.php?rest_route=\/wp\/v2\/posts\/2974\/revisions"}],"predecessor-version":[{"id":2983,"href":"https:\/\/amandus.se\/blogg\/index.php?rest_route=\/wp\/v2\/posts\/2974\/revisions\/2983"}],"wp:attachment":[{"href":"https:\/\/amandus.se\/blogg\/index.php?rest_route=%2Fwp%2Fv2%2Fmedia&parent=2974"}],"wp:term":[{"taxonomy":"category","embeddable":true,"href":"https:\/\/amandus.se\/blogg\/index.php?rest_route=%2Fwp%2Fv2%2Fcategories&post=2974"},{"taxonomy":"post_tag","embeddable":true,"href":"https:\/\/amandus.se\/blogg\/index.php?rest_route=%2Fwp%2Fv2%2Ftags&post=2974"}],"curies":[{"name":"wp","href":"https:\/\/api.w.org\/{rel}","templated":true}]}}