{"id":2985,"date":"2022-09-27T18:48:08","date_gmt":"2022-09-27T16:48:08","guid":{"rendered":"http:\/\/amandus.se\/blogg\/?p=2985"},"modified":"2022-09-27T18:57:40","modified_gmt":"2022-09-27T16:57:40","slug":"antligen-4","status":"publish","type":"post","link":"https:\/\/amandus.se\/blogg\/?p=2985","title":{"rendered":"\u00c4ntligen!"},"content":{"rendered":"\n<p>Vi har i flera \u00e5r t\u00e4nk k\u00f6pa nya kikare. De vi har nu \u00e4r v\u00e5ra f\u00e4ders begagnade. Idag \u00e5kte vi till Naturbokhandeln i Sten\u00e5sa och k\u00f6pte varsin kikare. Nu ska h\u00e4r spanas :)<\/p>\n\n\n\n<figure class=\"wp-block-image size-large\"><img loading=\"lazy\" decoding=\"async\" width=\"1024\" height=\"560\" src=\"https:\/\/amandus.se\/blogg\/wp-content\/uploads\/2022\/09\/IMG_9160-1024x560.jpg\" alt=\"\" class=\"wp-image-2986\" srcset=\"https:\/\/amandus.se\/blogg\/wp-content\/uploads\/2022\/09\/IMG_9160-1024x560.jpg 1024w, https:\/\/amandus.se\/blogg\/wp-content\/uploads\/2022\/09\/IMG_9160-300x164.jpg 300w, https:\/\/amandus.se\/blogg\/wp-content\/uploads\/2022\/09\/IMG_9160-768x420.jpg 768w, https:\/\/amandus.se\/blogg\/wp-content\/uploads\/2022\/09\/IMG_9160.jpg 1200w\" sizes=\"auto, (max-width: 1024px) 100vw, 1024px\" \/><figcaption>Ibland bara h\u00e4nder det!<\/figcaption><\/figure>\n\n\n\n<p>Ig\u00e5r skrev jag att h\u00f6sten \u00e4r p\u00e5 v\u00e4g. Idag s\u00e5g vi skylt om julbord, huu.<\/p>\n\n\n\n<figure class=\"wp-block-image size-full\"><img loading=\"lazy\" decoding=\"async\" width=\"206\" height=\"307\" src=\"https:\/\/amandus.se\/blogg\/wp-content\/uploads\/2022\/09\/IMG_3956.jpg\" alt=\"\" class=\"wp-image-2987\" srcset=\"https:\/\/amandus.se\/blogg\/wp-content\/uploads\/2022\/09\/IMG_3956.jpg 206w, https:\/\/amandus.se\/blogg\/wp-content\/uploads\/2022\/09\/IMG_3956-201x300.jpg 201w\" sizes=\"auto, (max-width: 206px) 100vw, 206px\" \/><figcaption>V\u00e4lkommen p\u00e5 julbord, st\u00e5r det p\u00e5 skylten<\/figcaption><\/figure>\n\n\n\n<p>Idag blev det promenad l\u00e4ngs stranden i F\u00e4rjestaden. Vi ville ju testa v\u00e5ra nya kikare. Sedan k\u00f6rde vi vidare till Jordtorps\u00e5sen, d\u00e4r vi \u00e4r just nu. Vi avvaktar med sp\u00e4nning om det ska bli regn eller lys.<\/p>\n\n\n\n<p><\/p>\n","protected":false},"excerpt":{"rendered":"<p>Vi har i flera \u00e5r t\u00e4nk k\u00f6pa nya kikare. De vi har nu \u00e4r v\u00e5ra f\u00e4ders begagnade. Idag \u00e5kte vi till Naturbokhandeln i Sten\u00e5sa och k\u00f6pte varsin kikare. Nu ska h\u00e4r spanas :) Ig\u00e5r skrev jag att h\u00f6sten \u00e4r p\u00e5 v\u00e4g. Idag s\u00e5g vi skylt om julbord, huu. Idag blev det promenad l\u00e4ngs stranden i &hellip; <a href=\"https:\/\/amandus.se\/blogg\/?p=2985\" class=\"more-link\">Forts\u00e4tt l\u00e4sa <span class=\"screen-reader-text\">\u00c4ntligen!<\/span> <span class=\"meta-nav\">&rarr;<\/span><\/a><\/p>\n","protected":false},"author":1,"featured_media":0,"comment_status":"open","ping_status":"open","sticky":false,"template":"","format":"standard","meta":{"footnotes":""},"categories":[4,6],"tags":[],"class_list":["post-2985","post","type-post","status-publish","format-standard","hentry","category-ditt-och-datt","category-sverigesweden"],"_links":{"self":[{"href":"https:\/\/amandus.se\/blogg\/index.php?rest_route=\/wp\/v2\/posts\/2985","targetHints":{"allow":["GET"]}}],"collection":[{"href":"https:\/\/amandus.se\/blogg\/index.php?rest_route=\/wp\/v2\/posts"}],"about":[{"href":"https:\/\/amandus.se\/blogg\/index.php?rest_route=\/wp\/v2\/types\/post"}],"author":[{"embeddable":true,"href":"https:\/\/amandus.se\/blogg\/index.php?rest_route=\/wp\/v2\/users\/1"}],"replies":[{"embeddable":true,"href":"https:\/\/amandus.se\/blogg\/index.php?rest_route=%2Fwp%2Fv2%2Fcomments&post=2985"}],"version-history":[{"count":2,"href":"https:\/\/amandus.se\/blogg\/index.php?rest_route=\/wp\/v2\/posts\/2985\/revisions"}],"predecessor-version":[{"id":2989,"href":"https:\/\/amandus.se\/blogg\/index.php?rest_route=\/wp\/v2\/posts\/2985\/revisions\/2989"}],"wp:attachment":[{"href":"https:\/\/amandus.se\/blogg\/index.php?rest_route=%2Fwp%2Fv2%2Fmedia&parent=2985"}],"wp:term":[{"taxonomy":"category","embeddable":true,"href":"https:\/\/amandus.se\/blogg\/index.php?rest_route=%2Fwp%2Fv2%2Fcategories&post=2985"},{"taxonomy":"post_tag","embeddable":true,"href":"https:\/\/amandus.se\/blogg\/index.php?rest_route=%2Fwp%2Fv2%2Ftags&post=2985"}],"curies":[{"name":"wp","href":"https:\/\/api.w.org\/{rel}","templated":true}]}}