{"id":3011,"date":"2023-04-18T22:59:34","date_gmt":"2023-04-18T20:59:34","guid":{"rendered":"https:\/\/amandus.se\/blogg\/?p=3011"},"modified":"2023-04-28T10:56:02","modified_gmt":"2023-04-28T08:56:02","slug":"annu-en-dag-vid-skummeslovstrand","status":"publish","type":"post","link":"https:\/\/amandus.se\/blogg\/?p=3011","title":{"rendered":"\u00c4nnu en dag vid Skummesl\u00f6vstrand"},"content":{"rendered":"\n<p>I dag den 18\/4 \u00e5kte vi tillbaka till Skummesl\u00f6vstrand f\u00f6r att leta efter <strong>aulica<\/strong> (gulfl\u00e4ckig igelkottsspinnare). Vi gick runt p\u00e5 sanddyner i ett par timmar men hittade igen larv. N\u00e4r vi var p\u00e5 samma st\u00e4lle f\u00f6r flera \u00e5r sedan fanns det gott om larver men d\u00e5 fanns det l\u00e5gt gr\u00e4s och vresrosor p\u00e5 sanddynerna. Nu var v\u00e4xtligheten till st\u00f6rsta delen borttagen. <\/p>\n\n\n\n<figure class=\"wp-block-image size-large\"><img loading=\"lazy\" decoding=\"async\" width=\"1024\" height=\"683\" src=\"https:\/\/amandus.se\/blogg\/wp-content\/uploads\/2023\/04\/0282.Hyphoraia-aulica.B03.160422.SkummeslovsstrandHA-1024x683.jpg\" alt=\"\" class=\"wp-image-3012\" srcset=\"https:\/\/amandus.se\/blogg\/wp-content\/uploads\/2023\/04\/0282.Hyphoraia-aulica.B03.160422.SkummeslovsstrandHA-1024x683.jpg 1024w, https:\/\/amandus.se\/blogg\/wp-content\/uploads\/2023\/04\/0282.Hyphoraia-aulica.B03.160422.SkummeslovsstrandHA-300x200.jpg 300w, https:\/\/amandus.se\/blogg\/wp-content\/uploads\/2023\/04\/0282.Hyphoraia-aulica.B03.160422.SkummeslovsstrandHA-768x512.jpg 768w, https:\/\/amandus.se\/blogg\/wp-content\/uploads\/2023\/04\/0282.Hyphoraia-aulica.B03.160422.SkummeslovsstrandHA-1536x1024.jpg 1536w, https:\/\/amandus.se\/blogg\/wp-content\/uploads\/2023\/04\/0282.Hyphoraia-aulica.B03.160422.SkummeslovsstrandHA-2048x1365.jpg 2048w\" sizes=\"auto, (max-width: 1024px) 100vw, 1024px\" \/><\/figure>\n\n\n\n<p>Larv av aulica, bild fr\u00e5n 2016<\/p>\n\n\n\n<figure class=\"wp-block-gallery has-nested-images columns-default is-cropped wp-block-gallery-1 is-layout-flex wp-block-gallery-is-layout-flex\">\n<figure class=\"wp-block-image size-large\"><img loading=\"lazy\" decoding=\"async\" width=\"640\" height=\"480\" data-id=\"3013\" src=\"https:\/\/amandus.se\/blogg\/wp-content\/uploads\/2023\/04\/IMG_4598.jpg\" alt=\"\" class=\"wp-image-3013\" srcset=\"https:\/\/amandus.se\/blogg\/wp-content\/uploads\/2023\/04\/IMG_4598.jpg 640w, https:\/\/amandus.se\/blogg\/wp-content\/uploads\/2023\/04\/IMG_4598-300x225.jpg 300w\" sizes=\"auto, (max-width: 640px) 100vw, 640px\" \/><\/figure>\n\n\n\n<figure class=\"wp-block-image size-large\"><img loading=\"lazy\" decoding=\"async\" width=\"640\" height=\"480\" data-id=\"3015\" src=\"https:\/\/amandus.se\/blogg\/wp-content\/uploads\/2023\/04\/IMG_4599.jpg\" alt=\"\" class=\"wp-image-3015\" srcset=\"https:\/\/amandus.se\/blogg\/wp-content\/uploads\/2023\/04\/IMG_4599.jpg 640w, https:\/\/amandus.se\/blogg\/wp-content\/uploads\/2023\/04\/IMG_4599-300x225.jpg 300w\" sizes=\"auto, (max-width: 640px) 100vw, 640px\" \/><\/figure>\n\n\n\n<figure class=\"wp-block-image size-large\"><img loading=\"lazy\" decoding=\"async\" width=\"480\" height=\"640\" data-id=\"3014\" src=\"https:\/\/amandus.se\/blogg\/wp-content\/uploads\/2023\/04\/IMG_4601-rotated.jpg\" alt=\"\" class=\"wp-image-3014\" srcset=\"https:\/\/amandus.se\/blogg\/wp-content\/uploads\/2023\/04\/IMG_4601-rotated.jpg 480w, https:\/\/amandus.se\/blogg\/wp-content\/uploads\/2023\/04\/IMG_4601-225x300.jpg 225w\" sizes=\"auto, (max-width: 480px) 100vw, 480px\" \/><\/figure>\n<\/figure>\n\n\n\n<p>Sanddynerna \u00e4r n\u00e4stan helt blottlagda. Inga vresrosenbuskar som larverna kan g\u00f6mma sig i. Det kr\u00f6p och fl\u00f6g d\u00e4remot m\u00e5nga <strong>brun sandj\u00e4gare (C.hybrida)<\/strong><\/p>\n\n\n\n<figure class=\"wp-block-image size-full\"><img loading=\"lazy\" decoding=\"async\" width=\"900\" height=\"600\" src=\"https:\/\/amandus.se\/blogg\/wp-content\/uploads\/2023\/04\/brun-sandjagare-c-hybrida.jpg\" alt=\"\" class=\"wp-image-3016\" srcset=\"https:\/\/amandus.se\/blogg\/wp-content\/uploads\/2023\/04\/brun-sandjagare-c-hybrida.jpg 900w, https:\/\/amandus.se\/blogg\/wp-content\/uploads\/2023\/04\/brun-sandjagare-c-hybrida-300x200.jpg 300w, https:\/\/amandus.se\/blogg\/wp-content\/uploads\/2023\/04\/brun-sandjagare-c-hybrida-768x512.jpg 768w\" sizes=\"auto, (max-width: 900px) 100vw, 900px\" \/><\/figure>\n\n\n\n<p>I kv\u00e4ll har vi t\u00e4nt lampan f\u00f6r f\u00f6rsta g\u00e5ngen i \u00e5r, vid Norrviken. Resultatet har blivit de f\u00f6rv\u00e4ntade arterna. <\/p>\n\n\n\n<figure class=\"wp-block-image size-full is-style-rounded\"><img loading=\"lazy\" decoding=\"async\" width=\"480\" height=\"640\" src=\"https:\/\/amandus.se\/blogg\/wp-content\/uploads\/2023\/04\/IMG_4604-rotated.jpg\" alt=\"\" class=\"wp-image-3017\" srcset=\"https:\/\/amandus.se\/blogg\/wp-content\/uploads\/2023\/04\/IMG_4604-rotated.jpg 480w, https:\/\/amandus.se\/blogg\/wp-content\/uploads\/2023\/04\/IMG_4604-225x300.jpg 225w\" sizes=\"auto, (max-width: 480px) 100vw, 480px\" \/><\/figure>\n\n\n\n<p>F\u00f6r f\u00f6rsta g\u00e5ngen lyser vi p\u00e5 konstgr\u00e4s. Vi \u00e4r sj\u00e4lva p\u00e5 Norrvikens st\u00e4llplats s\u00e5 vi passade p\u00e5 att t\u00e4nda lampan.<\/p>\n","protected":false},"excerpt":{"rendered":"<p>I dag den 18\/4 \u00e5kte vi tillbaka till Skummesl\u00f6vstrand f\u00f6r att leta efter aulica (gulfl\u00e4ckig igelkottsspinnare). Vi gick runt p\u00e5 sanddyner i ett par timmar men hittade igen larv. N\u00e4r vi var p\u00e5 samma st\u00e4lle f\u00f6r flera \u00e5r sedan fanns det gott om larver men d\u00e5 fanns det l\u00e5gt gr\u00e4s och vresrosor p\u00e5 sanddynerna. Nu &hellip; <a href=\"https:\/\/amandus.se\/blogg\/?p=3011\" class=\"more-link\">Forts\u00e4tt l\u00e4sa <span class=\"screen-reader-text\">\u00c4nnu en dag vid Skummesl\u00f6vstrand<\/span> <span class=\"meta-nav\">&rarr;<\/span><\/a><\/p>\n","protected":false},"author":1,"featured_media":0,"comment_status":"open","ping_status":"open","sticky":false,"template":"","format":"standard","meta":{"footnotes":""},"categories":[4,5,6],"tags":[],"class_list":["post-3011","post","type-post","status-publish","format-standard","hentry","category-ditt-och-datt","category-fjarilarbutterfly","category-sverigesweden"],"_links":{"self":[{"href":"https:\/\/amandus.se\/blogg\/index.php?rest_route=\/wp\/v2\/posts\/3011","targetHints":{"allow":["GET"]}}],"collection":[{"href":"https:\/\/amandus.se\/blogg\/index.php?rest_route=\/wp\/v2\/posts"}],"about":[{"href":"https:\/\/amandus.se\/blogg\/index.php?rest_route=\/wp\/v2\/types\/post"}],"author":[{"embeddable":true,"href":"https:\/\/amandus.se\/blogg\/index.php?rest_route=\/wp\/v2\/users\/1"}],"replies":[{"embeddable":true,"href":"https:\/\/amandus.se\/blogg\/index.php?rest_route=%2Fwp%2Fv2%2Fcomments&post=3011"}],"version-history":[{"count":5,"href":"https:\/\/amandus.se\/blogg\/index.php?rest_route=\/wp\/v2\/posts\/3011\/revisions"}],"predecessor-version":[{"id":3040,"href":"https:\/\/amandus.se\/blogg\/index.php?rest_route=\/wp\/v2\/posts\/3011\/revisions\/3040"}],"wp:attachment":[{"href":"https:\/\/amandus.se\/blogg\/index.php?rest_route=%2Fwp%2Fv2%2Fmedia&parent=3011"}],"wp:term":[{"taxonomy":"category","embeddable":true,"href":"https:\/\/amandus.se\/blogg\/index.php?rest_route=%2Fwp%2Fv2%2Fcategories&post=3011"},{"taxonomy":"post_tag","embeddable":true,"href":"https:\/\/amandus.se\/blogg\/index.php?rest_route=%2Fwp%2Fv2%2Ftags&post=3011"}],"curies":[{"name":"wp","href":"https:\/\/api.w.org\/{rel}","templated":true}]}}