{"id":3023,"date":"2023-04-19T21:26:22","date_gmt":"2023-04-19T19:26:22","guid":{"rendered":"https:\/\/amandus.se\/blogg\/?p=3023"},"modified":"2023-04-19T21:32:03","modified_gmt":"2023-04-19T19:32:03","slug":"solen-skiner-pa-folk-och-fa","status":"publish","type":"post","link":"https:\/\/amandus.se\/blogg\/?p=3023","title":{"rendered":"Solen skiner p\u00e5 folk och f\u00e4"},"content":{"rendered":"\n<p>I dag , 19\/4, k\u00f6rde vi till trakterna kring V\u00e5xtorp. Utmed dikesrenarna i en v\u00e4gkorsning h\u00e5ller en ovanlig fj\u00e4ril till,<strong> Ringlad vinterm\u00e4tare (Lycia zonaria)<\/strong>. Arten kl\u00e4cks p\u00e5 eftermiddagen och vi kom precis i r\u00e4tt tid f\u00f6r att hitta nykl\u00e4ckta exemplar.<\/p>\n\n\n<div class=\"wp-block-image\">\n<figure class=\"aligncenter size-full\"><img loading=\"lazy\" decoding=\"async\" width=\"480\" height=\"640\" src=\"https:\/\/amandus.se\/blogg\/wp-content\/uploads\/2023\/04\/IMG_4606-rotated.jpg\" alt=\"\" class=\"wp-image-3024\" srcset=\"https:\/\/amandus.se\/blogg\/wp-content\/uploads\/2023\/04\/IMG_4606-rotated.jpg 480w, https:\/\/amandus.se\/blogg\/wp-content\/uploads\/2023\/04\/IMG_4606-225x300.jpg 225w\" sizes=\"auto, (max-width: 480px) 100vw, 480px\" \/><\/figure>\n<\/div>\n\n\n<p>Ett av sk\u00e4len till att fj\u00e4rilen lever d\u00e4r p\u00e5 en begr\u00e4nsad yta \u00e4r passande biotop och  att honan saknar vingar.  Honan \u00e4r duktig p\u00e5 att kl\u00e4ttra och krypa men det blir inga stora f\u00f6rflyttningar. N\u00e4r hon kl\u00e4ckts s\u00e5 sitter hon p\u00e5 ett gr\u00e4sstr\u00e5, lockar p\u00e5 en hanne och v\u00e4ntar p\u00e5 att bli parad f\u00f6r att sedan l\u00e4gga \u00e4gg. <\/p>\n\n\n\n<figure class=\"wp-block-image size-large\"><img loading=\"lazy\" decoding=\"async\" width=\"1024\" height=\"683\" src=\"https:\/\/amandus.se\/blogg\/wp-content\/uploads\/2023\/04\/IMG_8716-1024x683.jpg\" alt=\"\" class=\"wp-image-3025\" srcset=\"https:\/\/amandus.se\/blogg\/wp-content\/uploads\/2023\/04\/IMG_8716-1024x683.jpg 1024w, https:\/\/amandus.se\/blogg\/wp-content\/uploads\/2023\/04\/IMG_8716-300x200.jpg 300w, https:\/\/amandus.se\/blogg\/wp-content\/uploads\/2023\/04\/IMG_8716-768x512.jpg 768w, https:\/\/amandus.se\/blogg\/wp-content\/uploads\/2023\/04\/IMG_8716.jpg 1200w\" sizes=\"auto, (max-width: 1024px) 100vw, 1024px\" \/><figcaption class=\"wp-element-caption\"><strong>Nykl\u00e4ckt zonariahane som sitter och torkar vingarna<\/strong><\/figcaption><\/figure>\n\n\n\n<figure class=\"wp-block-image size-large\"><img loading=\"lazy\" decoding=\"async\" width=\"1024\" height=\"683\" src=\"https:\/\/amandus.se\/blogg\/wp-content\/uploads\/2023\/04\/IMG_8720-1024x683.jpg\" alt=\"\" class=\"wp-image-3026\" srcset=\"https:\/\/amandus.se\/blogg\/wp-content\/uploads\/2023\/04\/IMG_8720-1024x683.jpg 1024w, https:\/\/amandus.se\/blogg\/wp-content\/uploads\/2023\/04\/IMG_8720-300x200.jpg 300w, https:\/\/amandus.se\/blogg\/wp-content\/uploads\/2023\/04\/IMG_8720-768x512.jpg 768w, https:\/\/amandus.se\/blogg\/wp-content\/uploads\/2023\/04\/IMG_8720.jpg 1200w\" sizes=\"auto, (max-width: 1024px) 100vw, 1024px\" \/><figcaption class=\"wp-element-caption\"><strong>Samma exemplar efter ytterligare 10 minuter<\/strong><\/figcaption><\/figure>\n\n\n\n<figure class=\"wp-block-image size-large\"><img loading=\"lazy\" decoding=\"async\" width=\"1024\" height=\"683\" src=\"https:\/\/amandus.se\/blogg\/wp-content\/uploads\/2023\/04\/IMG_8736-1024x683.jpg\" alt=\"\" class=\"wp-image-3027\" srcset=\"https:\/\/amandus.se\/blogg\/wp-content\/uploads\/2023\/04\/IMG_8736-1024x683.jpg 1024w, https:\/\/amandus.se\/blogg\/wp-content\/uploads\/2023\/04\/IMG_8736-300x200.jpg 300w, https:\/\/amandus.se\/blogg\/wp-content\/uploads\/2023\/04\/IMG_8736-768x512.jpg 768w, https:\/\/amandus.se\/blogg\/wp-content\/uploads\/2023\/04\/IMG_8736.jpg 1200w\" sizes=\"auto, (max-width: 1024px) 100vw, 1024px\" \/><figcaption class=\"wp-element-caption\"><strong>Den vingl\u00f6sa zonariahonan<\/strong><\/figcaption><\/figure>\n\n\n\n<p>Tv\u00e5 N\u00e4sselfj\u00e4rilar lekte i v\u00e5rsolen.<\/p>\n\n\n\n<figure class=\"wp-block-image size-large\"><img loading=\"lazy\" decoding=\"async\" width=\"1024\" height=\"683\" src=\"https:\/\/amandus.se\/blogg\/wp-content\/uploads\/2023\/04\/IMG_8729-1024x683.jpg\" alt=\"\" class=\"wp-image-3028\" srcset=\"https:\/\/amandus.se\/blogg\/wp-content\/uploads\/2023\/04\/IMG_8729-1024x683.jpg 1024w, https:\/\/amandus.se\/blogg\/wp-content\/uploads\/2023\/04\/IMG_8729-300x200.jpg 300w, https:\/\/amandus.se\/blogg\/wp-content\/uploads\/2023\/04\/IMG_8729-768x512.jpg 768w, https:\/\/amandus.se\/blogg\/wp-content\/uploads\/2023\/04\/IMG_8729.jpg 1200w\" sizes=\"auto, (max-width: 1024px) 100vw, 1024px\" \/><\/figure>\n\n\n\n<p>Efter V\u00e5xtorp fortsatte vi till Konga. Vi hade t\u00e4nkt lysa h\u00e4r men det var lite f\u00f6r bl\u00e5sigt.<\/p>\n","protected":false},"excerpt":{"rendered":"<p>I dag , 19\/4, k\u00f6rde vi till trakterna kring V\u00e5xtorp. Utmed dikesrenarna i en v\u00e4gkorsning h\u00e5ller en ovanlig fj\u00e4ril till, Ringlad vinterm\u00e4tare (Lycia zonaria). Arten kl\u00e4cks p\u00e5 eftermiddagen och vi kom precis i r\u00e4tt tid f\u00f6r att hitta nykl\u00e4ckta exemplar. Ett av sk\u00e4len till att fj\u00e4rilen lever d\u00e4r p\u00e5 en begr\u00e4nsad yta \u00e4r passande biotop &hellip; <a href=\"https:\/\/amandus.se\/blogg\/?p=3023\" class=\"more-link\">Forts\u00e4tt l\u00e4sa <span class=\"screen-reader-text\">Solen skiner p\u00e5 folk och f\u00e4<\/span> <span class=\"meta-nav\">&rarr;<\/span><\/a><\/p>\n","protected":false},"author":1,"featured_media":0,"comment_status":"open","ping_status":"open","sticky":false,"template":"","format":"standard","meta":{"footnotes":""},"categories":[4,5,6],"tags":[],"class_list":["post-3023","post","type-post","status-publish","format-standard","hentry","category-ditt-och-datt","category-fjarilarbutterfly","category-sverigesweden"],"_links":{"self":[{"href":"https:\/\/amandus.se\/blogg\/index.php?rest_route=\/wp\/v2\/posts\/3023","targetHints":{"allow":["GET"]}}],"collection":[{"href":"https:\/\/amandus.se\/blogg\/index.php?rest_route=\/wp\/v2\/posts"}],"about":[{"href":"https:\/\/amandus.se\/blogg\/index.php?rest_route=\/wp\/v2\/types\/post"}],"author":[{"embeddable":true,"href":"https:\/\/amandus.se\/blogg\/index.php?rest_route=\/wp\/v2\/users\/1"}],"replies":[{"embeddable":true,"href":"https:\/\/amandus.se\/blogg\/index.php?rest_route=%2Fwp%2Fv2%2Fcomments&post=3023"}],"version-history":[{"count":2,"href":"https:\/\/amandus.se\/blogg\/index.php?rest_route=\/wp\/v2\/posts\/3023\/revisions"}],"predecessor-version":[{"id":3030,"href":"https:\/\/amandus.se\/blogg\/index.php?rest_route=\/wp\/v2\/posts\/3023\/revisions\/3030"}],"wp:attachment":[{"href":"https:\/\/amandus.se\/blogg\/index.php?rest_route=%2Fwp%2Fv2%2Fmedia&parent=3023"}],"wp:term":[{"taxonomy":"category","embeddable":true,"href":"https:\/\/amandus.se\/blogg\/index.php?rest_route=%2Fwp%2Fv2%2Fcategories&post=3023"},{"taxonomy":"post_tag","embeddable":true,"href":"https:\/\/amandus.se\/blogg\/index.php?rest_route=%2Fwp%2Fv2%2Ftags&post=3023"}],"curies":[{"name":"wp","href":"https:\/\/api.w.org\/{rel}","templated":true}]}}