{"id":3031,"date":"2023-04-21T18:36:30","date_gmt":"2023-04-21T16:36:30","guid":{"rendered":"https:\/\/amandus.se\/blogg\/?p=3031"},"modified":"2023-05-20T19:39:16","modified_gmt":"2023-05-20T17:39:16","slug":"skane-levererade","status":"publish","type":"post","link":"https:\/\/amandus.se\/blogg\/?p=3031","title":{"rendered":"Sk\u00e5ne levererade"},"content":{"rendered":"\n<p>Ig\u00e5r den 20 april fortsatte vi v\u00e5r inventeringsresa av gamla lokaler, a trip down memory lane, till Br\u00f6nnestad. Efter att ha bockat av zonaria, s\u00e5g vi nu fram mot att f\u00e5 se larver av Glansspinnare (C.dominula). Vi bes\u00f6kte tv\u00e5 lokaler och hittade efter ett snabbt s\u00f6k tv\u00e5 larver p\u00e5 varje lokal. Kul att se att arten finns kvar.<\/p>\n\n\n\n<figure class=\"wp-block-image size-full\"><img loading=\"lazy\" decoding=\"async\" width=\"480\" height=\"640\" src=\"https:\/\/amandus.se\/blogg\/wp-content\/uploads\/2023\/04\/2.jpg\" alt=\"\" class=\"wp-image-3032\" srcset=\"https:\/\/amandus.se\/blogg\/wp-content\/uploads\/2023\/04\/2.jpg 480w, https:\/\/amandus.se\/blogg\/wp-content\/uploads\/2023\/04\/2-225x300.jpg 225w\" sizes=\"auto, (max-width: 480px) 100vw, 480px\" \/><figcaption class=\"wp-element-caption\"><strong>Anders krypfotar Glansspinnare<\/strong><\/figcaption><\/figure>\n\n\n\n<figure class=\"wp-block-image size-large is-resized\"><img loading=\"lazy\" decoding=\"async\" src=\"https:\/\/amandus.se\/blogg\/wp-content\/uploads\/2023\/04\/IMG_8744-1024x683.jpg\" alt=\"\" class=\"wp-image-3033\" width=\"809\" height=\"539\" srcset=\"https:\/\/amandus.se\/blogg\/wp-content\/uploads\/2023\/04\/IMG_8744-1024x683.jpg 1024w, https:\/\/amandus.se\/blogg\/wp-content\/uploads\/2023\/04\/IMG_8744-300x200.jpg 300w, https:\/\/amandus.se\/blogg\/wp-content\/uploads\/2023\/04\/IMG_8744-768x512.jpg 768w, https:\/\/amandus.se\/blogg\/wp-content\/uploads\/2023\/04\/IMG_8744.jpg 1200w\" sizes=\"auto, (max-width: 809px) 100vw, 809px\" \/><figcaption class=\"wp-element-caption\"><strong>Larv av<\/strong> <strong>Glansspinnare<\/strong><\/figcaption><\/figure>\n\n\n\n<p>Det var s\u00e5 varmt att det fick bli en kall sallad till middag.<\/p>\n\n\n\n<figure class=\"wp-block-image size-full\"><img loading=\"lazy\" decoding=\"async\" width=\"480\" height=\"400\" src=\"https:\/\/amandus.se\/blogg\/wp-content\/uploads\/2023\/04\/1.jpg\" alt=\"\" class=\"wp-image-3034\" srcset=\"https:\/\/amandus.se\/blogg\/wp-content\/uploads\/2023\/04\/1.jpg 480w, https:\/\/amandus.se\/blogg\/wp-content\/uploads\/2023\/04\/1-300x250.jpg 300w\" sizes=\"auto, (max-width: 480px) 100vw, 480px\" \/><figcaption class=\"wp-element-caption\"><strong>V\u00e4stkustsallad<\/strong><\/figcaption><\/figure>\n\n\n\n<p>P\u00e5 kv\u00e4llen t\u00e4nde vi lampan vid Stockam\u00f6llan. Vi hade hoppats f\u00e5 se arter som Svartprickigt s\u00e4lgfly (O.munda) och Brunr\u00f6tt skogsfly (C.leucographa) men ingen d\u00f6k upp. D\u00e4remot var det gott om vanligare s\u00e4lgflyn. <\/p>\n\n\n\n<p>Idag, 21 april, best\u00e4mde vi oss f\u00f6r att b\u00f6rja dra oss norrut. M\u00e5let var Gullbranna d\u00e4r det finns en bra camping. P\u00e5 v\u00e4gen passerade vi \u00e5ter V\u00e5xtorp d\u00e4r vi gjorde ett snabbstopp f\u00f6r att kolla efter zonaria. Vi s\u00e5g fyra honor men ingen hane. Anders tog in en hona f\u00f6r att f\u00f6rs\u00f6ka f\u00e5 \u00e4gg f\u00f6r uppf\u00f6dning och fotografering. Imorgon dra vi vidare hem\u00f6ver. Det har varit en v\u00e4ldigt lyckad Sk\u00e5neresa. Kul att se att arterna vi s\u00f6kte finns kvar p\u00e5 sina gamla lokaler<\/p>\n","protected":false},"excerpt":{"rendered":"<p>Ig\u00e5r den 20 april fortsatte vi v\u00e5r inventeringsresa av gamla lokaler, a trip down memory lane, till Br\u00f6nnestad. Efter att ha bockat av zonaria, s\u00e5g vi nu fram mot att f\u00e5 se larver av Glansspinnare (C.dominula). Vi bes\u00f6kte tv\u00e5 lokaler och hittade efter ett snabbt s\u00f6k tv\u00e5 larver p\u00e5 varje lokal. Kul att se att &hellip; <a href=\"https:\/\/amandus.se\/blogg\/?p=3031\" class=\"more-link\">Forts\u00e4tt l\u00e4sa <span class=\"screen-reader-text\">Sk\u00e5ne levererade<\/span> <span class=\"meta-nav\">&rarr;<\/span><\/a><\/p>\n","protected":false},"author":1,"featured_media":0,"comment_status":"open","ping_status":"open","sticky":false,"template":"","format":"standard","meta":{"footnotes":""},"categories":[4,5,6],"tags":[],"class_list":["post-3031","post","type-post","status-publish","format-standard","hentry","category-ditt-och-datt","category-fjarilarbutterfly","category-sverigesweden"],"_links":{"self":[{"href":"https:\/\/amandus.se\/blogg\/index.php?rest_route=\/wp\/v2\/posts\/3031","targetHints":{"allow":["GET"]}}],"collection":[{"href":"https:\/\/amandus.se\/blogg\/index.php?rest_route=\/wp\/v2\/posts"}],"about":[{"href":"https:\/\/amandus.se\/blogg\/index.php?rest_route=\/wp\/v2\/types\/post"}],"author":[{"embeddable":true,"href":"https:\/\/amandus.se\/blogg\/index.php?rest_route=\/wp\/v2\/users\/1"}],"replies":[{"embeddable":true,"href":"https:\/\/amandus.se\/blogg\/index.php?rest_route=%2Fwp%2Fv2%2Fcomments&post=3031"}],"version-history":[{"count":3,"href":"https:\/\/amandus.se\/blogg\/index.php?rest_route=\/wp\/v2\/posts\/3031\/revisions"}],"predecessor-version":[{"id":3042,"href":"https:\/\/amandus.se\/blogg\/index.php?rest_route=\/wp\/v2\/posts\/3031\/revisions\/3042"}],"wp:attachment":[{"href":"https:\/\/amandus.se\/blogg\/index.php?rest_route=%2Fwp%2Fv2%2Fmedia&parent=3031"}],"wp:term":[{"taxonomy":"category","embeddable":true,"href":"https:\/\/amandus.se\/blogg\/index.php?rest_route=%2Fwp%2Fv2%2Fcategories&post=3031"},{"taxonomy":"post_tag","embeddable":true,"href":"https:\/\/amandus.se\/blogg\/index.php?rest_route=%2Fwp%2Fv2%2Ftags&post=3031"}],"curies":[{"name":"wp","href":"https:\/\/api.w.org\/{rel}","templated":true}]}}