{"id":3043,"date":"2023-05-25T19:45:47","date_gmt":"2023-05-25T17:45:47","guid":{"rendered":"https:\/\/amandus.se\/blogg\/?p=3043"},"modified":"2023-05-25T19:46:19","modified_gmt":"2023-05-25T17:46:19","slug":"nu-ar-vi-pa-vagarna-igen","status":"publish","type":"post","link":"https:\/\/amandus.se\/blogg\/?p=3043","title":{"rendered":"Nu \u00e4r vi p\u00e5 v\u00e4garna igen"},"content":{"rendered":"\n<p>I g\u00e5r, 24 maj, l\u00e4mnade vi hemma\u00f6n och tog f\u00e4rjan till fastlandet.<\/p>\n\n\n\n<figure class=\"wp-block-image size-full\"><img loading=\"lazy\" decoding=\"async\" width=\"480\" height=\"640\" src=\"https:\/\/amandus.se\/blogg\/wp-content\/uploads\/2023\/05\/IMG_4811-rotated.jpg\" alt=\"\" class=\"wp-image-3044\" srcset=\"https:\/\/amandus.se\/blogg\/wp-content\/uploads\/2023\/05\/IMG_4811-rotated.jpg 480w, https:\/\/amandus.se\/blogg\/wp-content\/uploads\/2023\/05\/IMG_4811-225x300.jpg 225w\" sizes=\"auto, (max-width: 480px) 100vw, 480px\" \/><\/figure>\n\n\n\n<p>Vi k\u00f6rde till M\u00e4stocka ljunghed i Halland. Anders letade efter olika larver  p\u00e5 ginst. Resultatet blev en larv, f\u00f6rmodligen en C.elinguaria (Ockragul rovm\u00e4tare). <\/p>\n\n\n\n<p> <\/p>\n\n\n\n<figure class=\"wp-block-image size-large is-resized\"><img loading=\"lazy\" decoding=\"async\" src=\"https:\/\/amandus.se\/blogg\/wp-content\/uploads\/2023\/05\/IMG_8931-1024x683.jpg\" alt=\"\" class=\"wp-image-3045\" width=\"800\" height=\"533\" srcset=\"https:\/\/amandus.se\/blogg\/wp-content\/uploads\/2023\/05\/IMG_8931-1024x683.jpg 1024w, https:\/\/amandus.se\/blogg\/wp-content\/uploads\/2023\/05\/IMG_8931-300x200.jpg 300w, https:\/\/amandus.se\/blogg\/wp-content\/uploads\/2023\/05\/IMG_8931-768x512.jpg 768w, https:\/\/amandus.se\/blogg\/wp-content\/uploads\/2023\/05\/IMG_8931.jpg 1200w\" sizes=\"auto, (max-width: 800px) 100vw, 800px\" \/><\/figure>\n\n\n\n<p>Efter att vi tittat p\u00e5 den vackra solnedg\u00e5ngen t\u00e4nde vi lampan. Inte m\u00e5nga fj\u00e4rilar p\u00e5 duken, klent resultat.<\/p>\n\n\n\n<figure class=\"wp-block-image size-full\"><img loading=\"lazy\" decoding=\"async\" width=\"480\" height=\"640\" src=\"https:\/\/amandus.se\/blogg\/wp-content\/uploads\/2023\/05\/IMG_4819-rotated.jpg\" alt=\"\" class=\"wp-image-3046\" srcset=\"https:\/\/amandus.se\/blogg\/wp-content\/uploads\/2023\/05\/IMG_4819-rotated.jpg 480w, https:\/\/amandus.se\/blogg\/wp-content\/uploads\/2023\/05\/IMG_4819-225x300.jpg 225w\" sizes=\"auto, (max-width: 480px) 100vw, 480px\" \/><\/figure>\n\n\n\n<p>I dag var det dags att &#8221;l\u00e4mna tillbaka&#8221; zonarialarver i V\u00e5xtorp. N\u00e4r vi var i V\u00e5xtorp 21 april tog vi med en hona hem med f\u00f6rhoppning om \u00e4ggl\u00e4ggning. Resultatet blev ca. 125 \u00e4gg och d\u00e4rmed lika m\u00e5nga larver. I dag satte vi ut drygt ett hundratal halvvuxna larver i V\u00e5xtorp. <\/p>\n\n\n\n<figure class=\"wp-block-image size-large is-resized\"><img loading=\"lazy\" decoding=\"async\" src=\"https:\/\/amandus.se\/blogg\/wp-content\/uploads\/2023\/05\/1073.Lycia-zonaria.A04.230427.VaxtorpHA-1024x683.jpg\" alt=\"\" class=\"wp-image-3047\" width=\"800\" height=\"533\" srcset=\"https:\/\/amandus.se\/blogg\/wp-content\/uploads\/2023\/05\/1073.Lycia-zonaria.A04.230427.VaxtorpHA-1024x683.jpg 1024w, https:\/\/amandus.se\/blogg\/wp-content\/uploads\/2023\/05\/1073.Lycia-zonaria.A04.230427.VaxtorpHA-300x200.jpg 300w, https:\/\/amandus.se\/blogg\/wp-content\/uploads\/2023\/05\/1073.Lycia-zonaria.A04.230427.VaxtorpHA-768x512.jpg 768w, https:\/\/amandus.se\/blogg\/wp-content\/uploads\/2023\/05\/1073.Lycia-zonaria.A04.230427.VaxtorpHA.jpg 1200w\" sizes=\"auto, (max-width: 800px) 100vw, 800px\" \/><\/figure>\n\n\n\n<p>\u00c4ggsamling av L.zonaria (Ringlad vinterm\u00e4tare)<\/p>\n\n\n\n<figure class=\"wp-block-image size-large\"><img loading=\"lazy\" decoding=\"async\" width=\"1024\" height=\"683\" src=\"https:\/\/amandus.se\/blogg\/wp-content\/uploads\/2023\/05\/1073.Lycia-zonaria.B06.230515.VaxtorpHA-1024x683.jpg\" alt=\"\" class=\"wp-image-3048\" srcset=\"https:\/\/amandus.se\/blogg\/wp-content\/uploads\/2023\/05\/1073.Lycia-zonaria.B06.230515.VaxtorpHA-1024x683.jpg 1024w, https:\/\/amandus.se\/blogg\/wp-content\/uploads\/2023\/05\/1073.Lycia-zonaria.B06.230515.VaxtorpHA-300x200.jpg 300w, https:\/\/amandus.se\/blogg\/wp-content\/uploads\/2023\/05\/1073.Lycia-zonaria.B06.230515.VaxtorpHA-768x512.jpg 768w, https:\/\/amandus.se\/blogg\/wp-content\/uploads\/2023\/05\/1073.Lycia-zonaria.B06.230515.VaxtorpHA.jpg 1200w\" sizes=\"auto, (max-width: 1024px) 100vw, 1024px\" \/><\/figure>\n\n\n\n<p>Nykl\u00e4ckt zonaria larv ca. 1,5 mm<\/p>\n\n\n\n<figure class=\"wp-block-image size-full\"><img loading=\"lazy\" decoding=\"async\" width=\"480\" height=\"640\" src=\"https:\/\/amandus.se\/blogg\/wp-content\/uploads\/2023\/05\/IMG_4820-rotated.jpg\" alt=\"\" class=\"wp-image-3051\" srcset=\"https:\/\/amandus.se\/blogg\/wp-content\/uploads\/2023\/05\/IMG_4820-rotated.jpg 480w, https:\/\/amandus.se\/blogg\/wp-content\/uploads\/2023\/05\/IMG_4820-225x300.jpg 225w\" sizes=\"auto, (max-width: 480px) 100vw, 480px\" \/><\/figure>\n\n\n\n<p>Anders \u00e4r redo att &#8221;l\u00e4mna tillbaka&#8221; larverna<\/p>\n\n\n\n<figure class=\"wp-block-image size-large\"><img loading=\"lazy\" decoding=\"async\" width=\"1024\" height=\"683\" src=\"https:\/\/amandus.se\/blogg\/wp-content\/uploads\/2023\/05\/IMG_8923-1024x683.jpg\" alt=\"\" class=\"wp-image-3049\" srcset=\"https:\/\/amandus.se\/blogg\/wp-content\/uploads\/2023\/05\/IMG_8923-1024x683.jpg 1024w, https:\/\/amandus.se\/blogg\/wp-content\/uploads\/2023\/05\/IMG_8923-300x200.jpg 300w, https:\/\/amandus.se\/blogg\/wp-content\/uploads\/2023\/05\/IMG_8923-768x512.jpg 768w, https:\/\/amandus.se\/blogg\/wp-content\/uploads\/2023\/05\/IMG_8923.jpg 1200w\" sizes=\"auto, (max-width: 1024px) 100vw, 1024px\" \/><\/figure>\n\n\n\n<p>Redo f\u00f6r att sl\u00e4ppas i V\u00e5xtorp<\/p>\n\n\n\n<figure class=\"wp-block-image size-large\"><img loading=\"lazy\" decoding=\"async\" width=\"1024\" height=\"683\" src=\"https:\/\/amandus.se\/blogg\/wp-content\/uploads\/2023\/05\/IMG_8938-1024x683.jpg\" alt=\"\" class=\"wp-image-3050\" srcset=\"https:\/\/amandus.se\/blogg\/wp-content\/uploads\/2023\/05\/IMG_8938-1024x683.jpg 1024w, https:\/\/amandus.se\/blogg\/wp-content\/uploads\/2023\/05\/IMG_8938-300x200.jpg 300w, https:\/\/amandus.se\/blogg\/wp-content\/uploads\/2023\/05\/IMG_8938-768x512.jpg 768w, https:\/\/amandus.se\/blogg\/wp-content\/uploads\/2023\/05\/IMG_8938.jpg 1200w\" sizes=\"auto, (max-width: 1024px) 100vw, 1024px\" \/><\/figure>\n\n\n\n<p>S\u00e5 h\u00e4r s\u00e5g larven ut i dag som halvvuxen. Nu \u00e4r det bara att hoppa att inte v\u00e4gkanterna klipps f\u00f6r tidigt i \u00e5r.<\/p>\n\n\n\n<p>N\u00e4r vi \u00e4nd\u00e5 var i V\u00e5xtorp passade Anders p\u00e5 att slagh\u00e5va efter C.legatella (St\u00f6rre harrism\u00e4tare). Vi tog in ca. 25 larver men har inte hunnit artbest\u00e4mma och fotografera dem \u00e4n. Forts\u00e4ttning f\u00f6ljer. Efter allt larvletande \u00e5kte vi till Ladan i Boarp och shoppade loss. T\u00e4nk vad mycket det \u00e4r som man inte vet att man beh\u00f6ver :)  Tur att vi hittade det d\u00e4r. Nu har vi slagit l\u00e4ger vid Norrvikens st\u00e4llplats.<\/p>\n","protected":false},"excerpt":{"rendered":"<p>I g\u00e5r, 24 maj, l\u00e4mnade vi hemma\u00f6n och tog f\u00e4rjan till fastlandet. Vi k\u00f6rde till M\u00e4stocka ljunghed i Halland. Anders letade efter olika larver p\u00e5 ginst. Resultatet blev en larv, f\u00f6rmodligen en C.elinguaria (Ockragul rovm\u00e4tare). Efter att vi tittat p\u00e5 den vackra solnedg\u00e5ngen t\u00e4nde vi lampan. Inte m\u00e5nga fj\u00e4rilar p\u00e5 duken, klent resultat. I dag &hellip; <a href=\"https:\/\/amandus.se\/blogg\/?p=3043\" class=\"more-link\">Forts\u00e4tt l\u00e4sa <span class=\"screen-reader-text\">Nu \u00e4r vi p\u00e5 v\u00e4garna igen<\/span> <span class=\"meta-nav\">&rarr;<\/span><\/a><\/p>\n","protected":false},"author":1,"featured_media":0,"comment_status":"open","ping_status":"open","sticky":false,"template":"","format":"standard","meta":{"footnotes":""},"categories":[4,5,6],"tags":[],"class_list":["post-3043","post","type-post","status-publish","format-standard","hentry","category-ditt-och-datt","category-fjarilarbutterfly","category-sverigesweden"],"_links":{"self":[{"href":"https:\/\/amandus.se\/blogg\/index.php?rest_route=\/wp\/v2\/posts\/3043","targetHints":{"allow":["GET"]}}],"collection":[{"href":"https:\/\/amandus.se\/blogg\/index.php?rest_route=\/wp\/v2\/posts"}],"about":[{"href":"https:\/\/amandus.se\/blogg\/index.php?rest_route=\/wp\/v2\/types\/post"}],"author":[{"embeddable":true,"href":"https:\/\/amandus.se\/blogg\/index.php?rest_route=\/wp\/v2\/users\/1"}],"replies":[{"embeddable":true,"href":"https:\/\/amandus.se\/blogg\/index.php?rest_route=%2Fwp%2Fv2%2Fcomments&post=3043"}],"version-history":[{"count":1,"href":"https:\/\/amandus.se\/blogg\/index.php?rest_route=\/wp\/v2\/posts\/3043\/revisions"}],"predecessor-version":[{"id":3052,"href":"https:\/\/amandus.se\/blogg\/index.php?rest_route=\/wp\/v2\/posts\/3043\/revisions\/3052"}],"wp:attachment":[{"href":"https:\/\/amandus.se\/blogg\/index.php?rest_route=%2Fwp%2Fv2%2Fmedia&parent=3043"}],"wp:term":[{"taxonomy":"category","embeddable":true,"href":"https:\/\/amandus.se\/blogg\/index.php?rest_route=%2Fwp%2Fv2%2Fcategories&post=3043"},{"taxonomy":"post_tag","embeddable":true,"href":"https:\/\/amandus.se\/blogg\/index.php?rest_route=%2Fwp%2Fv2%2Ftags&post=3043"}],"curies":[{"name":"wp","href":"https:\/\/api.w.org\/{rel}","templated":true}]}}