{"id":3053,"date":"2023-05-26T23:42:22","date_gmt":"2023-05-26T21:42:22","guid":{"rendered":"https:\/\/amandus.se\/blogg\/?p=3053"},"modified":"2023-05-26T23:42:35","modified_gmt":"2023-05-26T21:42:35","slug":"tidig-morgon","status":"publish","type":"post","link":"https:\/\/amandus.se\/blogg\/?p=3053","title":{"rendered":"Tidig morgon"},"content":{"rendered":"\n<p>I dag, 26 maj, ringde v\u00e4ckarklockan 7.00. Det blev snabb b\u00e4ddning och frukost innan avf\u00e4rd till Stenhotten.<\/p>\n\n\n\n<figure class=\"wp-block-image size-full\"><img loading=\"lazy\" decoding=\"async\" width=\"480\" height=\"640\" src=\"https:\/\/amandus.se\/blogg\/wp-content\/uploads\/2023\/05\/IMG_4826-rotated.jpg\" alt=\"\" class=\"wp-image-3054\" srcset=\"https:\/\/amandus.se\/blogg\/wp-content\/uploads\/2023\/05\/IMG_4826-rotated.jpg 480w, https:\/\/amandus.se\/blogg\/wp-content\/uploads\/2023\/05\/IMG_4826-225x300.jpg 225w\" sizes=\"auto, (max-width: 480px) 100vw, 480px\" \/><figcaption class=\"wp-element-caption\">Anders i b\u00e4ddartagen<\/figcaption><\/figure>\n\n\n\n<p> Vi ville \u00e5ka till Stenhotten med f\u00f6rhoppning om att f\u00e5 se A.tau (Nagelspinnare).  Efter n\u00e5gra timmars letande i bokskogen fick vi ge upp. <\/p>\n\n\n<div class=\"wp-block-image\">\n<figure class=\"alignright size-full\"><img loading=\"lazy\" decoding=\"async\" width=\"480\" height=\"640\" src=\"https:\/\/amandus.se\/blogg\/wp-content\/uploads\/2023\/05\/IMG_4830-rotated.jpg\" alt=\"\" class=\"wp-image-3055\" srcset=\"https:\/\/amandus.se\/blogg\/wp-content\/uploads\/2023\/05\/IMG_4830-rotated.jpg 480w, https:\/\/amandus.se\/blogg\/wp-content\/uploads\/2023\/05\/IMG_4830-225x300.jpg 225w\" sizes=\"auto, (max-width: 480px) 100vw, 480px\" \/><\/figure>\n<\/div>\n\n\n<p><\/p>\n\n\n\n<p>Bilden p\u00e5 A.tau \u00e4r fr\u00e5n 26 maj1995. D\u00e5 fl\u00f6g det m\u00e5nga i bokskogen vid Stenhotten. I \u00e5r var vi nog f\u00f6r sent ute.<\/p>\n\n\n\n<figure class=\"wp-block-image size-large is-resized\"><img loading=\"lazy\" decoding=\"async\" src=\"https:\/\/amandus.se\/blogg\/wp-content\/uploads\/2023\/05\/0185.Aglia-tau.D13kop.950526.ForslovSK-1024x683.jpg\" alt=\"\" class=\"wp-image-3056\" width=\"803\" height=\"535\" srcset=\"https:\/\/amandus.se\/blogg\/wp-content\/uploads\/2023\/05\/0185.Aglia-tau.D13kop.950526.ForslovSK-1024x683.jpg 1024w, https:\/\/amandus.se\/blogg\/wp-content\/uploads\/2023\/05\/0185.Aglia-tau.D13kop.950526.ForslovSK-300x200.jpg 300w, https:\/\/amandus.se\/blogg\/wp-content\/uploads\/2023\/05\/0185.Aglia-tau.D13kop.950526.ForslovSK-768x512.jpg 768w, https:\/\/amandus.se\/blogg\/wp-content\/uploads\/2023\/05\/0185.Aglia-tau.D13kop.950526.ForslovSK.jpg 1200w\" sizes=\"auto, (max-width: 803px) 100vw, 803px\" \/><figcaption class=\"wp-element-caption\"><strong>Kramande hona och hane av A.tau<\/strong><\/figcaption><\/figure>\n\n\n\n<p>N\u00e4sta stopp blev J\u00e4ravallen utanf\u00f6r Landskrona. D\u00e4r hoppades vi f\u00e5 se larver av L.camilla (Tryfj\u00e4ril). Vi hade ingen tur d\u00e4r heller. Nu \u00e4r vi i Stensoffa vid Krankesj\u00f6n. Har just t\u00e4nt lampan och hoppas f\u00e5 se n\u00e5got som flyger.<\/p>\n\n\n\n<figure class=\"wp-block-image size-full\"><img loading=\"lazy\" decoding=\"async\" width=\"631\" height=\"300\" src=\"https:\/\/amandus.se\/blogg\/wp-content\/uploads\/2023\/05\/IMG_4839.jpg\" alt=\"\" class=\"wp-image-3057\" srcset=\"https:\/\/amandus.se\/blogg\/wp-content\/uploads\/2023\/05\/IMG_4839.jpg 631w, https:\/\/amandus.se\/blogg\/wp-content\/uploads\/2023\/05\/IMG_4839-300x143.jpg 300w\" sizes=\"auto, (max-width: 631px) 100vw, 631px\" \/><\/figure>\n","protected":false},"excerpt":{"rendered":"<p>I dag, 26 maj, ringde v\u00e4ckarklockan 7.00. Det blev snabb b\u00e4ddning och frukost innan avf\u00e4rd till Stenhotten. Vi ville \u00e5ka till Stenhotten med f\u00f6rhoppning om att f\u00e5 se A.tau (Nagelspinnare). Efter n\u00e5gra timmars letande i bokskogen fick vi ge upp. Bilden p\u00e5 A.tau \u00e4r fr\u00e5n 26 maj1995. D\u00e5 fl\u00f6g det m\u00e5nga i bokskogen vid Stenhotten. &hellip; <a href=\"https:\/\/amandus.se\/blogg\/?p=3053\" class=\"more-link\">Forts\u00e4tt l\u00e4sa <span class=\"screen-reader-text\">Tidig morgon<\/span> <span class=\"meta-nav\">&rarr;<\/span><\/a><\/p>\n","protected":false},"author":1,"featured_media":0,"comment_status":"open","ping_status":"open","sticky":false,"template":"","format":"standard","meta":{"footnotes":""},"categories":[4,5,6],"tags":[],"class_list":["post-3053","post","type-post","status-publish","format-standard","hentry","category-ditt-och-datt","category-fjarilarbutterfly","category-sverigesweden"],"_links":{"self":[{"href":"https:\/\/amandus.se\/blogg\/index.php?rest_route=\/wp\/v2\/posts\/3053","targetHints":{"allow":["GET"]}}],"collection":[{"href":"https:\/\/amandus.se\/blogg\/index.php?rest_route=\/wp\/v2\/posts"}],"about":[{"href":"https:\/\/amandus.se\/blogg\/index.php?rest_route=\/wp\/v2\/types\/post"}],"author":[{"embeddable":true,"href":"https:\/\/amandus.se\/blogg\/index.php?rest_route=\/wp\/v2\/users\/1"}],"replies":[{"embeddable":true,"href":"https:\/\/amandus.se\/blogg\/index.php?rest_route=%2Fwp%2Fv2%2Fcomments&post=3053"}],"version-history":[{"count":1,"href":"https:\/\/amandus.se\/blogg\/index.php?rest_route=\/wp\/v2\/posts\/3053\/revisions"}],"predecessor-version":[{"id":3058,"href":"https:\/\/amandus.se\/blogg\/index.php?rest_route=\/wp\/v2\/posts\/3053\/revisions\/3058"}],"wp:attachment":[{"href":"https:\/\/amandus.se\/blogg\/index.php?rest_route=%2Fwp%2Fv2%2Fmedia&parent=3053"}],"wp:term":[{"taxonomy":"category","embeddable":true,"href":"https:\/\/amandus.se\/blogg\/index.php?rest_route=%2Fwp%2Fv2%2Fcategories&post=3053"},{"taxonomy":"post_tag","embeddable":true,"href":"https:\/\/amandus.se\/blogg\/index.php?rest_route=%2Fwp%2Fv2%2Ftags&post=3053"}],"curies":[{"name":"wp","href":"https:\/\/api.w.org\/{rel}","templated":true}]}}