{"id":3060,"date":"2023-05-29T21:38:32","date_gmt":"2023-05-29T19:38:32","guid":{"rendered":"https:\/\/amandus.se\/blogg\/?p=3060"},"modified":"2023-05-30T21:45:43","modified_gmt":"2023-05-30T19:45:43","slug":"vi-ar-kvar-i-skane","status":"publish","type":"post","link":"https:\/\/amandus.se\/blogg\/?p=3060","title":{"rendered":"Vi \u00e4r kvar i Sk\u00e5ne"},"content":{"rendered":"\n<p>Lyset vid Stensoffa den 26 maj gav inget. Det enda sp\u00e4nnande som h\u00e4nde var att tre f\u00e5gelsk\u00e5dare d\u00f6k upp i m\u00f6rkret. De skulle lyssna p\u00e5 natts\u00e5ngare.<\/p>\n\n\n\n<p>Den 27 maj \u00e5kte vi till K\u00e5seberga st\u00e4llplats. Vi firade pingstafton med att Anders kl\u00e4ttrade p\u00e5 \u00e5sen vid K\u00e5seberga. M\u00e5let var att hitta S.marginepunctata (Gulgr\u00e5 l\u00f6vm\u00e4tare). Men ingen f\u00e5ngstlycka.<\/p>\n\n\n\n<figure class=\"wp-block-image size-full\"><img loading=\"lazy\" decoding=\"async\" width=\"480\" height=\"640\" src=\"https:\/\/amandus.se\/blogg\/wp-content\/uploads\/2023\/05\/IMG_4845-rotated.jpg\" alt=\"\" class=\"wp-image-3061\" srcset=\"https:\/\/amandus.se\/blogg\/wp-content\/uploads\/2023\/05\/IMG_4845-rotated.jpg 480w, https:\/\/amandus.se\/blogg\/wp-content\/uploads\/2023\/05\/IMG_4845-225x300.jpg 225w\" sizes=\"auto, (max-width: 480px) 100vw, 480px\" \/><\/figure>\n\n\n\n<p>Men det blev god mat fr\u00e5n K\u00e5seberga r\u00f6keri. Det blev matlycka.<\/p>\n\n\n\n<figure class=\"wp-block-image size-full\"><img loading=\"lazy\" decoding=\"async\" width=\"640\" height=\"480\" src=\"https:\/\/amandus.se\/blogg\/wp-content\/uploads\/2023\/05\/IMG_4846a.jpg\" alt=\"\" class=\"wp-image-3062\" srcset=\"https:\/\/amandus.se\/blogg\/wp-content\/uploads\/2023\/05\/IMG_4846a.jpg 640w, https:\/\/amandus.se\/blogg\/wp-content\/uploads\/2023\/05\/IMG_4846a-300x225.jpg 300w\" sizes=\"auto, (max-width: 640px) 100vw, 640px\" \/><\/figure>\n\n\n\n<p>I g\u00e5r, 28 maj \u00e5kte vi till L\u00f6derups strandbad. Dags f\u00f6r ny kl\u00e4ttring men denna g\u00e5ngen p\u00e5 L\u00f6derups\u00e5sen. D\u00e4r hittade Anders tv\u00e5 lite avflugna ex. av S.marginepunctata (Gulgr\u00e5 l\u00f6vm\u00e4tare) D\u00e4remot s\u00e5g vi ingen S.ornata (Prydlig l\u00f6vm\u00e4tare) d\u00e4r i \u00e5r.<\/p>\n\n\n\n<figure class=\"wp-block-image size-full\"><img loading=\"lazy\" decoding=\"async\" width=\"480\" height=\"640\" src=\"https:\/\/amandus.se\/blogg\/wp-content\/uploads\/2023\/05\/IMG_4850a.jpg\" alt=\"\" class=\"wp-image-3063\" srcset=\"https:\/\/amandus.se\/blogg\/wp-content\/uploads\/2023\/05\/IMG_4850a.jpg 480w, https:\/\/amandus.se\/blogg\/wp-content\/uploads\/2023\/05\/IMG_4850a-225x300.jpg 225w\" sizes=\"auto, (max-width: 480px) 100vw, 480px\" \/><\/figure>\n\n\n\n<figure class=\"wp-block-image size-large is-resized\"><img loading=\"lazy\" decoding=\"async\" src=\"https:\/\/amandus.se\/blogg\/wp-content\/uploads\/2023\/05\/IMG_8993-1024x683.jpg\" alt=\"\" class=\"wp-image-3066\" width=\"800\" height=\"533\" srcset=\"https:\/\/amandus.se\/blogg\/wp-content\/uploads\/2023\/05\/IMG_8993-1024x683.jpg 1024w, https:\/\/amandus.se\/blogg\/wp-content\/uploads\/2023\/05\/IMG_8993-300x200.jpg 300w, https:\/\/amandus.se\/blogg\/wp-content\/uploads\/2023\/05\/IMG_8993-768x512.jpg 768w, https:\/\/amandus.se\/blogg\/wp-content\/uploads\/2023\/05\/IMG_8993.jpg 1200w\" sizes=\"auto, (max-width: 800px) 100vw, 800px\" \/><figcaption class=\"wp-element-caption\"> S.marginepunctata (Gulgr\u00e5 l\u00f6vm\u00e4tare) <\/figcaption><\/figure>\n\n\n\n<p>P\u00e5 kv\u00e4llen slog vi l\u00e4ger vid Hagestad. D\u00e4r hade vi hoppats locka till oss en hona av M.lunaris (Gr\u00e5tt ordensfly). Det blev klent resultat men d\u00e4remot tr\u00e4ffade vi Kenneth och Jan, tv\u00e5 entomologer som vi tr\u00e4ffat tidigare. De hade turen att f\u00e5 n\u00e5gra M.lunaris (Gr\u00e5tt ordensfly), men bara hanar.<\/p>\n\n\n\n<figure class=\"wp-block-image size-full is-resized\"><img loading=\"lazy\" decoding=\"async\" src=\"https:\/\/amandus.se\/blogg\/wp-content\/uploads\/2023\/05\/IMG_4852a.jpg\" alt=\"\" class=\"wp-image-3064\" width=\"459\" height=\"552\" srcset=\"https:\/\/amandus.se\/blogg\/wp-content\/uploads\/2023\/05\/IMG_4852a.jpg 459w, https:\/\/amandus.se\/blogg\/wp-content\/uploads\/2023\/05\/IMG_4852a-249x300.jpg 249w\" sizes=\"auto, (max-width: 459px) 100vw, 459px\" \/><figcaption class=\"wp-element-caption\">Kenneth och Jan<\/figcaption><\/figure>\n\n\n\n<p>Idag, 29 maj, har vi f\u00f6rflyttats oss till \u00c5hus.  Det \u00e4r inte alltid vacker utsikt n\u00e4r man letar fj\u00e4rilar. I \u00c5hus hamnade vi vid ett sopberg.<\/p>\n\n\n\n<figure class=\"wp-block-image size-full\"><img loading=\"lazy\" decoding=\"async\" width=\"640\" height=\"365\" src=\"https:\/\/amandus.se\/blogg\/wp-content\/uploads\/2023\/05\/IMG_4853a.jpg\" alt=\"\" class=\"wp-image-3065\" srcset=\"https:\/\/amandus.se\/blogg\/wp-content\/uploads\/2023\/05\/IMG_4853a.jpg 640w, https:\/\/amandus.se\/blogg\/wp-content\/uploads\/2023\/05\/IMG_4853a-300x171.jpg 300w\" sizes=\"auto, (max-width: 640px) 100vw, 640px\" \/><\/figure>\n\n\n\n<p>Just nu har vi denna utsikt.<\/p>\n\n\n\n<figure class=\"wp-block-image size-large\"><img loading=\"lazy\" decoding=\"async\" width=\"1024\" height=\"942\" src=\"https:\/\/amandus.se\/blogg\/wp-content\/uploads\/2023\/05\/B3025C48-A363-4A2E-96D5-540D92EB022E-1024x942.jpeg\" alt=\"\" class=\"wp-image-3071\" srcset=\"https:\/\/amandus.se\/blogg\/wp-content\/uploads\/2023\/05\/B3025C48-A363-4A2E-96D5-540D92EB022E-1024x942.jpeg 1024w, https:\/\/amandus.se\/blogg\/wp-content\/uploads\/2023\/05\/B3025C48-A363-4A2E-96D5-540D92EB022E-300x276.jpeg 300w, https:\/\/amandus.se\/blogg\/wp-content\/uploads\/2023\/05\/B3025C48-A363-4A2E-96D5-540D92EB022E-768x706.jpeg 768w, https:\/\/amandus.se\/blogg\/wp-content\/uploads\/2023\/05\/B3025C48-A363-4A2E-96D5-540D92EB022E.jpeg 1280w\" sizes=\"auto, (max-width: 1024px) 100vw, 1024px\" \/><\/figure>\n\n\n\n<p>Om vi hittar n\u00e5got h\u00e4r vet vi imorgon.<\/p>\n","protected":false},"excerpt":{"rendered":"<p>Lyset vid Stensoffa den 26 maj gav inget. Det enda sp\u00e4nnande som h\u00e4nde var att tre f\u00e5gelsk\u00e5dare d\u00f6k upp i m\u00f6rkret. De skulle lyssna p\u00e5 natts\u00e5ngare. Den 27 maj \u00e5kte vi till K\u00e5seberga st\u00e4llplats. Vi firade pingstafton med att Anders kl\u00e4ttrade p\u00e5 \u00e5sen vid K\u00e5seberga. M\u00e5let var att hitta S.marginepunctata (Gulgr\u00e5 l\u00f6vm\u00e4tare). Men ingen f\u00e5ngstlycka. &hellip; <a href=\"https:\/\/amandus.se\/blogg\/?p=3060\" class=\"more-link\">Forts\u00e4tt l\u00e4sa <span class=\"screen-reader-text\">Vi \u00e4r kvar i Sk\u00e5ne<\/span> <span class=\"meta-nav\">&rarr;<\/span><\/a><\/p>\n","protected":false},"author":1,"featured_media":0,"comment_status":"open","ping_status":"open","sticky":false,"template":"","format":"standard","meta":{"footnotes":""},"categories":[4,5,6],"tags":[],"class_list":["post-3060","post","type-post","status-publish","format-standard","hentry","category-ditt-och-datt","category-fjarilarbutterfly","category-sverigesweden"],"_links":{"self":[{"href":"https:\/\/amandus.se\/blogg\/index.php?rest_route=\/wp\/v2\/posts\/3060","targetHints":{"allow":["GET"]}}],"collection":[{"href":"https:\/\/amandus.se\/blogg\/index.php?rest_route=\/wp\/v2\/posts"}],"about":[{"href":"https:\/\/amandus.se\/blogg\/index.php?rest_route=\/wp\/v2\/types\/post"}],"author":[{"embeddable":true,"href":"https:\/\/amandus.se\/blogg\/index.php?rest_route=\/wp\/v2\/users\/1"}],"replies":[{"embeddable":true,"href":"https:\/\/amandus.se\/blogg\/index.php?rest_route=%2Fwp%2Fv2%2Fcomments&post=3060"}],"version-history":[{"count":4,"href":"https:\/\/amandus.se\/blogg\/index.php?rest_route=\/wp\/v2\/posts\/3060\/revisions"}],"predecessor-version":[{"id":3073,"href":"https:\/\/amandus.se\/blogg\/index.php?rest_route=\/wp\/v2\/posts\/3060\/revisions\/3073"}],"wp:attachment":[{"href":"https:\/\/amandus.se\/blogg\/index.php?rest_route=%2Fwp%2Fv2%2Fmedia&parent=3060"}],"wp:term":[{"taxonomy":"category","embeddable":true,"href":"https:\/\/amandus.se\/blogg\/index.php?rest_route=%2Fwp%2Fv2%2Fcategories&post=3060"},{"taxonomy":"post_tag","embeddable":true,"href":"https:\/\/amandus.se\/blogg\/index.php?rest_route=%2Fwp%2Fv2%2Ftags&post=3060"}],"curies":[{"name":"wp","href":"https:\/\/api.w.org\/{rel}","templated":true}]}}