{"id":3074,"date":"2023-05-31T21:29:36","date_gmt":"2023-05-31T19:29:36","guid":{"rendered":"https:\/\/amandus.se\/blogg\/?p=3074"},"modified":"2023-05-31T21:29:48","modified_gmt":"2023-05-31T19:29:48","slug":"nu-ar-vi-i-smaland","status":"publish","type":"post","link":"https:\/\/amandus.se\/blogg\/?p=3074","title":{"rendered":"Nu \u00e4r vi i Sm\u00e5land"},"content":{"rendered":"\n<p>I g\u00e5r, 30\/5, gick vi runt i Transval utanf\u00f6r \u00c5hus och letade efter L.griseata (Gr\u00e5 puckelm\u00e4tare) p\u00e5 omr\u00e5den med  Stillfr\u00f6. Efter n\u00e5gra timmar gav vi upp.<\/p>\n\n\n\n<figure class=\"wp-block-image size-full\"><img loading=\"lazy\" decoding=\"async\" width=\"480\" height=\"640\" src=\"https:\/\/amandus.se\/blogg\/wp-content\/uploads\/2023\/05\/IMG_4856-rotated.jpg\" alt=\"\" class=\"wp-image-3075\" srcset=\"https:\/\/amandus.se\/blogg\/wp-content\/uploads\/2023\/05\/IMG_4856-rotated.jpg 480w, https:\/\/amandus.se\/blogg\/wp-content\/uploads\/2023\/05\/IMG_4856-225x300.jpg 225w\" sizes=\"auto, (max-width: 480px) 100vw, 480px\" \/><figcaption class=\"wp-element-caption\">De gula blommorna \u00e4r Stillfr\u00f6<\/figcaption><\/figure>\n\n\n\n<p>Det bl\u00e5ste f\u00f6rmycket f\u00f6r att lysa d\u00e4r, s\u00e5 vi \u00e4kte till \u00c5hus golfbana och t\u00e4nde lampan (utanf\u00f6r green). Det blev ett hyfsat lys med f\u00f6r omr\u00e5det typiska arter. Vi parkerade bilen som vindskydd vilket innebar att vi kunde sitta inne i bilen och titta ut p\u00e5 inflygarna.<\/p>\n\n\n\n<figure class=\"wp-block-image size-full\"><img loading=\"lazy\" decoding=\"async\" width=\"480\" height=\"640\" src=\"https:\/\/amandus.se\/blogg\/wp-content\/uploads\/2023\/05\/IMG_4857-rotated.jpg\" alt=\"\" class=\"wp-image-3076\" srcset=\"https:\/\/amandus.se\/blogg\/wp-content\/uploads\/2023\/05\/IMG_4857-rotated.jpg 480w, https:\/\/amandus.se\/blogg\/wp-content\/uploads\/2023\/05\/IMG_4857-225x300.jpg 225w\" sizes=\"auto, (max-width: 480px) 100vw, 480px\" \/><figcaption class=\"wp-element-caption\">Bild genom bilf\u00f6nstret<\/figcaption><\/figure>\n\n\n\n<p>Nu \u00e4r vi vid Grytsj\u00f6n i Sm\u00e5land. Vi \u00e4r inte ensamma h\u00e4r. Dan Orbe och Hasse Hellberg \u00e4r ocks\u00e5 h\u00e4r och hoppas p\u00e5 rara arter.<\/p>\n\n\n\n<figure class=\"wp-block-gallery has-nested-images columns-default is-cropped wp-block-gallery-1 is-layout-flex wp-block-gallery-is-layout-flex\">\n<figure class=\"wp-block-image size-large\"><img loading=\"lazy\" decoding=\"async\" width=\"480\" height=\"640\" data-id=\"3077\" src=\"https:\/\/amandus.se\/blogg\/wp-content\/uploads\/2023\/05\/IMG_4860-rotated.jpg\" alt=\"\" class=\"wp-image-3077\" srcset=\"https:\/\/amandus.se\/blogg\/wp-content\/uploads\/2023\/05\/IMG_4860-rotated.jpg 480w, https:\/\/amandus.se\/blogg\/wp-content\/uploads\/2023\/05\/IMG_4860-225x300.jpg 225w\" sizes=\"auto, (max-width: 480px) 100vw, 480px\" \/><figcaption class=\"wp-element-caption\">Dan<\/figcaption><\/figure>\n\n\n\n<figure class=\"wp-block-image size-large\"><img loading=\"lazy\" decoding=\"async\" width=\"480\" height=\"640\" data-id=\"3078\" src=\"https:\/\/amandus.se\/blogg\/wp-content\/uploads\/2023\/05\/IMG_4862-rotated.jpg\" alt=\"\" class=\"wp-image-3078\" srcset=\"https:\/\/amandus.se\/blogg\/wp-content\/uploads\/2023\/05\/IMG_4862-rotated.jpg 480w, https:\/\/amandus.se\/blogg\/wp-content\/uploads\/2023\/05\/IMG_4862-225x300.jpg 225w\" sizes=\"auto, (max-width: 480px) 100vw, 480px\" \/><figcaption class=\"wp-element-caption\">Hasse<\/figcaption><\/figure>\n<\/figure>\n","protected":false},"excerpt":{"rendered":"<p>I g\u00e5r, 30\/5, gick vi runt i Transval utanf\u00f6r \u00c5hus och letade efter L.griseata (Gr\u00e5 puckelm\u00e4tare) p\u00e5 omr\u00e5den med Stillfr\u00f6. Efter n\u00e5gra timmar gav vi upp. Det bl\u00e5ste f\u00f6rmycket f\u00f6r att lysa d\u00e4r, s\u00e5 vi \u00e4kte till \u00c5hus golfbana och t\u00e4nde lampan (utanf\u00f6r green). Det blev ett hyfsat lys med f\u00f6r omr\u00e5det typiska arter. Vi &hellip; <a href=\"https:\/\/amandus.se\/blogg\/?p=3074\" class=\"more-link\">Forts\u00e4tt l\u00e4sa <span class=\"screen-reader-text\">Nu \u00e4r vi i Sm\u00e5land<\/span> <span class=\"meta-nav\">&rarr;<\/span><\/a><\/p>\n","protected":false},"author":1,"featured_media":0,"comment_status":"open","ping_status":"open","sticky":false,"template":"","format":"standard","meta":{"footnotes":""},"categories":[4,5,6],"tags":[],"class_list":["post-3074","post","type-post","status-publish","format-standard","hentry","category-ditt-och-datt","category-fjarilarbutterfly","category-sverigesweden"],"_links":{"self":[{"href":"https:\/\/amandus.se\/blogg\/index.php?rest_route=\/wp\/v2\/posts\/3074","targetHints":{"allow":["GET"]}}],"collection":[{"href":"https:\/\/amandus.se\/blogg\/index.php?rest_route=\/wp\/v2\/posts"}],"about":[{"href":"https:\/\/amandus.se\/blogg\/index.php?rest_route=\/wp\/v2\/types\/post"}],"author":[{"embeddable":true,"href":"https:\/\/amandus.se\/blogg\/index.php?rest_route=\/wp\/v2\/users\/1"}],"replies":[{"embeddable":true,"href":"https:\/\/amandus.se\/blogg\/index.php?rest_route=%2Fwp%2Fv2%2Fcomments&post=3074"}],"version-history":[{"count":1,"href":"https:\/\/amandus.se\/blogg\/index.php?rest_route=\/wp\/v2\/posts\/3074\/revisions"}],"predecessor-version":[{"id":3079,"href":"https:\/\/amandus.se\/blogg\/index.php?rest_route=\/wp\/v2\/posts\/3074\/revisions\/3079"}],"wp:attachment":[{"href":"https:\/\/amandus.se\/blogg\/index.php?rest_route=%2Fwp%2Fv2%2Fmedia&parent=3074"}],"wp:term":[{"taxonomy":"category","embeddable":true,"href":"https:\/\/amandus.se\/blogg\/index.php?rest_route=%2Fwp%2Fv2%2Fcategories&post=3074"},{"taxonomy":"post_tag","embeddable":true,"href":"https:\/\/amandus.se\/blogg\/index.php?rest_route=%2Fwp%2Fv2%2Ftags&post=3074"}],"curies":[{"name":"wp","href":"https:\/\/api.w.org\/{rel}","templated":true}]}}