{"id":3080,"date":"2023-06-01T21:59:09","date_gmt":"2023-06-01T19:59:09","guid":{"rendered":"https:\/\/amandus.se\/blogg\/?p=3080"},"modified":"2023-06-01T22:02:11","modified_gmt":"2023-06-01T20:02:11","slug":"grytsjon-levererade","status":"publish","type":"post","link":"https:\/\/amandus.se\/blogg\/?p=3080","title":{"rendered":"Grytsj\u00f6n levererade"},"content":{"rendered":"\n<p>Det var en mycket lyckad kv\u00e4ll ig\u00e5r, 31\/5. Det var full belysning i skogen. Hasse och Dan med fru satte upp tre lampor var. Vi hade bara en lampa. Kv\u00e4llen var varm och sk\u00f6n s\u00e5 f\u00f6r f\u00f6rsta g\u00e5ngen i \u00e5r kunde vi sitta ute vid lampan och titta p\u00e5 fj\u00e4rilarna som kom inflygande. Det var sp\u00e4nnande att g\u00e5 runt till de olika f\u00e5ngstplatserna och titta om det kom n\u00e5got intressant.<\/p>\n\n\n<div class=\"wp-block-image\">\n<figure class=\"aligncenter size-full\"><img loading=\"lazy\" decoding=\"async\" width=\"482\" height=\"642\" src=\"https:\/\/amandus.se\/blogg\/wp-content\/uploads\/2023\/06\/IMG_4863-1.jpg\" alt=\"\" class=\"wp-image-3081\" srcset=\"https:\/\/amandus.se\/blogg\/wp-content\/uploads\/2023\/06\/IMG_4863-1.jpg 482w, https:\/\/amandus.se\/blogg\/wp-content\/uploads\/2023\/06\/IMG_4863-1-225x300.jpg 225w\" sizes=\"auto, (max-width: 482px) 100vw, 482px\" \/><figcaption class=\"wp-element-caption\"><strong>V\u00e5r lampa n\u00e4rmast. Bakom ser man en av Hasses lampor.<\/strong><\/figcaption><\/figure>\n<\/div>\n\n\n<p>Dan och Hasse hade n\u00e5gra lepiLEDlampor. Det \u00e4r en ny typ av lampa som \u00e4r anpassad f\u00f6r att locka fj\u00e4rilar. Man ansluter lampan till en powerbank . P\u00e5 det viset slipper man elverk och kan h\u00e4nga lampan p\u00e5 annars otillg\u00e4ngliga st\u00e4llen. (Gl\u00f6mde ta bild av lepiLEDlampa)<\/p>\n\n\n\n<figure class=\"wp-block-image size-full\"><img loading=\"lazy\" decoding=\"async\" width=\"480\" height=\"640\" src=\"https:\/\/amandus.se\/blogg\/wp-content\/uploads\/2023\/06\/IMG_4866-1.jpg\" alt=\"\" class=\"wp-image-3082\" srcset=\"https:\/\/amandus.se\/blogg\/wp-content\/uploads\/2023\/06\/IMG_4866-1.jpg 480w, https:\/\/amandus.se\/blogg\/wp-content\/uploads\/2023\/06\/IMG_4866-1-225x300.jpg 225w\" sizes=\"auto, (max-width: 480px) 100vw, 480px\" \/><figcaption class=\"wp-element-caption\"><strong>Anders kollar in en av Has<\/strong>ses dukar<\/figcaption><\/figure>\n\n\n\n<p>Facit f\u00f6r kv\u00e4llen blev bland annat ett flertal <strong>H.milhauseri<\/strong> (Trollspinnare), flera hanar och en hona av <strong>P.timon<\/strong> (Rysk h\u00f6gstj\u00e4rt), en hona av <strong>N.torva<\/strong> (Asptandvinge) och en f\u00f6r oss ny art <strong>F.arenaria<\/strong> (Vit lavm\u00e4tare). Timon honan och torva honan togs in f\u00f6r \u00e4ggl\u00e4ggning. Dessutom m\u00e5nga andra fina arter. En mycket lyckad kv\u00e4ll i trevligt s\u00e4llskap.<\/p>\n\n\n\n<p>I dag, 1\/6, \u00e5kte vi till \u00d6land. H\u00e4r ska vi stanna ett tag.<\/p>\n\n\n\n<figure class=\"wp-block-image size-full\"><img loading=\"lazy\" decoding=\"async\" width=\"480\" height=\"640\" src=\"https:\/\/amandus.se\/blogg\/wp-content\/uploads\/2023\/06\/IMG_4871-2.jpg\" alt=\"\" class=\"wp-image-3083\" srcset=\"https:\/\/amandus.se\/blogg\/wp-content\/uploads\/2023\/06\/IMG_4871-2.jpg 480w, https:\/\/amandus.se\/blogg\/wp-content\/uploads\/2023\/06\/IMG_4871-2-225x300.jpg 225w\" sizes=\"auto, (max-width: 480px) 100vw, 480px\" \/><\/figure>\n","protected":false},"excerpt":{"rendered":"<p>Det var en mycket lyckad kv\u00e4ll ig\u00e5r, 31\/5. Det var full belysning i skogen. Hasse och Dan med fru satte upp tre lampor var. Vi hade bara en lampa. Kv\u00e4llen var varm och sk\u00f6n s\u00e5 f\u00f6r f\u00f6rsta g\u00e5ngen i \u00e5r kunde vi sitta ute vid lampan och titta p\u00e5 fj\u00e4rilarna som kom inflygande. Det var &hellip; <a href=\"https:\/\/amandus.se\/blogg\/?p=3080\" class=\"more-link\">Forts\u00e4tt l\u00e4sa <span class=\"screen-reader-text\">Grytsj\u00f6n levererade<\/span> <span class=\"meta-nav\">&rarr;<\/span><\/a><\/p>\n","protected":false},"author":1,"featured_media":0,"comment_status":"open","ping_status":"open","sticky":false,"template":"","format":"standard","meta":{"footnotes":""},"categories":[4,5,6],"tags":[],"class_list":["post-3080","post","type-post","status-publish","format-standard","hentry","category-ditt-och-datt","category-fjarilarbutterfly","category-sverigesweden"],"_links":{"self":[{"href":"https:\/\/amandus.se\/blogg\/index.php?rest_route=\/wp\/v2\/posts\/3080","targetHints":{"allow":["GET"]}}],"collection":[{"href":"https:\/\/amandus.se\/blogg\/index.php?rest_route=\/wp\/v2\/posts"}],"about":[{"href":"https:\/\/amandus.se\/blogg\/index.php?rest_route=\/wp\/v2\/types\/post"}],"author":[{"embeddable":true,"href":"https:\/\/amandus.se\/blogg\/index.php?rest_route=\/wp\/v2\/users\/1"}],"replies":[{"embeddable":true,"href":"https:\/\/amandus.se\/blogg\/index.php?rest_route=%2Fwp%2Fv2%2Fcomments&post=3080"}],"version-history":[{"count":2,"href":"https:\/\/amandus.se\/blogg\/index.php?rest_route=\/wp\/v2\/posts\/3080\/revisions"}],"predecessor-version":[{"id":3085,"href":"https:\/\/amandus.se\/blogg\/index.php?rest_route=\/wp\/v2\/posts\/3080\/revisions\/3085"}],"wp:attachment":[{"href":"https:\/\/amandus.se\/blogg\/index.php?rest_route=%2Fwp%2Fv2%2Fmedia&parent=3080"}],"wp:term":[{"taxonomy":"category","embeddable":true,"href":"https:\/\/amandus.se\/blogg\/index.php?rest_route=%2Fwp%2Fv2%2Fcategories&post=3080"},{"taxonomy":"post_tag","embeddable":true,"href":"https:\/\/amandus.se\/blogg\/index.php?rest_route=%2Fwp%2Fv2%2Ftags&post=3080"}],"curies":[{"name":"wp","href":"https:\/\/api.w.org\/{rel}","templated":true}]}}