{"id":3086,"date":"2023-06-04T22:41:52","date_gmt":"2023-06-04T20:41:52","guid":{"rendered":"https:\/\/amandus.se\/blogg\/?p=3086"},"modified":"2023-06-04T23:25:11","modified_gmt":"2023-06-04T21:25:11","slug":"harliga-dagar-pa-oland-2","status":"publish","type":"post","link":"https:\/\/amandus.se\/blogg\/?p=3086","title":{"rendered":"H\u00e4rliga dagar p\u00e5 \u00d6land"},"content":{"rendered":"\n<p>Det har varit varma och soliga dagar h\u00e4r p\u00e5 \u00d6land. N\u00e4r vi kom hit den 1 juni \u00e5kte vi till Gr\u00f6nh\u00f6gens st\u00e4llplats. Vi brukar ta in p\u00e5 st\u00e4llplats n\u00e5gon g\u00e5ng per vecka s\u00e5 att vi kan ladda alla elektronikprylar samt fylla och t\u00f6mma bilen p\u00e5 diverse v\u00e4tskor. <\/p>\n\n\n\n<p>Den 3 juni \u00e5t vi frukost i solen p\u00e5 \u00d6lands alvar &#8211; d\u00e5 \u00e4r det sommar!<\/p>\n\n\n<div class=\"wp-block-image\">\n<figure class=\"aligncenter size-full\"><img loading=\"lazy\" decoding=\"async\" width=\"480\" height=\"640\" src=\"https:\/\/amandus.se\/blogg\/wp-content\/uploads\/2023\/06\/IMG_48761.jpg\" alt=\"\" class=\"wp-image-3087\" srcset=\"https:\/\/amandus.se\/blogg\/wp-content\/uploads\/2023\/06\/IMG_48761.jpg 480w, https:\/\/amandus.se\/blogg\/wp-content\/uploads\/2023\/06\/IMG_48761-225x300.jpg 225w\" sizes=\"auto, (max-width: 480px) 100vw, 480px\" \/><figcaption class=\"wp-element-caption\"><strong>Anders njuter i solen med en \u00e4gg och anjovismacka<\/strong><\/figcaption><\/figure>\n<\/div>\n\n\n<p>Vi k\u00e4nde inte f\u00f6r att springa fr\u00e5n fyr till fyr s\u00e5 vi tittade bara p\u00e5 ett etappm\u00e5l. <\/p>\n\n\n\n<figure class=\"wp-block-image size-full\"><img loading=\"lazy\" decoding=\"async\" width=\"480\" height=\"640\" src=\"https:\/\/amandus.se\/blogg\/wp-content\/uploads\/2023\/06\/IMG_48731.jpg\" alt=\"\" class=\"wp-image-3090\" srcset=\"https:\/\/amandus.se\/blogg\/wp-content\/uploads\/2023\/06\/IMG_48731.jpg 480w, https:\/\/amandus.se\/blogg\/wp-content\/uploads\/2023\/06\/IMG_48731-225x300.jpg 225w\" sizes=\"auto, (max-width: 480px) 100vw, 480px\" \/><\/figure>\n\n\n\n<figure class=\"wp-block-gallery has-nested-images columns-default is-cropped wp-block-gallery-1 is-layout-flex wp-block-gallery-is-layout-flex\">\n<figure class=\"wp-block-image size-large\"><img loading=\"lazy\" decoding=\"async\" width=\"639\" height=\"315\" data-id=\"3089\" src=\"https:\/\/amandus.se\/blogg\/wp-content\/uploads\/2023\/06\/IMG_48741.jpg\" alt=\"\" class=\"wp-image-3089\" srcset=\"https:\/\/amandus.se\/blogg\/wp-content\/uploads\/2023\/06\/IMG_48741.jpg 639w, https:\/\/amandus.se\/blogg\/wp-content\/uploads\/2023\/06\/IMG_48741-300x148.jpg 300w\" sizes=\"auto, (max-width: 639px) 100vw, 639px\" \/><\/figure>\n<\/figure>\n\n\n\n<p>P\u00e5 eftermiddagen \u00e5kte vi till Ismanstorps borg. D\u00e4r tog vi en promenad och tittade p\u00e5 orkid\u00e9er som v\u00e4xer d\u00e4r. <\/p>\n\n\n\n<figure class=\"wp-block-image size-full\"><img loading=\"lazy\" decoding=\"async\" width=\"480\" height=\"640\" src=\"https:\/\/amandus.se\/blogg\/wp-content\/uploads\/2023\/06\/IMG_48811.jpg\" alt=\"\" class=\"wp-image-3088\" srcset=\"https:\/\/amandus.se\/blogg\/wp-content\/uploads\/2023\/06\/IMG_48811.jpg 480w, https:\/\/amandus.se\/blogg\/wp-content\/uploads\/2023\/06\/IMG_48811-225x300.jpg 225w\" sizes=\"auto, (max-width: 480px) 100vw, 480px\" \/><figcaption class=\"wp-element-caption\">Ismanstorps borg i bakgrunden. Det \u00e4r bara en sten ruin kvar.<\/figcaption><\/figure>\n\n\n\n<p>P\u00e5 kv\u00e4llen t\u00e4nde vi lampan, halvbra drag.<\/p>\n\n\n\n<p>Idag, 4 juni, har vi \u00e4gnat en del av dagen till att &#8221;banka&#8221; larver. F\u00f6r \u00e4ndam\u00e5let k\u00f6pte vi en paraply. Resultatet blev \u00f6ver f\u00f6rv\u00e4ntan med m\u00e5nga arter och individer, t.ex. <strong>D.caeruleocephala (Bl\u00e5huva)<\/strong><\/p>\n\n\n<div class=\"wp-block-image\">\n<figure class=\"aligncenter size-full is-resized\"><img loading=\"lazy\" decoding=\"async\" src=\"https:\/\/amandus.se\/blogg\/wp-content\/uploads\/2023\/06\/IMG_48881.jpg\" alt=\"\" class=\"wp-image-3096\" width=\"240\" height=\"351\" srcset=\"https:\/\/amandus.se\/blogg\/wp-content\/uploads\/2023\/06\/IMG_48881.jpg 240w, https:\/\/amandus.se\/blogg\/wp-content\/uploads\/2023\/06\/IMG_48881-205x300.jpg 205w\" sizes=\"auto, (max-width: 240px) 100vw, 240px\" \/><figcaption class=\"wp-element-caption\"><strong>Bankning av larver p\u00e5g\u00e5r<\/strong><\/figcaption><\/figure>\n<\/div>\n\n\n<figure class=\"wp-block-image size-full\"><img loading=\"lazy\" decoding=\"async\" width=\"480\" height=\"640\" src=\"https:\/\/amandus.se\/blogg\/wp-content\/uploads\/2023\/06\/IMG_48901.jpg\" alt=\"\" class=\"wp-image-3097\" srcset=\"https:\/\/amandus.se\/blogg\/wp-content\/uploads\/2023\/06\/IMG_48901.jpg 480w, https:\/\/amandus.se\/blogg\/wp-content\/uploads\/2023\/06\/IMG_48901-225x300.jpg 225w\" sizes=\"auto, (max-width: 480px) 100vw, 480px\" \/><figcaption class=\"wp-element-caption\"><strong>Massor av larver hamnade i paraplyet<\/strong><\/figcaption><\/figure>\n\n\n\n<figure class=\"wp-block-image size-full\"><img loading=\"lazy\" decoding=\"async\" width=\"900\" height=\"600\" src=\"https:\/\/amandus.se\/blogg\/wp-content\/uploads\/2023\/06\/IMG_9031.jpg\" alt=\"\" class=\"wp-image-3091\" srcset=\"https:\/\/amandus.se\/blogg\/wp-content\/uploads\/2023\/06\/IMG_9031.jpg 900w, https:\/\/amandus.se\/blogg\/wp-content\/uploads\/2023\/06\/IMG_9031-300x200.jpg 300w, https:\/\/amandus.se\/blogg\/wp-content\/uploads\/2023\/06\/IMG_9031-768x512.jpg 768w\" sizes=\"auto, (max-width: 900px) 100vw, 900px\" \/><figcaption class=\"wp-element-caption\"> <strong>D.caeruleocephala (Bl\u00e5huva)<\/strong><\/figcaption><\/figure>\n\n\n\n<p>N\u00e4r Anders i kv\u00e4ll  kollade Timonhonan, som han tog i Grytsj\u00f6n med f\u00f6rhoppning  om att hon skulle l\u00e4gga \u00e4gg, visade det sig att hon lagt m\u00e5nga vackra \u00e4gg. J\u00e4tteroligt!<\/p>\n\n\n\n<figure class=\"wp-block-image size-full\"><img loading=\"lazy\" decoding=\"async\" width=\"900\" height=\"600\" src=\"https:\/\/amandus.se\/blogg\/wp-content\/uploads\/2023\/06\/IMG_9051.jpg\" alt=\"\" class=\"wp-image-3092\" srcset=\"https:\/\/amandus.se\/blogg\/wp-content\/uploads\/2023\/06\/IMG_9051.jpg 900w, https:\/\/amandus.se\/blogg\/wp-content\/uploads\/2023\/06\/IMG_9051-300x200.jpg 300w, https:\/\/amandus.se\/blogg\/wp-content\/uploads\/2023\/06\/IMG_9051-768x512.jpg 768w\" sizes=\"auto, (max-width: 900px) 100vw, 900px\" \/><figcaption class=\"wp-element-caption\"><strong>P.timon (hona) <\/strong><\/figcaption><\/figure>\n\n\n\n<figure class=\"wp-block-image size-full\"><img loading=\"lazy\" decoding=\"async\" width=\"900\" height=\"600\" src=\"https:\/\/amandus.se\/blogg\/wp-content\/uploads\/2023\/06\/IMG_9043.jpg\" alt=\"\" class=\"wp-image-3093\" srcset=\"https:\/\/amandus.se\/blogg\/wp-content\/uploads\/2023\/06\/IMG_9043.jpg 900w, https:\/\/amandus.se\/blogg\/wp-content\/uploads\/2023\/06\/IMG_9043-300x200.jpg 300w, https:\/\/amandus.se\/blogg\/wp-content\/uploads\/2023\/06\/IMG_9043-768x512.jpg 768w\" sizes=\"auto, (max-width: 900px) 100vw, 900px\" \/><figcaption class=\"wp-element-caption\"><strong>P.timon (\u00e4gg)<\/strong><\/figcaption><\/figure>\n","protected":false},"excerpt":{"rendered":"<p>Det har varit varma och soliga dagar h\u00e4r p\u00e5 \u00d6land. N\u00e4r vi kom hit den 1 juni \u00e5kte vi till Gr\u00f6nh\u00f6gens st\u00e4llplats. Vi brukar ta in p\u00e5 st\u00e4llplats n\u00e5gon g\u00e5ng per vecka s\u00e5 att vi kan ladda alla elektronikprylar samt fylla och t\u00f6mma bilen p\u00e5 diverse v\u00e4tskor. Den 3 juni \u00e5t vi frukost i solen &hellip; <a href=\"https:\/\/amandus.se\/blogg\/?p=3086\" class=\"more-link\">Forts\u00e4tt l\u00e4sa <span class=\"screen-reader-text\">H\u00e4rliga dagar p\u00e5 \u00d6land<\/span> <span class=\"meta-nav\">&rarr;<\/span><\/a><\/p>\n","protected":false},"author":1,"featured_media":0,"comment_status":"open","ping_status":"open","sticky":false,"template":"","format":"standard","meta":{"footnotes":""},"categories":[4,5,6],"tags":[],"class_list":["post-3086","post","type-post","status-publish","format-standard","hentry","category-ditt-och-datt","category-fjarilarbutterfly","category-sverigesweden"],"_links":{"self":[{"href":"https:\/\/amandus.se\/blogg\/index.php?rest_route=\/wp\/v2\/posts\/3086","targetHints":{"allow":["GET"]}}],"collection":[{"href":"https:\/\/amandus.se\/blogg\/index.php?rest_route=\/wp\/v2\/posts"}],"about":[{"href":"https:\/\/amandus.se\/blogg\/index.php?rest_route=\/wp\/v2\/types\/post"}],"author":[{"embeddable":true,"href":"https:\/\/amandus.se\/blogg\/index.php?rest_route=\/wp\/v2\/users\/1"}],"replies":[{"embeddable":true,"href":"https:\/\/amandus.se\/blogg\/index.php?rest_route=%2Fwp%2Fv2%2Fcomments&post=3086"}],"version-history":[{"count":3,"href":"https:\/\/amandus.se\/blogg\/index.php?rest_route=\/wp\/v2\/posts\/3086\/revisions"}],"predecessor-version":[{"id":3098,"href":"https:\/\/amandus.se\/blogg\/index.php?rest_route=\/wp\/v2\/posts\/3086\/revisions\/3098"}],"wp:attachment":[{"href":"https:\/\/amandus.se\/blogg\/index.php?rest_route=%2Fwp%2Fv2%2Fmedia&parent=3086"}],"wp:term":[{"taxonomy":"category","embeddable":true,"href":"https:\/\/amandus.se\/blogg\/index.php?rest_route=%2Fwp%2Fv2%2Fcategories&post=3086"},{"taxonomy":"post_tag","embeddable":true,"href":"https:\/\/amandus.se\/blogg\/index.php?rest_route=%2Fwp%2Fv2%2Ftags&post=3086"}],"curies":[{"name":"wp","href":"https:\/\/api.w.org\/{rel}","templated":true}]}}