{"id":3100,"date":"2023-06-06T22:28:06","date_gmt":"2023-06-06T20:28:06","guid":{"rendered":"https:\/\/amandus.se\/blogg\/?p=3100"},"modified":"2023-06-08T00:36:13","modified_gmt":"2023-06-07T22:36:13","slug":"grattis-sverige-i-dag-ar-din-dag","status":"publish","type":"post","link":"https:\/\/amandus.se\/blogg\/?p=3100","title":{"rendered":"Grattis Sverige i dag \u00e4r din dag!"},"content":{"rendered":"<div class=\"wp-block-image\">\n<figure class=\"aligncenter size-full is-resized\"><img loading=\"lazy\" decoding=\"async\" src=\"https:\/\/amandus.se\/blogg\/wp-content\/uploads\/2023\/06\/IMG_4904\u00a7.jpg\" alt=\"\" class=\"wp-image-3101\" width=\"261\" height=\"348\" srcset=\"https:\/\/amandus.se\/blogg\/wp-content\/uploads\/2023\/06\/IMG_4904\u00a7.jpg 480w, https:\/\/amandus.se\/blogg\/wp-content\/uploads\/2023\/06\/IMG_4904\u00a7-225x300.jpg 225w\" sizes=\"auto, (max-width: 261px) 100vw, 261px\" \/><\/figure>\n<\/div>\n\n\n<p>I g\u00e5r, 5\/6, bes\u00f6kte vi Station Linn\u00e9. Vi tog en promenad och fikade.<\/p>\n\n\n\n<figure class=\"wp-block-gallery has-nested-images columns-default is-cropped wp-block-gallery-1 is-layout-flex wp-block-gallery-is-layout-flex\">\n<figure class=\"wp-block-image size-large\"><img loading=\"lazy\" decoding=\"async\" width=\"343\" height=\"497\" data-id=\"3102\" src=\"https:\/\/amandus.se\/blogg\/wp-content\/uploads\/2023\/06\/IMG_48961.jpg\" alt=\"\" class=\"wp-image-3102\" srcset=\"https:\/\/amandus.se\/blogg\/wp-content\/uploads\/2023\/06\/IMG_48961.jpg 343w, https:\/\/amandus.se\/blogg\/wp-content\/uploads\/2023\/06\/IMG_48961-207x300.jpg 207w\" sizes=\"auto, (max-width: 343px) 100vw, 343px\" \/><\/figure>\n\n\n\n<figure class=\"wp-block-image size-large\"><img loading=\"lazy\" decoding=\"async\" width=\"480\" height=\"517\" data-id=\"3103\" src=\"https:\/\/amandus.se\/blogg\/wp-content\/uploads\/2023\/06\/IMG_48981.jpg\" alt=\"\" class=\"wp-image-3103\" srcset=\"https:\/\/amandus.se\/blogg\/wp-content\/uploads\/2023\/06\/IMG_48981.jpg 480w, https:\/\/amandus.se\/blogg\/wp-content\/uploads\/2023\/06\/IMG_48981-279x300.jpg 279w\" sizes=\"auto, (max-width: 480px) 100vw, 480px\" \/><\/figure>\n<\/figure>\n\n\n\n<p>Eftermiddagen \u00e4gnades \u00e5t att leta larver och \u00e4gg. Vi hittade bland annat en ung larv av <strong>L.dispar (L\u00f6vskogsnunna) <\/strong>och ett \u00e4gg av <strong>G.rhamni (Citronfj\u00e4ril).<\/strong><\/p>\n\n\n\n<figure class=\"wp-block-image size-large is-resized\"><img loading=\"lazy\" decoding=\"async\" src=\"https:\/\/amandus.se\/blogg\/wp-content\/uploads\/2023\/06\/IMG_9063-1024x683.jpg\" alt=\"\" class=\"wp-image-3104\" width=\"564\" height=\"376\" srcset=\"https:\/\/amandus.se\/blogg\/wp-content\/uploads\/2023\/06\/IMG_9063-1024x683.jpg 1024w, https:\/\/amandus.se\/blogg\/wp-content\/uploads\/2023\/06\/IMG_9063-300x200.jpg 300w, https:\/\/amandus.se\/blogg\/wp-content\/uploads\/2023\/06\/IMG_9063-768x512.jpg 768w, https:\/\/amandus.se\/blogg\/wp-content\/uploads\/2023\/06\/IMG_9063.jpg 1200w\" sizes=\"auto, (max-width: 564px) 100vw, 564px\" \/><\/figure>\n\n\n<div class=\"wp-block-image\">\n<figure class=\"aligncenter size-large is-resized\"><img loading=\"lazy\" decoding=\"async\" src=\"https:\/\/amandus.se\/blogg\/wp-content\/uploads\/2023\/06\/IMG_9067-1024x683.jpg\" alt=\"\" class=\"wp-image-3105\" width=\"527\" height=\"351\" srcset=\"https:\/\/amandus.se\/blogg\/wp-content\/uploads\/2023\/06\/IMG_9067-1024x683.jpg 1024w, https:\/\/amandus.se\/blogg\/wp-content\/uploads\/2023\/06\/IMG_9067-300x200.jpg 300w, https:\/\/amandus.se\/blogg\/wp-content\/uploads\/2023\/06\/IMG_9067-768x512.jpg 768w, https:\/\/amandus.se\/blogg\/wp-content\/uploads\/2023\/06\/IMG_9067.jpg 1200w\" sizes=\"auto, (max-width: 527px) 100vw, 527px\" \/><\/figure>\n<\/div>\n\n\n<p>I dag, p\u00e5 Sveriges nationaldag den 6 juni, vaknade vi till denna utsikt \u00f6ver M\u00f6ckelmossen  &#8211; h\u00e4rligt!<\/p>\n\n\n<div class=\"wp-block-image\">\n<figure class=\"aligncenter size-full is-resized\"><img loading=\"lazy\" decoding=\"async\" src=\"https:\/\/amandus.se\/blogg\/wp-content\/uploads\/2023\/06\/IMG_49031.jpg\" alt=\"\" class=\"wp-image-3106\" width=\"395\" height=\"526\" srcset=\"https:\/\/amandus.se\/blogg\/wp-content\/uploads\/2023\/06\/IMG_49031.jpg 480w, https:\/\/amandus.se\/blogg\/wp-content\/uploads\/2023\/06\/IMG_49031-225x300.jpg 225w\" sizes=\"auto, (max-width: 395px) 100vw, 395px\" \/><\/figure>\n<\/div>\n\n\n<p>I kv\u00e4ll har vi firat med god mat och dryck.<\/p>\n\n\n<div class=\"wp-block-image\">\n<figure class=\"aligncenter size-full is-resized\"><img loading=\"lazy\" decoding=\"async\" src=\"https:\/\/amandus.se\/blogg\/wp-content\/uploads\/2023\/06\/IMG_49051.jpg\" alt=\"\" class=\"wp-image-3107\" width=\"468\" height=\"624\" srcset=\"https:\/\/amandus.se\/blogg\/wp-content\/uploads\/2023\/06\/IMG_49051.jpg 480w, https:\/\/amandus.se\/blogg\/wp-content\/uploads\/2023\/06\/IMG_49051-225x300.jpg 225w\" sizes=\"auto, (max-width: 468px) 100vw, 468px\" \/><\/figure>\n<\/div>\n\n\n<p>N\u00e4r Anders tittade till sina Timon \u00e4gg i kv\u00e4ll hade de helt bytt skepnad. Forts\u00e4ttning f\u00f6ljer f\u00f6rhoppningsvis.<\/p>\n\n\n\n<figure class=\"wp-block-image size-large\"><img loading=\"lazy\" decoding=\"async\" width=\"1024\" height=\"829\" src=\"https:\/\/amandus.se\/blogg\/wp-content\/uploads\/2023\/06\/IMG_9077-1024x829.jpg\" alt=\"\" class=\"wp-image-3108\" srcset=\"https:\/\/amandus.se\/blogg\/wp-content\/uploads\/2023\/06\/IMG_9077-1024x829.jpg 1024w, https:\/\/amandus.se\/blogg\/wp-content\/uploads\/2023\/06\/IMG_9077-300x243.jpg 300w, https:\/\/amandus.se\/blogg\/wp-content\/uploads\/2023\/06\/IMG_9077-768x622.jpg 768w, https:\/\/amandus.se\/blogg\/wp-content\/uploads\/2023\/06\/IMG_9077.jpg 1200w\" sizes=\"auto, (max-width: 1024px) 100vw, 1024px\" \/><\/figure>\n\n\n\n<p>Nu har vi t\u00e4nt lampan vid G\u00e5rdby sandsl\u00e4tt. Vi \u00e4r inte ensamma h\u00e4r. En annan fj\u00e4rilslampa syns en bit bort.<\/p>\n","protected":false},"excerpt":{"rendered":"<p>I g\u00e5r, 5\/6, bes\u00f6kte vi Station Linn\u00e9. Vi tog en promenad och fikade. Eftermiddagen \u00e4gnades \u00e5t att leta larver och \u00e4gg. Vi hittade bland annat en ung larv av L.dispar (L\u00f6vskogsnunna) och ett \u00e4gg av G.rhamni (Citronfj\u00e4ril). I dag, p\u00e5 Sveriges nationaldag den 6 juni, vaknade vi till denna utsikt \u00f6ver M\u00f6ckelmossen &#8211; h\u00e4rligt! I &hellip; <a href=\"https:\/\/amandus.se\/blogg\/?p=3100\" class=\"more-link\">Forts\u00e4tt l\u00e4sa <span class=\"screen-reader-text\">Grattis Sverige i dag \u00e4r din dag!<\/span> <span class=\"meta-nav\">&rarr;<\/span><\/a><\/p>\n","protected":false},"author":1,"featured_media":0,"comment_status":"open","ping_status":"open","sticky":false,"template":"","format":"standard","meta":{"footnotes":""},"categories":[4,5,6],"tags":[],"class_list":["post-3100","post","type-post","status-publish","format-standard","hentry","category-ditt-och-datt","category-fjarilarbutterfly","category-sverigesweden"],"_links":{"self":[{"href":"https:\/\/amandus.se\/blogg\/index.php?rest_route=\/wp\/v2\/posts\/3100","targetHints":{"allow":["GET"]}}],"collection":[{"href":"https:\/\/amandus.se\/blogg\/index.php?rest_route=\/wp\/v2\/posts"}],"about":[{"href":"https:\/\/amandus.se\/blogg\/index.php?rest_route=\/wp\/v2\/types\/post"}],"author":[{"embeddable":true,"href":"https:\/\/amandus.se\/blogg\/index.php?rest_route=\/wp\/v2\/users\/1"}],"replies":[{"embeddable":true,"href":"https:\/\/amandus.se\/blogg\/index.php?rest_route=%2Fwp%2Fv2%2Fcomments&post=3100"}],"version-history":[{"count":2,"href":"https:\/\/amandus.se\/blogg\/index.php?rest_route=\/wp\/v2\/posts\/3100\/revisions"}],"predecessor-version":[{"id":3116,"href":"https:\/\/amandus.se\/blogg\/index.php?rest_route=\/wp\/v2\/posts\/3100\/revisions\/3116"}],"wp:attachment":[{"href":"https:\/\/amandus.se\/blogg\/index.php?rest_route=%2Fwp%2Fv2%2Fmedia&parent=3100"}],"wp:term":[{"taxonomy":"category","embeddable":true,"href":"https:\/\/amandus.se\/blogg\/index.php?rest_route=%2Fwp%2Fv2%2Fcategories&post=3100"},{"taxonomy":"post_tag","embeddable":true,"href":"https:\/\/amandus.se\/blogg\/index.php?rest_route=%2Fwp%2Fv2%2Ftags&post=3100"}],"curies":[{"name":"wp","href":"https:\/\/api.w.org\/{rel}","templated":true}]}}