{"id":3118,"date":"2023-06-29T22:18:09","date_gmt":"2023-06-29T20:18:09","guid":{"rendered":"https:\/\/amandus.se\/blogg\/?p=3118"},"modified":"2023-06-29T22:52:28","modified_gmt":"2023-06-29T20:52:28","slug":"nu-ar-vi-tillbaka-pa-oland","status":"publish","type":"post","link":"https:\/\/amandus.se\/blogg\/?p=3118","title":{"rendered":"Nu \u00e4r vi tillbaka p\u00e5 \u00d6land"},"content":{"rendered":"\n<p>29\/6 Sist jag skrev, 7\/6, s\u00e5 hade vi t\u00e4nt lampan vid Sk\u00e4ftek\u00e4rr. Det kom inget intressant. P\u00e5 morgonen efter v\u00e4cktes vi tidigt av telefonen. Vi fick besked om att det var en vattenl\u00e4cka utanf\u00f6r v\u00e5rt hus. Det blev att str\u00e4ckk\u00f6ra till Malm\u00f6n. V\u00e4l hemma s\u00e5 kom gr\u00e4vare och konstaterade att V\u00e4stvatten gjort ett d\u00e5ligt jobb n\u00e4r de bytte vattenledning hos oss f\u00f6r ett och ett halvt \u00e5r sedan. Det tog ett tag att \u00e5tg\u00e4rda felet och fixa till hemma. Som tur var hade det inte kommit in n\u00e5got vatten i k\u00e4llaren.<\/p>\n\n\n\n<p>V\u00e5r l\u00e4ngtan till \u00d6land \u00e4r stor s\u00e5 n\u00e4r v\u00e4dret verkade lovande,  styrde vi mot \u00d6land. Det blev ett stopp i Sk\u00f6vde f\u00f6r att Anders skulle kunna vara med p\u00e5 en f.d. kollegas 50 -\u00e5rsfest. <\/p>\n\n\n\n<p>Ig\u00e5r, 28\/6, stannade vi till vid Grytsj\u00f6n f\u00f6r att lysa. Tv\u00e5 bekanta fr\u00e5n Sk\u00e5ne, som vi tr\u00e4ffat tidigare p\u00e5 olika fj\u00e4rilslokaler, B\u00f6rje och Lars,   var ocks\u00e5 p\u00e5 lyshum\u00f6r.  Alltid roligt att tr\u00e4ffa fj\u00e4rilsv\u00e4nner. <\/p>\n\n\n\n<figure class=\"wp-block-image size-full\"><img loading=\"lazy\" decoding=\"async\" width=\"480\" height=\"640\" src=\"https:\/\/amandus.se\/blogg\/wp-content\/uploads\/2023\/06\/IMG_4976-rotated.jpg\" alt=\"\" class=\"wp-image-3119\" srcset=\"https:\/\/amandus.se\/blogg\/wp-content\/uploads\/2023\/06\/IMG_4976-rotated.jpg 480w, https:\/\/amandus.se\/blogg\/wp-content\/uploads\/2023\/06\/IMG_4976-225x300.jpg 225w\" sizes=\"auto, (max-width: 480px) 100vw, 480px\" \/><figcaption class=\"wp-element-caption\">Anders besiktar v\u00e5rt lakan. I bakgrunden  lyser B\u00f6rjes lampa. Lars hade tv\u00e5 lampor lite l\u00e4ngre bort<\/figcaption><\/figure>\n\n\n\n<p>Det var en riktigt bra lyskv\u00e4ll med m\u00e5ng fina arter, bland annat<strong> L.terebra (Mindre tr\u00e4fj\u00e4ril<\/strong>)hona och hane. Och tv\u00e5 snygga ex. av<strong> E.sigma (R\u00f6dkantat jordfly)<\/strong><\/p>\n\n\n\n<figure class=\"wp-block-gallery has-nested-images columns-default is-cropped wp-block-gallery-1 is-layout-flex wp-block-gallery-is-layout-flex\">\n<figure class=\"wp-block-image size-large\"><img loading=\"lazy\" decoding=\"async\" width=\"900\" height=\"600\" data-id=\"3121\" src=\"https:\/\/amandus.se\/blogg\/wp-content\/uploads\/2023\/06\/IMG_9255.jpg\" alt=\"\" class=\"wp-image-3121\" srcset=\"https:\/\/amandus.se\/blogg\/wp-content\/uploads\/2023\/06\/IMG_9255.jpg 900w, https:\/\/amandus.se\/blogg\/wp-content\/uploads\/2023\/06\/IMG_9255-300x200.jpg 300w, https:\/\/amandus.se\/blogg\/wp-content\/uploads\/2023\/06\/IMG_9255-768x512.jpg 768w\" sizes=\"auto, (max-width: 900px) 100vw, 900px\" \/><\/figure>\n\n\n\n<figure class=\"wp-block-image size-large\"><img loading=\"lazy\" decoding=\"async\" width=\"900\" height=\"600\" data-id=\"3120\" src=\"https:\/\/amandus.se\/blogg\/wp-content\/uploads\/2023\/06\/IMG_9272.jpg\" alt=\"\" class=\"wp-image-3120\" srcset=\"https:\/\/amandus.se\/blogg\/wp-content\/uploads\/2023\/06\/IMG_9272.jpg 900w, https:\/\/amandus.se\/blogg\/wp-content\/uploads\/2023\/06\/IMG_9272-300x200.jpg 300w, https:\/\/amandus.se\/blogg\/wp-content\/uploads\/2023\/06\/IMG_9272-768x512.jpg 768w\" sizes=\"auto, (max-width: 900px) 100vw, 900px\" \/><\/figure>\n<\/figure>\n\n\n\n<p>N\u00e4r vi \u00e4nd\u00e5 var vid Grytsj\u00f6n passade vi p\u00e5 att sl\u00e4ppa flertalet larver av <strong>P.timon (Rysk h\u00f6gstj\u00e4rt)<\/strong> som vi fick som \u00e4gg fr\u00e5n en hona vid Grytsj\u00f6n f\u00f6r en m\u00e5nad sedan. Nu \u00e4r larverna ca. \u00e5tta mm.<\/p>\n\n\n\n<figure class=\"wp-block-image size-full\"><img loading=\"lazy\" decoding=\"async\" width=\"900\" height=\"600\" src=\"https:\/\/amandus.se\/blogg\/wp-content\/uploads\/2023\/06\/IMG_9286.jpg\" alt=\"\" class=\"wp-image-3122\" srcset=\"https:\/\/amandus.se\/blogg\/wp-content\/uploads\/2023\/06\/IMG_9286.jpg 900w, https:\/\/amandus.se\/blogg\/wp-content\/uploads\/2023\/06\/IMG_9286-300x200.jpg 300w, https:\/\/amandus.se\/blogg\/wp-content\/uploads\/2023\/06\/IMG_9286-768x512.jpg 768w\" sizes=\"auto, (max-width: 900px) 100vw, 900px\" \/><figcaption class=\"wp-element-caption\">Larv av P.timon<\/figcaption><\/figure>\n\n\n\n<p>Nu \u00e4r lampan t\u00e4nd vid Sandsl\u00e4tten i G\u00e5rdby p\u00e5 \u00d6land<\/p>\n","protected":false},"excerpt":{"rendered":"<p>29\/6 Sist jag skrev, 7\/6, s\u00e5 hade vi t\u00e4nt lampan vid Sk\u00e4ftek\u00e4rr. Det kom inget intressant. P\u00e5 morgonen efter v\u00e4cktes vi tidigt av telefonen. Vi fick besked om att det var en vattenl\u00e4cka utanf\u00f6r v\u00e5rt hus. Det blev att str\u00e4ckk\u00f6ra till Malm\u00f6n. V\u00e4l hemma s\u00e5 kom gr\u00e4vare och konstaterade att V\u00e4stvatten gjort ett d\u00e5ligt jobb &hellip; <a href=\"https:\/\/amandus.se\/blogg\/?p=3118\" class=\"more-link\">Forts\u00e4tt l\u00e4sa <span class=\"screen-reader-text\">Nu \u00e4r vi tillbaka p\u00e5 \u00d6land<\/span> <span class=\"meta-nav\">&rarr;<\/span><\/a><\/p>\n","protected":false},"author":1,"featured_media":0,"comment_status":"open","ping_status":"open","sticky":false,"template":"","format":"standard","meta":{"footnotes":""},"categories":[4,5,6],"tags":[],"class_list":["post-3118","post","type-post","status-publish","format-standard","hentry","category-ditt-och-datt","category-fjarilarbutterfly","category-sverigesweden"],"_links":{"self":[{"href":"https:\/\/amandus.se\/blogg\/index.php?rest_route=\/wp\/v2\/posts\/3118","targetHints":{"allow":["GET"]}}],"collection":[{"href":"https:\/\/amandus.se\/blogg\/index.php?rest_route=\/wp\/v2\/posts"}],"about":[{"href":"https:\/\/amandus.se\/blogg\/index.php?rest_route=\/wp\/v2\/types\/post"}],"author":[{"embeddable":true,"href":"https:\/\/amandus.se\/blogg\/index.php?rest_route=\/wp\/v2\/users\/1"}],"replies":[{"embeddable":true,"href":"https:\/\/amandus.se\/blogg\/index.php?rest_route=%2Fwp%2Fv2%2Fcomments&post=3118"}],"version-history":[{"count":4,"href":"https:\/\/amandus.se\/blogg\/index.php?rest_route=\/wp\/v2\/posts\/3118\/revisions"}],"predecessor-version":[{"id":3127,"href":"https:\/\/amandus.se\/blogg\/index.php?rest_route=\/wp\/v2\/posts\/3118\/revisions\/3127"}],"wp:attachment":[{"href":"https:\/\/amandus.se\/blogg\/index.php?rest_route=%2Fwp%2Fv2%2Fmedia&parent=3118"}],"wp:term":[{"taxonomy":"category","embeddable":true,"href":"https:\/\/amandus.se\/blogg\/index.php?rest_route=%2Fwp%2Fv2%2Fcategories&post=3118"},{"taxonomy":"post_tag","embeddable":true,"href":"https:\/\/amandus.se\/blogg\/index.php?rest_route=%2Fwp%2Fv2%2Ftags&post=3118"}],"curies":[{"name":"wp","href":"https:\/\/api.w.org\/{rel}","templated":true}]}}