{"id":3128,"date":"2023-07-01T19:06:06","date_gmt":"2023-07-01T17:06:06","guid":{"rendered":"https:\/\/amandus.se\/blogg\/?p=3128"},"modified":"2023-07-01T19:06:35","modified_gmt":"2023-07-01T17:06:35","slug":"vi-trivs-har","status":"publish","type":"post","link":"https:\/\/amandus.se\/blogg\/?p=3128","title":{"rendered":"Vi trivs h\u00e4r"},"content":{"rendered":"\n<p>Det kom m\u00e5nga fina arter vid G\u00e5rdby n\u00e4r vi t\u00e4nde lampan i torsdags men inget nytt.<\/p>\n\n\n\n<p>I g\u00e5r, den 30\/7, tr\u00e4ffade vi tv\u00e5 v\u00e4nner fr\u00e5n Tibro i M\u00f6rbyl\u00e5nga. Vi \u00e5t p\u00e5 Magasin1 och luftade ditt och datt. Alltid lika trevligt att tr\u00e4ffa bekanta.<\/p>\n\n\n\n<figure class=\"wp-block-image size-full\"><img loading=\"lazy\" decoding=\"async\" width=\"640\" height=\"480\" src=\"https:\/\/amandus.se\/blogg\/wp-content\/uploads\/2023\/07\/IMG_4979.jpg\" alt=\"\" class=\"wp-image-3129\" srcset=\"https:\/\/amandus.se\/blogg\/wp-content\/uploads\/2023\/07\/IMG_4979.jpg 640w, https:\/\/amandus.se\/blogg\/wp-content\/uploads\/2023\/07\/IMG_4979-300x225.jpg 300w\" sizes=\"auto, (max-width: 640px) 100vw, 640px\" \/><\/figure>\n\n\n\n<p>Idag, den 1\/7 \u00e5kte vi till Gr\u00f6nh\u00f6gen. Vi var inte ensamma om att v\u00e4lja den st\u00e4llplatsen. Mycket beroende av att killen, Peter, som sk\u00f6ter st\u00e4llplatsen \u00e4r s\u00e5 trevlig och h\u00e5ller bra ordning.<\/p>\n\n\n\n<figure class=\"wp-block-image size-full\"><img loading=\"lazy\" decoding=\"async\" width=\"640\" height=\"480\" src=\"https:\/\/amandus.se\/blogg\/wp-content\/uploads\/2023\/07\/IMG_4980.jpg\" alt=\"\" class=\"wp-image-3130\" srcset=\"https:\/\/amandus.se\/blogg\/wp-content\/uploads\/2023\/07\/IMG_4980.jpg 640w, https:\/\/amandus.se\/blogg\/wp-content\/uploads\/2023\/07\/IMG_4980-300x225.jpg 300w\" sizes=\"auto, (max-width: 640px) 100vw, 640px\" \/><\/figure>\n\n\n\n<p>Vi gick en promenad i omgivningarna innan regnet kom. Man blir \u00f6verraskad n\u00e4r det st\u00e5r en liten orkester bland blommorna, framf\u00f6rallt att den f\u00e5r st\u00e5 kvar. Den placerades d\u00e4r f\u00f6rra \u00e5ret.<\/p>\n\n\n\n<figure class=\"wp-block-image size-full\"><img loading=\"lazy\" decoding=\"async\" width=\"640\" height=\"480\" src=\"https:\/\/amandus.se\/blogg\/wp-content\/uploads\/2023\/07\/IMG_4982.jpg\" alt=\"\" class=\"wp-image-3131\" srcset=\"https:\/\/amandus.se\/blogg\/wp-content\/uploads\/2023\/07\/IMG_4982.jpg 640w, https:\/\/amandus.se\/blogg\/wp-content\/uploads\/2023\/07\/IMG_4982-300x225.jpg 300w\" sizes=\"auto, (max-width: 640px) 100vw, 640px\" \/><figcaption class=\"wp-element-caption\">Blomsterbandet<\/figcaption><\/figure>\n\n\n\n<figure class=\"wp-block-image size-full\"><img loading=\"lazy\" decoding=\"async\" width=\"640\" height=\"480\" src=\"https:\/\/amandus.se\/blogg\/wp-content\/uploads\/2023\/07\/IMG_4981.jpg\" alt=\"\" class=\"wp-image-3132\" srcset=\"https:\/\/amandus.se\/blogg\/wp-content\/uploads\/2023\/07\/IMG_4981.jpg 640w, https:\/\/amandus.se\/blogg\/wp-content\/uploads\/2023\/07\/IMG_4981-300x225.jpg 300w\" sizes=\"auto, (max-width: 640px) 100vw, 640px\" \/><figcaption class=\"wp-element-caption\">Vackra sl\u00e4ta stenar<\/figcaption><\/figure>\n\n\n\n<p>Det \u00e4r betydligt gr\u00f6nare p\u00e5 \u00d6land nu \u00e4n n\u00e4r vi var h\u00e4r f\u00f6r tre veckor sedan.<\/p>\n\n\n\n<figure class=\"wp-block-image size-full\"><img loading=\"lazy\" decoding=\"async\" width=\"640\" height=\"480\" src=\"https:\/\/amandus.se\/blogg\/wp-content\/uploads\/2023\/07\/IMG_4985.jpg\" alt=\"\" class=\"wp-image-3133\" srcset=\"https:\/\/amandus.se\/blogg\/wp-content\/uploads\/2023\/07\/IMG_4985.jpg 640w, https:\/\/amandus.se\/blogg\/wp-content\/uploads\/2023\/07\/IMG_4985-300x225.jpg 300w\" sizes=\"auto, (max-width: 640px) 100vw, 640px\" \/><\/figure>\n","protected":false},"excerpt":{"rendered":"<p>Det kom m\u00e5nga fina arter vid G\u00e5rdby n\u00e4r vi t\u00e4nde lampan i torsdags men inget nytt. I g\u00e5r, den 30\/7, tr\u00e4ffade vi tv\u00e5 v\u00e4nner fr\u00e5n Tibro i M\u00f6rbyl\u00e5nga. Vi \u00e5t p\u00e5 Magasin1 och luftade ditt och datt. Alltid lika trevligt att tr\u00e4ffa bekanta. Idag, den 1\/7 \u00e5kte vi till Gr\u00f6nh\u00f6gen. Vi var inte ensamma om &hellip; <a href=\"https:\/\/amandus.se\/blogg\/?p=3128\" class=\"more-link\">Forts\u00e4tt l\u00e4sa <span class=\"screen-reader-text\">Vi trivs h\u00e4r<\/span> <span class=\"meta-nav\">&rarr;<\/span><\/a><\/p>\n","protected":false},"author":1,"featured_media":0,"comment_status":"open","ping_status":"open","sticky":false,"template":"","format":"standard","meta":{"footnotes":""},"categories":[4,5,6],"tags":[],"class_list":["post-3128","post","type-post","status-publish","format-standard","hentry","category-ditt-och-datt","category-fjarilarbutterfly","category-sverigesweden"],"_links":{"self":[{"href":"https:\/\/amandus.se\/blogg\/index.php?rest_route=\/wp\/v2\/posts\/3128","targetHints":{"allow":["GET"]}}],"collection":[{"href":"https:\/\/amandus.se\/blogg\/index.php?rest_route=\/wp\/v2\/posts"}],"about":[{"href":"https:\/\/amandus.se\/blogg\/index.php?rest_route=\/wp\/v2\/types\/post"}],"author":[{"embeddable":true,"href":"https:\/\/amandus.se\/blogg\/index.php?rest_route=\/wp\/v2\/users\/1"}],"replies":[{"embeddable":true,"href":"https:\/\/amandus.se\/blogg\/index.php?rest_route=%2Fwp%2Fv2%2Fcomments&post=3128"}],"version-history":[{"count":1,"href":"https:\/\/amandus.se\/blogg\/index.php?rest_route=\/wp\/v2\/posts\/3128\/revisions"}],"predecessor-version":[{"id":3134,"href":"https:\/\/amandus.se\/blogg\/index.php?rest_route=\/wp\/v2\/posts\/3128\/revisions\/3134"}],"wp:attachment":[{"href":"https:\/\/amandus.se\/blogg\/index.php?rest_route=%2Fwp%2Fv2%2Fmedia&parent=3128"}],"wp:term":[{"taxonomy":"category","embeddable":true,"href":"https:\/\/amandus.se\/blogg\/index.php?rest_route=%2Fwp%2Fv2%2Fcategories&post=3128"},{"taxonomy":"post_tag","embeddable":true,"href":"https:\/\/amandus.se\/blogg\/index.php?rest_route=%2Fwp%2Fv2%2Ftags&post=3128"}],"curies":[{"name":"wp","href":"https:\/\/api.w.org\/{rel}","templated":true}]}}