{"id":3135,"date":"2023-07-05T21:23:18","date_gmt":"2023-07-05T19:23:18","guid":{"rendered":"https:\/\/amandus.se\/blogg\/?p=3135"},"modified":"2023-07-09T19:30:05","modified_gmt":"2023-07-09T17:30:05","slug":"ibland-sol-ibland-regn-men-alltid-blast","status":"publish","type":"post","link":"https:\/\/amandus.se\/blogg\/?p=3135","title":{"rendered":"Ibland sol ibland regn men alltid bl\u00e5st"},"content":{"rendered":"\n<p>I dag \u00e4r det den 5 juli. De senaste dagarna har det verkligen varit v\u00e4xlande v\u00e4der. Det har varit f\u00f6r bl\u00e5sigt f\u00f6r att t\u00e4nda fj\u00e4rilslampan. Ist\u00e4llet har vi promenerat och letat dagfj\u00e4rilar. G\u00e5r tillbaka i tiden n\u00e5gra dagar f\u00f6r att visa vad vi gjort och sett.<\/p>\n\n\n\n<p>Den 3 juli bes\u00f6kte vi &#8221;Den hemliga tr\u00e4dg\u00e5rden&#8221;.  Det \u00e4r tv\u00e5 br\u00f6der som odlar och sk\u00f6ter om ett stort omr\u00e5de mitt i skogen p\u00e5 mellersta \u00d6land. Fr\u00e5n b\u00f6rjan var det deras pappa som odlade gr\u00f6nsaker p\u00e5 en del av omr\u00e5det men numera odlar br\u00f6derna b\u00e5de blommor och gr\u00f6nt &#8211; bara f\u00f6r att de vill. Det finns inget vatten i omr\u00e5det s\u00e5 br\u00f6derna f\u00e5r k\u00f6ra dit vatten eller hoppas p\u00e5 regn. Allt sk\u00f6ts utan maskiner, bara handkraft.<\/p>\n\n\n\n<figure class=\"wp-block-image size-full\"><img loading=\"lazy\" decoding=\"async\" width=\"640\" height=\"480\" src=\"https:\/\/amandus.se\/blogg\/wp-content\/uploads\/2023\/07\/IMG_4994.jpg\" alt=\"\" class=\"wp-image-3136\" srcset=\"https:\/\/amandus.se\/blogg\/wp-content\/uploads\/2023\/07\/IMG_4994.jpg 640w, https:\/\/amandus.se\/blogg\/wp-content\/uploads\/2023\/07\/IMG_4994-300x225.jpg 300w\" sizes=\"auto, (max-width: 640px) 100vw, 640px\" \/><figcaption class=\"wp-element-caption\">Raka rader \u00e4r viktigt. H\u00e4r odlas gr\u00f6nsaker<\/figcaption><\/figure>\n\n\n\n<figure class=\"wp-block-image size-full\"><img loading=\"lazy\" decoding=\"async\" width=\"480\" height=\"640\" src=\"https:\/\/amandus.se\/blogg\/wp-content\/uploads\/2023\/07\/IMG_4990-rotated.jpg\" alt=\"\" class=\"wp-image-3137\" srcset=\"https:\/\/amandus.se\/blogg\/wp-content\/uploads\/2023\/07\/IMG_4990-rotated.jpg 480w, https:\/\/amandus.se\/blogg\/wp-content\/uploads\/2023\/07\/IMG_4990-225x300.jpg 225w\" sizes=\"auto, (max-width: 480px) 100vw, 480px\" \/><figcaption class=\"wp-element-caption\">Bilderna ger inte r\u00e4ttvisa \u00e5t hur fint d\u00e4r \u00e4r<\/figcaption><\/figure>\n\n\n\n<figure class=\"wp-block-image size-full\"><img loading=\"lazy\" decoding=\"async\" width=\"480\" height=\"640\" src=\"https:\/\/amandus.se\/blogg\/wp-content\/uploads\/2023\/07\/IMG_4991-rotated.jpg\" alt=\"\" class=\"wp-image-3138\" srcset=\"https:\/\/amandus.se\/blogg\/wp-content\/uploads\/2023\/07\/IMG_4991-rotated.jpg 480w, https:\/\/amandus.se\/blogg\/wp-content\/uploads\/2023\/07\/IMG_4991-225x300.jpg 225w\" sizes=\"auto, (max-width: 480px) 100vw, 480px\" \/><figcaption class=\"wp-element-caption\">Vallmo<\/figcaption><\/figure>\n\n\n\n<p>Efter ett bes\u00f6k p\u00e5 Station Linn\u00e9 \u00e5kte vi till Kalkstad. D\u00e4r satt vi l\u00e4nge och tittade p\u00e5 ett fasanpar som vandrade runt, sida vid sida.<\/p>\n\n\n\n<figure class=\"wp-block-image size-full\"><img loading=\"lazy\" decoding=\"async\" width=\"480\" height=\"640\" src=\"https:\/\/amandus.se\/blogg\/wp-content\/uploads\/2023\/07\/IMG_5002-rotated.jpg\" alt=\"\" class=\"wp-image-3139\" srcset=\"https:\/\/amandus.se\/blogg\/wp-content\/uploads\/2023\/07\/IMG_5002-rotated.jpg 480w, https:\/\/amandus.se\/blogg\/wp-content\/uploads\/2023\/07\/IMG_5002-225x300.jpg 225w\" sizes=\"auto, (max-width: 480px) 100vw, 480px\" \/><figcaption class=\"wp-element-caption\">Hanen till v\u00e4nster honan till h\u00f6ger<\/figcaption><\/figure>\n\n\n\n<p>Den 4 juli \u00e5kte vi till Gr\u00e5borg f\u00f6r att leta efter <strong>S.pruni (Busksnabbvinge), <\/strong>en art som Anders l\u00e4nge har velat f\u00e5 bra bilder p\u00e5. N\u00e4r vi v\u00e4ntat en stund d\u00f6k den upp och blev fotad. Det m\u00f6rknade p\u00e5 himlen s\u00e5 vi gick tillbaka till husbilen och v\u00e4ntade ut regnet. Efter en halvtimma sken solen och vi gick tillbaka till sl\u00e5nbuskarna och s\u00e5g ytterligare n\u00e5gra ex.<\/p>\n\n\n\n<figure class=\"wp-block-image size-full\"><img loading=\"lazy\" decoding=\"async\" width=\"480\" height=\"640\" src=\"https:\/\/amandus.se\/blogg\/wp-content\/uploads\/2023\/07\/IMG_5009-rotated.jpg\" alt=\"\" class=\"wp-image-3141\" srcset=\"https:\/\/amandus.se\/blogg\/wp-content\/uploads\/2023\/07\/IMG_5009-rotated.jpg 480w, https:\/\/amandus.se\/blogg\/wp-content\/uploads\/2023\/07\/IMG_5009-225x300.jpg 225w\" sizes=\"auto, (max-width: 480px) 100vw, 480px\" \/><figcaption class=\"wp-element-caption\">Sl\u00e5nbuske<\/figcaption><\/figure>\n\n\n\n<figure class=\"wp-block-gallery has-nested-images columns-default is-cropped wp-block-gallery-1 is-layout-flex wp-block-gallery-is-layout-flex\">\n<figure class=\"wp-block-image size-large\"><img loading=\"lazy\" decoding=\"async\" width=\"900\" height=\"600\" data-id=\"3142\" src=\"https:\/\/amandus.se\/blogg\/wp-content\/uploads\/2023\/07\/IMG_9340.jpg\" alt=\"\" class=\"wp-image-3142\" srcset=\"https:\/\/amandus.se\/blogg\/wp-content\/uploads\/2023\/07\/IMG_9340.jpg 900w, https:\/\/amandus.se\/blogg\/wp-content\/uploads\/2023\/07\/IMG_9340-300x200.jpg 300w, https:\/\/amandus.se\/blogg\/wp-content\/uploads\/2023\/07\/IMG_9340-768x512.jpg 768w\" sizes=\"auto, (max-width: 900px) 100vw, 900px\" \/><figcaption class=\"wp-element-caption\">S.pruni<\/figcaption><\/figure>\n\n\n\n<figure class=\"wp-block-image size-large\"><img loading=\"lazy\" decoding=\"async\" width=\"900\" height=\"600\" data-id=\"3143\" src=\"https:\/\/amandus.se\/blogg\/wp-content\/uploads\/2023\/07\/IMG_9343.jpg\" alt=\"\" class=\"wp-image-3143\" srcset=\"https:\/\/amandus.se\/blogg\/wp-content\/uploads\/2023\/07\/IMG_9343.jpg 900w, https:\/\/amandus.se\/blogg\/wp-content\/uploads\/2023\/07\/IMG_9343-300x200.jpg 300w, https:\/\/amandus.se\/blogg\/wp-content\/uploads\/2023\/07\/IMG_9343-768x512.jpg 768w\" sizes=\"auto, (max-width: 900px) 100vw, 900px\" \/><figcaption class=\"wp-element-caption\">s.pruni<\/figcaption><\/figure>\n<\/figure>\n\n\n\n<p>Det fl\u00f6g \u00e4ven rikligt med nykl\u00e4ckta <strong>A.paphia (Silverstreckad p\u00e4rlemorfj\u00e4ril). <\/strong>Den kallas silverstreckad f\u00f6r att fj\u00e4rilen har silverf\u00e4rgade streck p\u00e5 undersidan.<\/p>\n\n\n\n<figure class=\"wp-block-gallery has-nested-images columns-default is-cropped wp-block-gallery-2 is-layout-flex wp-block-gallery-is-layout-flex\">\n<figure class=\"wp-block-image size-large\"><img loading=\"lazy\" decoding=\"async\" width=\"900\" height=\"600\" data-id=\"3144\" src=\"https:\/\/amandus.se\/blogg\/wp-content\/uploads\/2023\/07\/IMG_9344.jpg\" alt=\"\" class=\"wp-image-3144\" srcset=\"https:\/\/amandus.se\/blogg\/wp-content\/uploads\/2023\/07\/IMG_9344.jpg 900w, https:\/\/amandus.se\/blogg\/wp-content\/uploads\/2023\/07\/IMG_9344-300x200.jpg 300w, https:\/\/amandus.se\/blogg\/wp-content\/uploads\/2023\/07\/IMG_9344-768x512.jpg 768w\" sizes=\"auto, (max-width: 900px) 100vw, 900px\" \/><figcaption class=\"wp-element-caption\">Hane<\/figcaption><\/figure>\n\n\n\n<figure class=\"wp-block-image size-large\"><img loading=\"lazy\" decoding=\"async\" width=\"900\" height=\"600\" data-id=\"3145\" src=\"https:\/\/amandus.se\/blogg\/wp-content\/uploads\/2023\/07\/IMG_9346.jpg\" alt=\"\" class=\"wp-image-3145\" srcset=\"https:\/\/amandus.se\/blogg\/wp-content\/uploads\/2023\/07\/IMG_9346.jpg 900w, https:\/\/amandus.se\/blogg\/wp-content\/uploads\/2023\/07\/IMG_9346-300x200.jpg 300w, https:\/\/amandus.se\/blogg\/wp-content\/uploads\/2023\/07\/IMG_9346-768x512.jpg 768w\" sizes=\"auto, (max-width: 900px) 100vw, 900px\" \/><figcaption class=\"wp-element-caption\">Hona<\/figcaption><\/figure>\n\n\n\n<figure class=\"wp-block-image size-large\"><img loading=\"lazy\" decoding=\"async\" width=\"900\" height=\"600\" data-id=\"3146\" src=\"https:\/\/amandus.se\/blogg\/wp-content\/uploads\/2023\/07\/IMG_9348.jpg\" alt=\"\" class=\"wp-image-3146\" srcset=\"https:\/\/amandus.se\/blogg\/wp-content\/uploads\/2023\/07\/IMG_9348.jpg 900w, https:\/\/amandus.se\/blogg\/wp-content\/uploads\/2023\/07\/IMG_9348-300x200.jpg 300w, https:\/\/amandus.se\/blogg\/wp-content\/uploads\/2023\/07\/IMG_9348-768x512.jpg 768w\" sizes=\"auto, (max-width: 900px) 100vw, 900px\" \/><figcaption class=\"wp-element-caption\">Hane undersida<\/figcaption><\/figure>\n<\/figure>\n\n\n\n<p>P\u00e5 kv\u00e4llen \u00e5kte vi till Ismanstorp med f\u00f6rhoppning om att kunna t\u00e4nda lampan. D\u00e4r brukar tr\u00e4den skydda mot vinden men inte ens d\u00e4r var det lysv\u00e4der. <\/p>\n\n\n\n<p>Idag, 5 juli, gick vi till Ismanstorps borg f\u00f6r att se om vi kunde locka till oss glasvingar med feromon. Arten vi s\u00f6kte, <strong>S.vespiformis (Getinglik glasvinge, <\/strong>lever i ekar. Resultatet blev magert men ist\u00e4llet fick vi se tv\u00e5 imponerande Ekoxehanar krypa runt p\u00e5 ek stammen.<\/p>\n\n\n\n<figure class=\"wp-block-image size-large\"><img loading=\"lazy\" decoding=\"async\" width=\"1024\" height=\"683\" src=\"https:\/\/amandus.se\/blogg\/wp-content\/uploads\/2023\/07\/IMG_9354-1024x683.jpg\" alt=\"\" class=\"wp-image-3147\" srcset=\"https:\/\/amandus.se\/blogg\/wp-content\/uploads\/2023\/07\/IMG_9354-1024x683.jpg 1024w, https:\/\/amandus.se\/blogg\/wp-content\/uploads\/2023\/07\/IMG_9354-300x200.jpg 300w, https:\/\/amandus.se\/blogg\/wp-content\/uploads\/2023\/07\/IMG_9354-768x512.jpg 768w, https:\/\/amandus.se\/blogg\/wp-content\/uploads\/2023\/07\/IMG_9354.jpg 1200w\" sizes=\"auto, (max-width: 1024px) 100vw, 1024px\" \/><figcaption class=\"wp-element-caption\">En rej\u00e4l Ekoxe, ca. 7 cm<\/figcaption><\/figure>\n\n\n\n<p>Vi testade sedan feromonet vid parkeringen vid Ismanstorp och lockade d\u00e5 till oss flera exemplar av Getinglik glasvinge.<\/p>\n\n\n\n<figure class=\"wp-block-image size-full\"><img loading=\"lazy\" decoding=\"async\" width=\"640\" height=\"480\" src=\"https:\/\/amandus.se\/blogg\/wp-content\/uploads\/2023\/07\/IMG_5013-1.jpg\" alt=\"\" class=\"wp-image-3148\" srcset=\"https:\/\/amandus.se\/blogg\/wp-content\/uploads\/2023\/07\/IMG_5013-1.jpg 640w, https:\/\/amandus.se\/blogg\/wp-content\/uploads\/2023\/07\/IMG_5013-1-300x225.jpg 300w\" sizes=\"auto, (max-width: 640px) 100vw, 640px\" \/><figcaption class=\"wp-element-caption\">En feromonkapsel som h\u00e4nger p\u00e5 en gren f\u00f6r att locka till sig glasvingar. <\/figcaption><\/figure>\n\n\n\n<p>Varje art har sitt specifika feromon. Feromonet s\u00e4nds normalt ut av honan f\u00f6r att locka hanar. Numera kan man framst\u00e4lla feromon p\u00e5 konstgjord v\u00e4g. Resultatet blir d\u00e5 att med feromonlockning f\u00e5r man bara hanar. Vi k\u00f6per v\u00e5ra feromon fr\u00e5n Holland. <\/p>\n\n\n\n<p>Det fl\u00f6g \u00e4ven nykl\u00e4ckta <strong>N.xanthomelas (Videfuks)<\/strong> p\u00e5 parkeringen.<\/p>\n\n\n\n<figure class=\"wp-block-image size-full\"><img loading=\"lazy\" decoding=\"async\" width=\"900\" height=\"600\" src=\"https:\/\/amandus.se\/blogg\/wp-content\/uploads\/2023\/07\/IMG_9373.jpg\" alt=\"\" class=\"wp-image-3154\" srcset=\"https:\/\/amandus.se\/blogg\/wp-content\/uploads\/2023\/07\/IMG_9373.jpg 900w, https:\/\/amandus.se\/blogg\/wp-content\/uploads\/2023\/07\/IMG_9373-300x200.jpg 300w, https:\/\/amandus.se\/blogg\/wp-content\/uploads\/2023\/07\/IMG_9373-768x512.jpg 768w\" sizes=\"auto, (max-width: 900px) 100vw, 900px\" \/><\/figure>\n\n\n\n<p>Nu \u00e4r vi p\u00e5 norra \u00d6land. Vi hade hoppats f\u00e5 plats p\u00e5 st\u00e4llplatsen vid Byxelkrok men d\u00e4r var fullt. Ist\u00e4llet \u00e5kte vi till Sk\u00e4ftek\u00e4rr. D\u00e4r hade de j\u00e4ttegoda pizzor p\u00e5 caf\u00e9et och h\u00e4r kommer vi att \u00f6vernatta p\u00e5 parkeringen.<\/p>\n","protected":false},"excerpt":{"rendered":"<p>I dag \u00e4r det den 5 juli. De senaste dagarna har det verkligen varit v\u00e4xlande v\u00e4der. Det har varit f\u00f6r bl\u00e5sigt f\u00f6r att t\u00e4nda fj\u00e4rilslampan. Ist\u00e4llet har vi promenerat och letat dagfj\u00e4rilar. G\u00e5r tillbaka i tiden n\u00e5gra dagar f\u00f6r att visa vad vi gjort och sett. Den 3 juli bes\u00f6kte vi &#8221;Den hemliga tr\u00e4dg\u00e5rden&#8221;. Det &hellip; <a href=\"https:\/\/amandus.se\/blogg\/?p=3135\" class=\"more-link\">Forts\u00e4tt l\u00e4sa <span class=\"screen-reader-text\">Ibland sol ibland regn men alltid bl\u00e5st<\/span> <span class=\"meta-nav\">&rarr;<\/span><\/a><\/p>\n","protected":false},"author":1,"featured_media":0,"comment_status":"open","ping_status":"open","sticky":false,"template":"","format":"standard","meta":{"footnotes":""},"categories":[4,5,6],"tags":[],"class_list":["post-3135","post","type-post","status-publish","format-standard","hentry","category-ditt-och-datt","category-fjarilarbutterfly","category-sverigesweden"],"_links":{"self":[{"href":"https:\/\/amandus.se\/blogg\/index.php?rest_route=\/wp\/v2\/posts\/3135","targetHints":{"allow":["GET"]}}],"collection":[{"href":"https:\/\/amandus.se\/blogg\/index.php?rest_route=\/wp\/v2\/posts"}],"about":[{"href":"https:\/\/amandus.se\/blogg\/index.php?rest_route=\/wp\/v2\/types\/post"}],"author":[{"embeddable":true,"href":"https:\/\/amandus.se\/blogg\/index.php?rest_route=\/wp\/v2\/users\/1"}],"replies":[{"embeddable":true,"href":"https:\/\/amandus.se\/blogg\/index.php?rest_route=%2Fwp%2Fv2%2Fcomments&post=3135"}],"version-history":[{"count":4,"href":"https:\/\/amandus.se\/blogg\/index.php?rest_route=\/wp\/v2\/posts\/3135\/revisions"}],"predecessor-version":[{"id":3155,"href":"https:\/\/amandus.se\/blogg\/index.php?rest_route=\/wp\/v2\/posts\/3135\/revisions\/3155"}],"wp:attachment":[{"href":"https:\/\/amandus.se\/blogg\/index.php?rest_route=%2Fwp%2Fv2%2Fmedia&parent=3135"}],"wp:term":[{"taxonomy":"category","embeddable":true,"href":"https:\/\/amandus.se\/blogg\/index.php?rest_route=%2Fwp%2Fv2%2Fcategories&post=3135"},{"taxonomy":"post_tag","embeddable":true,"href":"https:\/\/amandus.se\/blogg\/index.php?rest_route=%2Fwp%2Fv2%2Ftags&post=3135"}],"curies":[{"name":"wp","href":"https:\/\/api.w.org\/{rel}","templated":true}]}}