{"id":3156,"date":"2023-07-09T20:14:51","date_gmt":"2023-07-09T18:14:51","guid":{"rendered":"https:\/\/amandus.se\/blogg\/?p=3156"},"modified":"2023-07-09T20:15:04","modified_gmt":"2023-07-09T18:15:04","slug":"nu-har-vi-hamnat-i-skane","status":"publish","type":"post","link":"https:\/\/amandus.se\/blogg\/?p=3156","title":{"rendered":"Nu har vi hamnat i Sk\u00e5ne"},"content":{"rendered":"\n<p>I g\u00e5r, 8 juli, l\u00e4mnade vi \u00d6land. Men innan vi l\u00e4mnade \u00d6land stannade vi f\u00f6rst en natt, 6\/7, i Lindreservatet vid Torp p\u00e5 norra \u00d6land. D\u00e4r fl\u00f6g inte mycket n\u00e4r vi t\u00e4nde lampan p\u00e5 kv\u00e4llen men vi fick bilder p\u00e5 <strong>P.aegeria (Kvickgr\u00e4sfj\u00e4ril)<\/strong> som redan fl\u00f6g i andra generation och<strong> Z.lonicerae (Bredbr\u00e4mad bastardsv\u00e4rmare)<\/strong>.<\/p>\n\n\n\n<figure class=\"wp-block-gallery has-nested-images columns-default is-cropped wp-block-gallery-1 is-layout-flex wp-block-gallery-is-layout-flex\">\n<figure class=\"wp-block-image size-large\"><img loading=\"lazy\" decoding=\"async\" width=\"900\" height=\"600\" data-id=\"3157\" src=\"https:\/\/amandus.se\/blogg\/wp-content\/uploads\/2023\/07\/IMG_9411.jpg\" alt=\"\" class=\"wp-image-3157\" srcset=\"https:\/\/amandus.se\/blogg\/wp-content\/uploads\/2023\/07\/IMG_9411.jpg 900w, https:\/\/amandus.se\/blogg\/wp-content\/uploads\/2023\/07\/IMG_9411-300x200.jpg 300w, https:\/\/amandus.se\/blogg\/wp-content\/uploads\/2023\/07\/IMG_9411-768x512.jpg 768w\" sizes=\"auto, (max-width: 900px) 100vw, 900px\" \/><figcaption class=\"wp-element-caption\"><strong> Z.lonicerae (Bredbr\u00e4mad bastardsv\u00e4rmare)<\/strong>.<\/figcaption><\/figure>\n\n\n\n<figure class=\"wp-block-image size-large\"><img loading=\"lazy\" decoding=\"async\" width=\"900\" height=\"600\" data-id=\"3158\" src=\"https:\/\/amandus.se\/blogg\/wp-content\/uploads\/2023\/07\/IMG_9412.jpg\" alt=\"\" class=\"wp-image-3158\" srcset=\"https:\/\/amandus.se\/blogg\/wp-content\/uploads\/2023\/07\/IMG_9412.jpg 900w, https:\/\/amandus.se\/blogg\/wp-content\/uploads\/2023\/07\/IMG_9412-300x200.jpg 300w, https:\/\/amandus.se\/blogg\/wp-content\/uploads\/2023\/07\/IMG_9412-768x512.jpg 768w\" sizes=\"auto, (max-width: 900px) 100vw, 900px\" \/><figcaption class=\"wp-element-caption\"> <strong>P.aegeria (Kvickgr\u00e4sfj\u00e4ril)<\/strong> <\/figcaption><\/figure>\n<\/figure>\n\n\n\n<p>Vi passade p\u00e5 att ge elverket lite ny olja. Allt beh\u00f6ver lite omtanke.<\/p>\n\n\n\n<figure class=\"wp-block-image size-full is-resized\"><img loading=\"lazy\" decoding=\"async\" src=\"https:\/\/amandus.se\/blogg\/wp-content\/uploads\/2023\/07\/IMG_5021-rotated.jpg\" alt=\"\" class=\"wp-image-3159\" width=\"344\" height=\"459\" srcset=\"https:\/\/amandus.se\/blogg\/wp-content\/uploads\/2023\/07\/IMG_5021-rotated.jpg 480w, https:\/\/amandus.se\/blogg\/wp-content\/uploads\/2023\/07\/IMG_5021-225x300.jpg 225w\" sizes=\"auto, (max-width: 344px) 100vw, 344px\" \/><\/figure>\n\n\n\n<p>Anders hittar alltid n\u00e5got att fota n\u00e4r vi tar en promenad.<\/p>\n\n\n\n<figure class=\"wp-block-image size-full\"><img loading=\"lazy\" decoding=\"async\" width=\"480\" height=\"543\" src=\"https:\/\/amandus.se\/blogg\/wp-content\/uploads\/2023\/07\/IMG_5019a.jpg\" alt=\"\" class=\"wp-image-3160\" srcset=\"https:\/\/amandus.se\/blogg\/wp-content\/uploads\/2023\/07\/IMG_5019a.jpg 480w, https:\/\/amandus.se\/blogg\/wp-content\/uploads\/2023\/07\/IMG_5019a-265x300.jpg 265w\" sizes=\"auto, (max-width: 480px) 100vw, 480px\" \/><figcaption class=\"wp-element-caption\">Det g\u00e4ller att komma riktigt n\u00e4ra<\/figcaption><\/figure>\n\n\n\n<p>Den 7 juli \u00e5kte vi s\u00f6derut p\u00e5 \u00d6land. Vi trivs mycket b\u00e4ttre i mellersta och s\u00f6dra \u00d6land \u00e4n norr\u00f6ver. Jag vet inte varf\u00f6r men allt \u00e4r lugnare och trevligare s\u00f6derut p\u00e5 \u00d6land. Vi stannade en natt vid Kalkstad d\u00e4r fj\u00e4rilslampan fick lysa. <\/p>\n\n\n\n<figure class=\"wp-block-image size-full\"><img loading=\"lazy\" decoding=\"async\" width=\"480\" height=\"640\" src=\"https:\/\/amandus.se\/blogg\/wp-content\/uploads\/2023\/07\/IMG_5028a.jpg\" alt=\"\" class=\"wp-image-3161\" srcset=\"https:\/\/amandus.se\/blogg\/wp-content\/uploads\/2023\/07\/IMG_5028a.jpg 480w, https:\/\/amandus.se\/blogg\/wp-content\/uploads\/2023\/07\/IMG_5028a-225x300.jpg 225w\" sizes=\"auto, (max-width: 480px) 100vw, 480px\" \/><figcaption class=\"wp-element-caption\">Lampan \u00e4r t\u00e4nd vid Kalkstad.<\/figcaption><\/figure>\n\n\n\n<p>Det var ett mycket bra lys d\u00e4r bl.a. gamla bekanta som<strong> C.luteago (Nejlikrotfly)<\/strong> och <strong>E.virgo (Rosa jungfrufly)<\/strong> d\u00f6k upp.<\/p>\n\n\n\n<p>Ig\u00e5r, 8 juli, \u00e5kte vi vidare mor Sk\u00e5ne. Vi stannade en natt i \u00c5hus. Vi hade inte t\u00e4nkt att t\u00e4nda lampan eftersom vi redan lyst tv\u00e5 n\u00e4tter. S\u00e5 h\u00e4r \u00e5rs n\u00e4r det m\u00f6rknar sent s\u00e5 kommer vi inte i s\u00e4ng f\u00f6rr\u00e4n vid 3-tiden n\u00e4r vi lyser. \u00c4ven vi beh\u00f6ver lite s\u00f6mn ibland :) Men eftersom det var stilla och varmt s\u00e5 t\u00e4nde vi lampan. Resultatet blev en ny art f\u00f6r Anders, <strong>H.compta (Vitbandat nejlikfly<\/strong>). Dessutom d\u00f6k \u00e4ven dess n\u00e4ra sl\u00e4kting <strong>H.confusa (Vackert nejlikfly) <\/strong>upp.<\/p>\n\n\n\n<figure class=\"wp-block-gallery has-nested-images columns-default is-cropped wp-block-gallery-2 is-layout-flex wp-block-gallery-is-layout-flex\">\n<figure class=\"wp-block-image size-large\"><img loading=\"lazy\" decoding=\"async\" width=\"683\" height=\"1024\" data-id=\"3163\" src=\"https:\/\/amandus.se\/blogg\/wp-content\/uploads\/2023\/07\/IMG_9422-683x1024.jpg\" alt=\"\" class=\"wp-image-3163\" srcset=\"https:\/\/amandus.se\/blogg\/wp-content\/uploads\/2023\/07\/IMG_9422-683x1024.jpg 683w, https:\/\/amandus.se\/blogg\/wp-content\/uploads\/2023\/07\/IMG_9422-200x300.jpg 200w, https:\/\/amandus.se\/blogg\/wp-content\/uploads\/2023\/07\/IMG_9422-768x1152.jpg 768w, https:\/\/amandus.se\/blogg\/wp-content\/uploads\/2023\/07\/IMG_9422.jpg 900w\" sizes=\"auto, (max-width: 683px) 100vw, 683px\" \/><figcaption class=\"wp-element-caption\"><strong>H.confusa (Vackert nejlikfly) <\/strong><\/figcaption><\/figure>\n\n\n\n<figure class=\"wp-block-image size-large\"><img loading=\"lazy\" decoding=\"async\" width=\"683\" height=\"1024\" data-id=\"3162\" src=\"https:\/\/amandus.se\/blogg\/wp-content\/uploads\/2023\/07\/IMG_9425-683x1024.jpg\" alt=\"\" class=\"wp-image-3162\" srcset=\"https:\/\/amandus.se\/blogg\/wp-content\/uploads\/2023\/07\/IMG_9425-683x1024.jpg 683w, https:\/\/amandus.se\/blogg\/wp-content\/uploads\/2023\/07\/IMG_9425-200x300.jpg 200w, https:\/\/amandus.se\/blogg\/wp-content\/uploads\/2023\/07\/IMG_9425-768x1152.jpg 768w, https:\/\/amandus.se\/blogg\/wp-content\/uploads\/2023\/07\/IMG_9425.jpg 900w\" sizes=\"auto, (max-width: 683px) 100vw, 683px\" \/><figcaption class=\"wp-element-caption\"> <strong>H.compta (Vitbandat nejlikfly<\/strong>)<\/figcaption><\/figure>\n<\/figure>\n\n\n\n<p>Vi stannade till vid Baskem\u00f6lla f\u00f6r att testa ytterligare ett feromon. Denna g\u00e5ngen f\u00f6r <strong>S.myopaeformis (\u00c4ppleglasvinge) <\/strong>. Inom fem minuter kom det ett tiotal exemplar. \u00c4nnu en ny art f\u00f6r Anders.<\/p>\n\n\n\n<p>V\u00e5ra Timonlarver v\u00e4xer och frodas.<\/p>\n\n\n\n<figure class=\"wp-block-image size-full\"><img loading=\"lazy\" decoding=\"async\" width=\"900\" height=\"600\" src=\"https:\/\/amandus.se\/blogg\/wp-content\/uploads\/2023\/07\/IMG_9383.jpg\" alt=\"\" class=\"wp-image-3164\" srcset=\"https:\/\/amandus.se\/blogg\/wp-content\/uploads\/2023\/07\/IMG_9383.jpg 900w, https:\/\/amandus.se\/blogg\/wp-content\/uploads\/2023\/07\/IMG_9383-300x200.jpg 300w, https:\/\/amandus.se\/blogg\/wp-content\/uploads\/2023\/07\/IMG_9383-768x512.jpg 768w\" sizes=\"auto, (max-width: 900px) 100vw, 900px\" \/><\/figure>\n\n\n\n<p>Nu har vi slagit l\u00e4ger i K\u00e5seberga och ska<strong> inte<\/strong> lysa ikv\u00e4ll.<\/p>\n","protected":false},"excerpt":{"rendered":"<p>I g\u00e5r, 8 juli, l\u00e4mnade vi \u00d6land. Men innan vi l\u00e4mnade \u00d6land stannade vi f\u00f6rst en natt, 6\/7, i Lindreservatet vid Torp p\u00e5 norra \u00d6land. D\u00e4r fl\u00f6g inte mycket n\u00e4r vi t\u00e4nde lampan p\u00e5 kv\u00e4llen men vi fick bilder p\u00e5 P.aegeria (Kvickgr\u00e4sfj\u00e4ril) som redan fl\u00f6g i andra generation och Z.lonicerae (Bredbr\u00e4mad bastardsv\u00e4rmare). Vi passade p\u00e5 &hellip; <a href=\"https:\/\/amandus.se\/blogg\/?p=3156\" class=\"more-link\">Forts\u00e4tt l\u00e4sa <span class=\"screen-reader-text\">Nu har vi hamnat i Sk\u00e5ne<\/span> <span class=\"meta-nav\">&rarr;<\/span><\/a><\/p>\n","protected":false},"author":1,"featured_media":0,"comment_status":"open","ping_status":"open","sticky":false,"template":"","format":"standard","meta":{"footnotes":""},"categories":[4,5,6],"tags":[],"class_list":["post-3156","post","type-post","status-publish","format-standard","hentry","category-ditt-och-datt","category-fjarilarbutterfly","category-sverigesweden"],"_links":{"self":[{"href":"https:\/\/amandus.se\/blogg\/index.php?rest_route=\/wp\/v2\/posts\/3156","targetHints":{"allow":["GET"]}}],"collection":[{"href":"https:\/\/amandus.se\/blogg\/index.php?rest_route=\/wp\/v2\/posts"}],"about":[{"href":"https:\/\/amandus.se\/blogg\/index.php?rest_route=\/wp\/v2\/types\/post"}],"author":[{"embeddable":true,"href":"https:\/\/amandus.se\/blogg\/index.php?rest_route=\/wp\/v2\/users\/1"}],"replies":[{"embeddable":true,"href":"https:\/\/amandus.se\/blogg\/index.php?rest_route=%2Fwp%2Fv2%2Fcomments&post=3156"}],"version-history":[{"count":1,"href":"https:\/\/amandus.se\/blogg\/index.php?rest_route=\/wp\/v2\/posts\/3156\/revisions"}],"predecessor-version":[{"id":3165,"href":"https:\/\/amandus.se\/blogg\/index.php?rest_route=\/wp\/v2\/posts\/3156\/revisions\/3165"}],"wp:attachment":[{"href":"https:\/\/amandus.se\/blogg\/index.php?rest_route=%2Fwp%2Fv2%2Fmedia&parent=3156"}],"wp:term":[{"taxonomy":"category","embeddable":true,"href":"https:\/\/amandus.se\/blogg\/index.php?rest_route=%2Fwp%2Fv2%2Fcategories&post=3156"},{"taxonomy":"post_tag","embeddable":true,"href":"https:\/\/amandus.se\/blogg\/index.php?rest_route=%2Fwp%2Fv2%2Ftags&post=3156"}],"curies":[{"name":"wp","href":"https:\/\/api.w.org\/{rel}","templated":true}]}}