{"id":3166,"date":"2023-07-11T21:03:24","date_gmt":"2023-07-11T19:03:24","guid":{"rendered":"https:\/\/amandus.se\/blogg\/?p=3166"},"modified":"2023-07-11T21:09:34","modified_gmt":"2023-07-11T19:09:34","slug":"vi-har-tur-med-bade-vader-och-fjarilar","status":"publish","type":"post","link":"https:\/\/amandus.se\/blogg\/?p=3166","title":{"rendered":"Vi har tur med b\u00e5de v\u00e4der och fj\u00e4rilar"},"content":{"rendered":"\n<p>Det var sk\u00f6nt att ha en slappardag i K\u00e5seberga. Det finns olika s\u00e4tt att bo p\u00e5 st\u00e4llplatsen. <\/p>\n\n\n\n<figure class=\"wp-block-image size-full\"><img loading=\"lazy\" decoding=\"async\" width=\"567\" height=\"238\" src=\"https:\/\/amandus.se\/blogg\/wp-content\/uploads\/2023\/07\/IMG_5029a.jpg\" alt=\"\" class=\"wp-image-3168\" srcset=\"https:\/\/amandus.se\/blogg\/wp-content\/uploads\/2023\/07\/IMG_5029a.jpg 567w, https:\/\/amandus.se\/blogg\/wp-content\/uploads\/2023\/07\/IMG_5029a-300x126.jpg 300w\" sizes=\"auto, (max-width: 567px) 100vw, 567px\" \/><figcaption class=\"wp-element-caption\">En del har ett litet t\u00e4lt och g\u00f6r det mysigt omkring sig. Andra har riktigt stora husbilar<\/figcaption><\/figure>\n\n\n\n<p>I g\u00e5r, 10 juli, tillbringade vi dagen vid L\u00f6derups strandbad. P\u00e5 kv\u00e4llen \u00e5kte vi till Hagestad f\u00f6r att t\u00e4nda lampan. Turen var med oss! Det kom flera exemplar av <strong>A.strigosa (Strecktecknat aftonfly) <\/strong>som Anders konstigt nog inte hade f\u00e5tt tidigare. Dessutom kom flera andra fina arter. <\/p>\n\n\n\n<p>I dag, 11 juli, drog vi vidare v\u00e4sterut och stannade till vid Lemmestr\u00f6. D\u00e4r testade vi ett nytt feromon,  <strong>S.bembeciformis (B\u00e5lgetinglik glasvinge)<\/strong> &#8211; &#8221;Kungen bland glasvingar&#8221;. Inom fem minuter hade tv\u00e5 exemplar dykt upp. Det \u00e4r n\u00e4stan l\u00e4skigt n\u00e4r de kommer flygande &#8211; de ser precis ut som  b\u00e5lgetingar.<\/p>\n\n\n\n<figure class=\"wp-block-image size-large\"><img loading=\"lazy\" decoding=\"async\" width=\"683\" height=\"1024\" src=\"https:\/\/amandus.se\/blogg\/wp-content\/uploads\/2023\/07\/IMG_9453-683x1024.jpg\" alt=\"\" class=\"wp-image-3167\" srcset=\"https:\/\/amandus.se\/blogg\/wp-content\/uploads\/2023\/07\/IMG_9453-683x1024.jpg 683w, https:\/\/amandus.se\/blogg\/wp-content\/uploads\/2023\/07\/IMG_9453-200x300.jpg 200w, https:\/\/amandus.se\/blogg\/wp-content\/uploads\/2023\/07\/IMG_9453-768x1152.jpg 768w, https:\/\/amandus.se\/blogg\/wp-content\/uploads\/2023\/07\/IMG_9453-1024x1536.jpg 1024w, https:\/\/amandus.se\/blogg\/wp-content\/uploads\/2023\/07\/IMG_9453.jpg 1200w\" sizes=\"auto, (max-width: 683px) 100vw, 683px\" \/><figcaption class=\"wp-element-caption\"> <strong>S.bembeciformis (B\u00e5lgetinglik glasvinge). <\/strong><\/figcaption><\/figure>\n\n\n\n<p>Nu \u00e4r vi i B\u00f6keberg och ska testa att lysa i en bokskog h\u00e4r.<\/p>\n","protected":false},"excerpt":{"rendered":"<p>Det var sk\u00f6nt att ha en slappardag i K\u00e5seberga. Det finns olika s\u00e4tt att bo p\u00e5 st\u00e4llplatsen. I g\u00e5r, 10 juli, tillbringade vi dagen vid L\u00f6derups strandbad. P\u00e5 kv\u00e4llen \u00e5kte vi till Hagestad f\u00f6r att t\u00e4nda lampan. Turen var med oss! Det kom flera exemplar av A.strigosa (Strecktecknat aftonfly) som Anders konstigt nog inte hade &hellip; <a href=\"https:\/\/amandus.se\/blogg\/?p=3166\" class=\"more-link\">Forts\u00e4tt l\u00e4sa <span class=\"screen-reader-text\">Vi har tur med b\u00e5de v\u00e4der och fj\u00e4rilar<\/span> <span class=\"meta-nav\">&rarr;<\/span><\/a><\/p>\n","protected":false},"author":1,"featured_media":0,"comment_status":"open","ping_status":"open","sticky":false,"template":"","format":"standard","meta":{"footnotes":""},"categories":[4,5,6],"tags":[],"class_list":["post-3166","post","type-post","status-publish","format-standard","hentry","category-ditt-och-datt","category-fjarilarbutterfly","category-sverigesweden"],"_links":{"self":[{"href":"https:\/\/amandus.se\/blogg\/index.php?rest_route=\/wp\/v2\/posts\/3166","targetHints":{"allow":["GET"]}}],"collection":[{"href":"https:\/\/amandus.se\/blogg\/index.php?rest_route=\/wp\/v2\/posts"}],"about":[{"href":"https:\/\/amandus.se\/blogg\/index.php?rest_route=\/wp\/v2\/types\/post"}],"author":[{"embeddable":true,"href":"https:\/\/amandus.se\/blogg\/index.php?rest_route=\/wp\/v2\/users\/1"}],"replies":[{"embeddable":true,"href":"https:\/\/amandus.se\/blogg\/index.php?rest_route=%2Fwp%2Fv2%2Fcomments&post=3166"}],"version-history":[{"count":6,"href":"https:\/\/amandus.se\/blogg\/index.php?rest_route=\/wp\/v2\/posts\/3166\/revisions"}],"predecessor-version":[{"id":3175,"href":"https:\/\/amandus.se\/blogg\/index.php?rest_route=\/wp\/v2\/posts\/3166\/revisions\/3175"}],"wp:attachment":[{"href":"https:\/\/amandus.se\/blogg\/index.php?rest_route=%2Fwp%2Fv2%2Fmedia&parent=3166"}],"wp:term":[{"taxonomy":"category","embeddable":true,"href":"https:\/\/amandus.se\/blogg\/index.php?rest_route=%2Fwp%2Fv2%2Fcategories&post=3166"},{"taxonomy":"post_tag","embeddable":true,"href":"https:\/\/amandus.se\/blogg\/index.php?rest_route=%2Fwp%2Fv2%2Ftags&post=3166"}],"curies":[{"name":"wp","href":"https:\/\/api.w.org\/{rel}","templated":true}]}}