{"id":3176,"date":"2023-07-13T22:44:28","date_gmt":"2023-07-13T20:44:28","guid":{"rendered":"https:\/\/amandus.se\/blogg\/?p=3176"},"modified":"2023-07-13T23:10:28","modified_gmt":"2023-07-13T21:10:28","slug":"spannande-lyskvallar","status":"publish","type":"post","link":"https:\/\/amandus.se\/blogg\/?p=3176","title":{"rendered":"Sp\u00e4nnande lyskv\u00e4llar"},"content":{"rendered":"\n<p>Den 11 juli n\u00e4r vi t\u00e4nde lampan i B\u00f6keberg visste vi inte riktigt vad som skulle komma. Runt oss var vuxen skog med ett flertal tr\u00e4dslag: s\u00e4lg, asp, tyskl\u00f6nn, l\u00e4rk, tall men framf\u00f6r allt bok. Men vilken kv\u00e4ll det blev! En av de b\u00e4sta lyskv\u00e4llarna i \u00e5r med flera udda arter, dessutom n\u00e5gra nya f\u00f6r Anders. H\u00e4r fl\u00f6g bl.a. <strong>H.asella (Liten snigelspinnare), O.versicolor (Brokigt \u00e4ngsfly) <\/strong>och ett stort antal  <strong>C.sylvata (Almfl\u00e4ckm\u00e4tare)<\/strong>.<\/p>\n\n\n\n<figure class=\"wp-block-image size-full\"><img loading=\"lazy\" decoding=\"async\" width=\"900\" height=\"600\" src=\"https:\/\/amandus.se\/blogg\/wp-content\/uploads\/2023\/07\/IMG_9457.jpg\" alt=\"\" class=\"wp-image-3177\" srcset=\"https:\/\/amandus.se\/blogg\/wp-content\/uploads\/2023\/07\/IMG_9457.jpg 900w, https:\/\/amandus.se\/blogg\/wp-content\/uploads\/2023\/07\/IMG_9457-300x200.jpg 300w, https:\/\/amandus.se\/blogg\/wp-content\/uploads\/2023\/07\/IMG_9457-768x512.jpg 768w\" sizes=\"auto, (max-width: 900px) 100vw, 900px\" \/><figcaption class=\"wp-element-caption\"><strong>C.sylvata (Almfl\u00e4ckm\u00e4tare)<\/strong>.<\/figcaption><\/figure>\n\n\n\n<figure class=\"wp-block-image size-full\"><img loading=\"lazy\" decoding=\"async\" width=\"480\" height=\"640\" src=\"https:\/\/amandus.se\/blogg\/wp-content\/uploads\/2023\/07\/IMG_5038-rotated.jpg\" alt=\"\" class=\"wp-image-3178\" srcset=\"https:\/\/amandus.se\/blogg\/wp-content\/uploads\/2023\/07\/IMG_5038-rotated.jpg 480w, https:\/\/amandus.se\/blogg\/wp-content\/uploads\/2023\/07\/IMG_5038-225x300.jpg 225w\" sizes=\"auto, (max-width: 480px) 100vw, 480px\" \/><figcaption class=\"wp-element-caption\">Anders njuter av alla sp\u00e4nnande inflyg<\/figcaption><\/figure>\n\n\n\n<p>N\u00e4sta morgon, 12\/7, vaknade vi av \u00e5ska och regn.  Det fick bli frukost p\u00e5 Cirkel K och bes\u00f6k p\u00e5 ett r\u00f6rigt loppis. Fram p\u00e5 eftermiddagen \u00e5kte vi till Klagshamns udde trots os\u00e4kert v\u00e4der. N\u00e4r det b\u00f6rjade m\u00f6rkna \u00e5kte vi till reningsverket &#8211; en k\u00e4nd fj\u00e4rilslokal p\u00e5 Klagshamns udde. T.o.m. Securitasvakten visste att det brukar vara fj\u00e4rilsfolk d\u00e4r. D\u00e4r tr\u00e4ffade vi p\u00e5 tre andra samlare som fick komma med p\u00e5 min samlarlista. Regn p\u00e5 eftermiddagen och tilltagande vind bidrog till att h\u00e5lla antalet fj\u00e4rilar nere.<\/p>\n\n\n\n<figure class=\"wp-block-gallery has-nested-images columns-default is-cropped wp-block-gallery-1 is-layout-flex wp-block-gallery-is-layout-flex\">\n<figure class=\"wp-block-image size-large\"><img loading=\"lazy\" decoding=\"async\" width=\"640\" height=\"480\" data-id=\"3180\" src=\"https:\/\/amandus.se\/blogg\/wp-content\/uploads\/2023\/07\/IMG_5040a.jpg\" alt=\"\" class=\"wp-image-3180\" srcset=\"https:\/\/amandus.se\/blogg\/wp-content\/uploads\/2023\/07\/IMG_5040a.jpg 640w, https:\/\/amandus.se\/blogg\/wp-content\/uploads\/2023\/07\/IMG_5040a-300x225.jpg 300w\" sizes=\"auto, (max-width: 640px) 100vw, 640px\" \/><figcaption class=\"wp-element-caption\">Vy fr\u00e5n udden \u00f6ver alla vindsnurror<\/figcaption><\/figure>\n\n\n\n<figure class=\"wp-block-image size-large\"><img loading=\"lazy\" decoding=\"async\" width=\"480\" height=\"423\" data-id=\"3179\" src=\"https:\/\/amandus.se\/blogg\/wp-content\/uploads\/2023\/07\/IMG_5044a.jpg\" alt=\"\" class=\"wp-image-3179\" srcset=\"https:\/\/amandus.se\/blogg\/wp-content\/uploads\/2023\/07\/IMG_5044a.jpg 480w, https:\/\/amandus.se\/blogg\/wp-content\/uploads\/2023\/07\/IMG_5044a-300x264.jpg 300w\" sizes=\"auto, (max-width: 480px) 100vw, 480px\" \/><figcaption class=\"wp-element-caption\">Badet vid  Klagshamn med \u00d6resundsbron i bakgrunden<\/figcaption><\/figure>\n\n\n\n<figure class=\"wp-block-image size-large\"><img loading=\"lazy\" decoding=\"async\" width=\"480\" height=\"640\" data-id=\"3181\" src=\"https:\/\/amandus.se\/blogg\/wp-content\/uploads\/2023\/07\/IMG_5045-rotated.jpg\" alt=\"\" class=\"wp-image-3181\" srcset=\"https:\/\/amandus.se\/blogg\/wp-content\/uploads\/2023\/07\/IMG_5045-rotated.jpg 480w, https:\/\/amandus.se\/blogg\/wp-content\/uploads\/2023\/07\/IMG_5045-225x300.jpg 225w\" sizes=\"auto, (max-width: 480px) 100vw, 480px\" \/><figcaption class=\"wp-element-caption\">Det regnar p\u00e5 tv\u00e4ren<\/figcaption><\/figure>\n<\/figure>\n\n\n\n<p>I dag b\u00f6rjade vi dra oss hem\u00e5t. Ostadigt v\u00e4der med regn och sol. Vi gjorde en avstickare till J\u00e4ravallen med hopp om att f\u00e5 se<strong> L.camilla (Tryfj\u00e4ril)<\/strong>. Det \u00e4r enda platsen i Sverige d\u00e4r den kan ses. Vilken tur vi hade! Regnet slutade, det blev en halvtimmas sol och fr\u00e4scha Tryfj\u00e4rilar b\u00f6rjade flyga omkring i de bl\u00f6ta bj\u00f6rnb\u00e4rsbuskarna. Anders fotade f\u00f6r glatta livet. Det blev s\u00e4kert 50 &#8211; 60 fina bilder. Jag fotade med mobilkameran. Nedan ser ni resultatet.<\/p>\n\n\n\n<figure class=\"wp-block-gallery has-nested-images columns-default is-cropped wp-block-gallery-2 is-layout-flex wp-block-gallery-is-layout-flex\">\n<figure class=\"wp-block-image size-large\"><img loading=\"lazy\" decoding=\"async\" width=\"480\" height=\"481\" data-id=\"3188\" src=\"https:\/\/amandus.se\/blogg\/wp-content\/uploads\/2023\/07\/IMG_5051-1.jpg\" alt=\"\" class=\"wp-image-3188\" srcset=\"https:\/\/amandus.se\/blogg\/wp-content\/uploads\/2023\/07\/IMG_5051-1.jpg 480w, https:\/\/amandus.se\/blogg\/wp-content\/uploads\/2023\/07\/IMG_5051-1-300x300.jpg 300w, https:\/\/amandus.se\/blogg\/wp-content\/uploads\/2023\/07\/IMG_5051-1-250x250.jpg 250w\" sizes=\"auto, (max-width: 480px) 100vw, 480px\" \/><\/figure>\n\n\n\n<figure class=\"wp-block-image size-large\"><img loading=\"lazy\" decoding=\"async\" width=\"900\" height=\"600\" data-id=\"3187\" src=\"https:\/\/amandus.se\/blogg\/wp-content\/uploads\/2023\/07\/IMG_9501-2.jpg\" alt=\"\" class=\"wp-image-3187\" srcset=\"https:\/\/amandus.se\/blogg\/wp-content\/uploads\/2023\/07\/IMG_9501-2.jpg 900w, https:\/\/amandus.se\/blogg\/wp-content\/uploads\/2023\/07\/IMG_9501-2-300x200.jpg 300w, https:\/\/amandus.se\/blogg\/wp-content\/uploads\/2023\/07\/IMG_9501-2-768x512.jpg 768w\" sizes=\"auto, (max-width: 900px) 100vw, 900px\" \/><\/figure>\n<\/figure>\n\n\n\n<figure class=\"wp-block-gallery has-nested-images columns-default is-cropped wp-block-gallery-3 is-layout-flex wp-block-gallery-is-layout-flex\">\n<figure class=\"wp-block-image size-large\"><img loading=\"lazy\" decoding=\"async\" width=\"683\" height=\"1024\" data-id=\"3194\" src=\"https:\/\/amandus.se\/blogg\/wp-content\/uploads\/2023\/07\/1-1-683x1024.jpg\" alt=\"\" class=\"wp-image-3194\" srcset=\"https:\/\/amandus.se\/blogg\/wp-content\/uploads\/2023\/07\/1-1-683x1024.jpg 683w, https:\/\/amandus.se\/blogg\/wp-content\/uploads\/2023\/07\/1-1-200x300.jpg 200w, https:\/\/amandus.se\/blogg\/wp-content\/uploads\/2023\/07\/1-1-768x1152.jpg 768w, https:\/\/amandus.se\/blogg\/wp-content\/uploads\/2023\/07\/1-1.jpg 900w\" sizes=\"auto, (max-width: 683px) 100vw, 683px\" \/><\/figure>\n\n\n\n<figure class=\"wp-block-image size-large\"><img loading=\"lazy\" decoding=\"async\" width=\"480\" height=\"640\" data-id=\"3193\" src=\"https:\/\/amandus.se\/blogg\/wp-content\/uploads\/2023\/07\/3.jpg\" alt=\"\" class=\"wp-image-3193\" srcset=\"https:\/\/amandus.se\/blogg\/wp-content\/uploads\/2023\/07\/3.jpg 480w, https:\/\/amandus.se\/blogg\/wp-content\/uploads\/2023\/07\/3-225x300.jpg 225w\" sizes=\"auto, (max-width: 480px) 100vw, 480px\" \/><\/figure>\n<\/figure>\n\n\n\n<p>Visst blir det b\u00e4ttre sk\u00e4rpa p\u00e5 Anders bild men helt klart godk\u00e4nt med mobilkamera. <\/p>\n\n\n\n<figure class=\"wp-block-image size-large\"><img loading=\"lazy\" decoding=\"async\" width=\"1024\" height=\"683\" src=\"https:\/\/amandus.se\/blogg\/wp-content\/uploads\/2023\/07\/IMG_9526-1024x683.jpg\" alt=\"\" class=\"wp-image-3195\" srcset=\"https:\/\/amandus.se\/blogg\/wp-content\/uploads\/2023\/07\/IMG_9526-1024x683.jpg 1024w, https:\/\/amandus.se\/blogg\/wp-content\/uploads\/2023\/07\/IMG_9526-300x200.jpg 300w, https:\/\/amandus.se\/blogg\/wp-content\/uploads\/2023\/07\/IMG_9526-768x512.jpg 768w, https:\/\/amandus.se\/blogg\/wp-content\/uploads\/2023\/07\/IMG_9526.jpg 1200w\" sizes=\"auto, (max-width: 1024px) 100vw, 1024px\" \/><figcaption class=\"wp-element-caption\"><strong>Undersida av Tryfj\u00e4ril<\/strong><\/figcaption><\/figure>\n\n\n\n<p>Efter den lyckade fotosessionen k\u00f6rde vi ca. 30 mil till Stenstorp och firade med en pizza. Nu \u00e4r vi vid Trandansen och imorgon styr vi hem. Det har varit en mycket bra och rolig resa.<\/p>\n","protected":false},"excerpt":{"rendered":"<p>Den 11 juli n\u00e4r vi t\u00e4nde lampan i B\u00f6keberg visste vi inte riktigt vad som skulle komma. Runt oss var vuxen skog med ett flertal tr\u00e4dslag: s\u00e4lg, asp, tyskl\u00f6nn, l\u00e4rk, tall men framf\u00f6r allt bok. Men vilken kv\u00e4ll det blev! En av de b\u00e4sta lyskv\u00e4llarna i \u00e5r med flera udda arter, dessutom n\u00e5gra nya f\u00f6r &hellip; <a href=\"https:\/\/amandus.se\/blogg\/?p=3176\" class=\"more-link\">Forts\u00e4tt l\u00e4sa <span class=\"screen-reader-text\">Sp\u00e4nnande lyskv\u00e4llar<\/span> <span class=\"meta-nav\">&rarr;<\/span><\/a><\/p>\n","protected":false},"author":1,"featured_media":0,"comment_status":"open","ping_status":"open","sticky":false,"template":"","format":"standard","meta":{"footnotes":""},"categories":[4,5,6],"tags":[],"class_list":["post-3176","post","type-post","status-publish","format-standard","hentry","category-ditt-och-datt","category-fjarilarbutterfly","category-sverigesweden"],"_links":{"self":[{"href":"https:\/\/amandus.se\/blogg\/index.php?rest_route=\/wp\/v2\/posts\/3176","targetHints":{"allow":["GET"]}}],"collection":[{"href":"https:\/\/amandus.se\/blogg\/index.php?rest_route=\/wp\/v2\/posts"}],"about":[{"href":"https:\/\/amandus.se\/blogg\/index.php?rest_route=\/wp\/v2\/types\/post"}],"author":[{"embeddable":true,"href":"https:\/\/amandus.se\/blogg\/index.php?rest_route=\/wp\/v2\/users\/1"}],"replies":[{"embeddable":true,"href":"https:\/\/amandus.se\/blogg\/index.php?rest_route=%2Fwp%2Fv2%2Fcomments&post=3176"}],"version-history":[{"count":4,"href":"https:\/\/amandus.se\/blogg\/index.php?rest_route=\/wp\/v2\/posts\/3176\/revisions"}],"predecessor-version":[{"id":3199,"href":"https:\/\/amandus.se\/blogg\/index.php?rest_route=\/wp\/v2\/posts\/3176\/revisions\/3199"}],"wp:attachment":[{"href":"https:\/\/amandus.se\/blogg\/index.php?rest_route=%2Fwp%2Fv2%2Fmedia&parent=3176"}],"wp:term":[{"taxonomy":"category","embeddable":true,"href":"https:\/\/amandus.se\/blogg\/index.php?rest_route=%2Fwp%2Fv2%2Fcategories&post=3176"},{"taxonomy":"post_tag","embeddable":true,"href":"https:\/\/amandus.se\/blogg\/index.php?rest_route=%2Fwp%2Fv2%2Ftags&post=3176"}],"curies":[{"name":"wp","href":"https:\/\/api.w.org\/{rel}","templated":true}]}}