{"id":3204,"date":"2023-08-06T16:56:02","date_gmt":"2023-08-06T14:56:02","guid":{"rendered":"https:\/\/amandus.se\/blogg\/?p=3204"},"modified":"2023-08-06T17:32:31","modified_gmt":"2023-08-06T15:32:31","slug":"grytsjons-naturomrade-fick-sitt-tredje-besok-av-oss-i-ar","status":"publish","type":"post","link":"https:\/\/amandus.se\/blogg\/?p=3204","title":{"rendered":"Grytsj\u00f6ns naturomr\u00e5de fick sitt tredje bes\u00f6k av oss i \u00e5r."},"content":{"rendered":"\n<p>I g\u00e5r, 5\/8, vaknade vi vid Hornborgasj\u00f6n. Man kan ha s\u00e4mre utsikt fr\u00e5n sitt sovrum.<\/p>\n\n\n\n<figure class=\"wp-block-image size-full\"><img loading=\"lazy\" decoding=\"async\" width=\"640\" height=\"480\" src=\"https:\/\/amandus.se\/blogg\/wp-content\/uploads\/2023\/08\/IMG_5122.jpg\" alt=\"\" class=\"wp-image-3205\" srcset=\"https:\/\/amandus.se\/blogg\/wp-content\/uploads\/2023\/08\/IMG_5122.jpg 640w, https:\/\/amandus.se\/blogg\/wp-content\/uploads\/2023\/08\/IMG_5122-300x225.jpg 300w\" sizes=\"auto, (max-width: 640px) 100vw, 640px\" \/><\/figure>\n\n\n\n<p>V\u00e4dret s\u00e5g lovande ut s\u00e5 vi k\u00f6rde till Grytsj\u00f6n i Sm\u00e5land. Grytsj\u00f6ns naturreservat \u00e4r ett omr\u00e5de d\u00e4r man har hittat ca. 600 av Sveriges ca. 1100 storfj\u00e4rilar (till storfj\u00e4rilar r\u00e4knas dagfj\u00e4rilar, sv\u00e4rmare, spinnare, flyn och m\u00e4tare). <\/p>\n\n\n\n<figure class=\"wp-block-image size-full\"><img loading=\"lazy\" decoding=\"async\" width=\"640\" height=\"480\" src=\"https:\/\/amandus.se\/blogg\/wp-content\/uploads\/2023\/08\/IMG_5139.jpg\" alt=\"\" class=\"wp-image-3206\" srcset=\"https:\/\/amandus.se\/blogg\/wp-content\/uploads\/2023\/08\/IMG_5139.jpg 640w, https:\/\/amandus.se\/blogg\/wp-content\/uploads\/2023\/08\/IMG_5139-300x225.jpg 300w\" sizes=\"auto, (max-width: 640px) 100vw, 640px\" \/><figcaption class=\"wp-element-caption\">Det finns blandskog och lavbekl\u00e4dda stenblock.<\/figcaption><\/figure>\n\n\n\n<p>Rakt genom omr\u00e5det gick den numera nedlagda j\u00e4rnv\u00e4gen mellan M\u00f6nster\u00e5s och Fagerhult som invigdes 1905. Persontrafiken upph\u00f6rde 1950. Numera finns bara banvallen kvar, Det finns rester kvar av banvaktsstugan som byggdes 1910. Stugan flyttades 1931 till Alsterbro men k\u00e4llarruinen finns kvar.<\/p>\n\n\n\n<figure class=\"wp-block-image size-full\"><img loading=\"lazy\" decoding=\"async\" width=\"480\" height=\"640\" src=\"https:\/\/amandus.se\/blogg\/wp-content\/uploads\/2023\/08\/IMG_5124-rotated.jpg\" alt=\"\" class=\"wp-image-3207\" srcset=\"https:\/\/amandus.se\/blogg\/wp-content\/uploads\/2023\/08\/IMG_5124-rotated.jpg 480w, https:\/\/amandus.se\/blogg\/wp-content\/uploads\/2023\/08\/IMG_5124-225x300.jpg 225w\" sizes=\"auto, (max-width: 480px) 100vw, 480px\" \/><figcaption class=\"wp-element-caption\">Man kan se stenmuren runt k\u00e4llaren. <\/figcaption><\/figure>\n\n\n\n<p>I g\u00e5r n\u00e4r vi t\u00e4nde lampan i naturomr\u00e5det var vi helt sj\u00e4lva. Oftast \u00e4r det flera lampor och samlare i omr\u00e5det. Det kom m\u00e5nga fina arter till lampan. Framf\u00f6r allt fick Anders nya fina bilder p\u00e5 fj\u00e4rilarna. <\/p>\n\n\n<div class=\"wp-block-image\">\n<figure class=\"alignleft size-full is-resized\"><img loading=\"lazy\" decoding=\"async\" src=\"https:\/\/amandus.se\/blogg\/wp-content\/uploads\/2023\/08\/IMG_9740.jpg\" alt=\"\" class=\"wp-image-3208\" width=\"377\" height=\"251\" srcset=\"https:\/\/amandus.se\/blogg\/wp-content\/uploads\/2023\/08\/IMG_9740.jpg 900w, https:\/\/amandus.se\/blogg\/wp-content\/uploads\/2023\/08\/IMG_9740-300x200.jpg 300w, https:\/\/amandus.se\/blogg\/wp-content\/uploads\/2023\/08\/IMG_9740-768x512.jpg 768w\" sizes=\"auto, (max-width: 377px) 100vw, 377px\" \/><figcaption class=\"wp-element-caption\"><strong>L.monacha (Barrskogsnunna) <\/strong>hane<\/figcaption><\/figure>\n<\/div>\n\n<div class=\"wp-block-image\">\n<figure class=\"alignright size-large is-resized\"><img loading=\"lazy\" decoding=\"async\" src=\"https:\/\/amandus.se\/blogg\/wp-content\/uploads\/2023\/08\/IMG_9742-683x1024.jpg\" alt=\"\" class=\"wp-image-3209\" width=\"347\" height=\"521\" srcset=\"https:\/\/amandus.se\/blogg\/wp-content\/uploads\/2023\/08\/IMG_9742-683x1024.jpg 683w, https:\/\/amandus.se\/blogg\/wp-content\/uploads\/2023\/08\/IMG_9742-200x300.jpg 200w, https:\/\/amandus.se\/blogg\/wp-content\/uploads\/2023\/08\/IMG_9742-768x1152.jpg 768w, https:\/\/amandus.se\/blogg\/wp-content\/uploads\/2023\/08\/IMG_9742.jpg 900w\" sizes=\"auto, (max-width: 347px) 100vw, 347px\" \/><figcaption class=\"wp-element-caption\"><strong>E.potatoria (Gr\u00e4selefant)<\/strong> hane<\/figcaption><\/figure>\n<\/div>\n\n\n<figure class=\"wp-block-image size-large\"><img loading=\"lazy\" decoding=\"async\" width=\"683\" height=\"1024\" src=\"https:\/\/amandus.se\/blogg\/wp-content\/uploads\/2023\/08\/IMG_9748-683x1024.jpg\" alt=\"\" class=\"wp-image-3210\" srcset=\"https:\/\/amandus.se\/blogg\/wp-content\/uploads\/2023\/08\/IMG_9748-683x1024.jpg 683w, https:\/\/amandus.se\/blogg\/wp-content\/uploads\/2023\/08\/IMG_9748-200x300.jpg 200w, https:\/\/amandus.se\/blogg\/wp-content\/uploads\/2023\/08\/IMG_9748-768x1152.jpg 768w, https:\/\/amandus.se\/blogg\/wp-content\/uploads\/2023\/08\/IMG_9748.jpg 900w\" sizes=\"auto, (max-width: 683px) 100vw, 683px\" \/><figcaption class=\"wp-element-caption\"><strong>N.tritopus (Poppeltandvinge) hane<\/strong><\/figcaption><\/figure>\n\n\n\n<figure class=\"wp-block-image size-full is-resized\"><img loading=\"lazy\" decoding=\"async\" src=\"https:\/\/amandus.se\/blogg\/wp-content\/uploads\/2023\/08\/IMG_9749.jpg\" alt=\"\" class=\"wp-image-3211\" width=\"218\" height=\"145\" srcset=\"https:\/\/amandus.se\/blogg\/wp-content\/uploads\/2023\/08\/IMG_9749.jpg 900w, https:\/\/amandus.se\/blogg\/wp-content\/uploads\/2023\/08\/IMG_9749-300x200.jpg 300w, https:\/\/amandus.se\/blogg\/wp-content\/uploads\/2023\/08\/IMG_9749-768x512.jpg 768w\" sizes=\"auto, (max-width: 218px) 100vw, 218px\" \/><figcaption class=\"wp-element-caption\"><strong>L.quadra (Kungslavspinnare)<\/strong> hane<\/figcaption><\/figure>\n\n\n<div class=\"wp-block-image\">\n<figure class=\"alignright size-full is-resized\"><img loading=\"lazy\" decoding=\"async\" src=\"https:\/\/amandus.se\/blogg\/wp-content\/uploads\/2023\/08\/IMG_9762.jpg\" alt=\"\" class=\"wp-image-3212\" width=\"489\" height=\"326\" srcset=\"https:\/\/amandus.se\/blogg\/wp-content\/uploads\/2023\/08\/IMG_9762.jpg 900w, https:\/\/amandus.se\/blogg\/wp-content\/uploads\/2023\/08\/IMG_9762-300x200.jpg 300w, https:\/\/amandus.se\/blogg\/wp-content\/uploads\/2023\/08\/IMG_9762-768x512.jpg 768w\" sizes=\"auto, (max-width: 489px) 100vw, 489px\" \/><figcaption class=\"wp-element-caption\"><strong>D.pini (Tallspinnare)<\/strong> hane<\/figcaption><\/figure>\n<\/div>\n\n\n<figure class=\"wp-block-image size-full is-resized\"><img loading=\"lazy\" decoding=\"async\" src=\"https:\/\/amandus.se\/blogg\/wp-content\/uploads\/2023\/08\/IMG_9764.jpg\" alt=\"\" class=\"wp-image-3213\" width=\"360\" height=\"240\" srcset=\"https:\/\/amandus.se\/blogg\/wp-content\/uploads\/2023\/08\/IMG_9764.jpg 900w, https:\/\/amandus.se\/blogg\/wp-content\/uploads\/2023\/08\/IMG_9764-300x200.jpg 300w, https:\/\/amandus.se\/blogg\/wp-content\/uploads\/2023\/08\/IMG_9764-768x512.jpg 768w\" sizes=\"auto, (max-width: 360px) 100vw, 360px\" \/><figcaption class=\"wp-element-caption\"><strong>G.papilionaria (Dagfj\u00e4rilsm\u00e4tare)<\/strong> <\/figcaption><\/figure>\n\n\n<div class=\"wp-block-image\">\n<figure class=\"alignright size-large is-resized\"><img loading=\"lazy\" decoding=\"async\" src=\"https:\/\/amandus.se\/blogg\/wp-content\/uploads\/2023\/08\/IMG_9768-683x1024.jpg\" alt=\"\" class=\"wp-image-3214\" width=\"345\" height=\"518\" srcset=\"https:\/\/amandus.se\/blogg\/wp-content\/uploads\/2023\/08\/IMG_9768-683x1024.jpg 683w, https:\/\/amandus.se\/blogg\/wp-content\/uploads\/2023\/08\/IMG_9768-200x300.jpg 200w, https:\/\/amandus.se\/blogg\/wp-content\/uploads\/2023\/08\/IMG_9768-768x1152.jpg 768w, https:\/\/amandus.se\/blogg\/wp-content\/uploads\/2023\/08\/IMG_9768.jpg 900w\" sizes=\"auto, (max-width: 345px) 100vw, 345px\" \/><figcaption class=\"wp-element-caption\"><strong>C.lobulina (Fj\u00e4llspinnare)<\/strong> hane<\/figcaption><\/figure>\n<\/div>\n\n<div class=\"wp-block-image\">\n<figure class=\"alignleft size-full\"><img loading=\"lazy\" decoding=\"async\" width=\"900\" height=\"600\" src=\"https:\/\/amandus.se\/blogg\/wp-content\/uploads\/2023\/08\/IMG_9774.jpg\" alt=\"\" class=\"wp-image-3215\" srcset=\"https:\/\/amandus.se\/blogg\/wp-content\/uploads\/2023\/08\/IMG_9774.jpg 900w, https:\/\/amandus.se\/blogg\/wp-content\/uploads\/2023\/08\/IMG_9774-300x200.jpg 300w, https:\/\/amandus.se\/blogg\/wp-content\/uploads\/2023\/08\/IMG_9774-768x512.jpg 768w\" sizes=\"auto, (max-width: 900px) 100vw, 900px\" \/><figcaption class=\"wp-element-caption\"><strong>C.promissa ( Ekordensfly) <\/strong>som sitter p\u00e5 en tr\u00e4dstam som Anders penslat bete p\u00e5. Bete \u00e4r en blandning av vingl\u00f6gg, mosade fikon, \u00e4pplemos och farin. <\/figcaption><\/figure>\n<\/div>\n\n<div class=\"wp-block-image\">\n<figure class=\"alignright size-full\"><img loading=\"lazy\" decoding=\"async\" width=\"900\" height=\"600\" src=\"https:\/\/amandus.se\/blogg\/wp-content\/uploads\/2023\/08\/IMG_9777.jpg\" alt=\"\" class=\"wp-image-3216\" srcset=\"https:\/\/amandus.se\/blogg\/wp-content\/uploads\/2023\/08\/IMG_9777.jpg 900w, https:\/\/amandus.se\/blogg\/wp-content\/uploads\/2023\/08\/IMG_9777-300x200.jpg 300w, https:\/\/amandus.se\/blogg\/wp-content\/uploads\/2023\/08\/IMG_9777-768x512.jpg 768w\" sizes=\"auto, (max-width: 900px) 100vw, 900px\" \/><figcaption class=\"wp-element-caption\">N\u00e4r <strong>Ekordensflyet <\/strong>sugit sig m\u00e4tt p\u00e5 godsakerna satte den sig p\u00e5 ett r\u00f6nnblad och poserade f\u00f6r kameran.<\/figcaption><\/figure>\n<\/div>\n\n\n<p><\/p>\n\n\n\n<p><\/p>\n\n\n\n<p><\/p>\n\n\n\n<p><\/p>\n\n\n\n<p><\/p>\n\n\n\n<p><\/p>\n\n\n\n<p><\/p>\n\n\n\n<p><\/p>\n\n\n\n<p><\/p>\n\n\n\n<figure class=\"wp-block-image size-full is-resized\"><img loading=\"lazy\" decoding=\"async\" src=\"https:\/\/amandus.se\/blogg\/wp-content\/uploads\/2023\/08\/IMG_51361.jpg\" alt=\"\" class=\"wp-image-3217\" width=\"568\" height=\"713\" srcset=\"https:\/\/amandus.se\/blogg\/wp-content\/uploads\/2023\/08\/IMG_51361.jpg 480w, https:\/\/amandus.se\/blogg\/wp-content\/uploads\/2023\/08\/IMG_51361-239x300.jpg 239w\" sizes=\"auto, (max-width: 568px) 100vw, 568px\" \/><figcaption class=\"wp-element-caption\">Denna utsikt vaknade vi till idag, 6\/8, vid Grytsj\u00f6n<\/figcaption><\/figure>\n\n\n\n<p><\/p>\n\n\n\n<p>Vi k\u00f6rde mot \u00d6land. Regn och bl\u00e5st hela dagen men \u00d6land \u00e4r \u00e4nd\u00e5 \u00d6land. Det blev en slappardag med fotbolls VM och beachvolleyboll. B\u00e5da Svenska lagen vann sina matcher. Heja Sverige!<\/p>\n\n\n\n<figure class=\"wp-block-image size-full\"><img loading=\"lazy\" decoding=\"async\" width=\"570\" height=\"470\" src=\"https:\/\/amandus.se\/blogg\/wp-content\/uploads\/2023\/08\/IMG_51421.jpg\" alt=\"\" class=\"wp-image-3218\" srcset=\"https:\/\/amandus.se\/blogg\/wp-content\/uploads\/2023\/08\/IMG_51421.jpg 570w, https:\/\/amandus.se\/blogg\/wp-content\/uploads\/2023\/08\/IMG_51421-300x247.jpg 300w\" sizes=\"auto, (max-width: 570px) 100vw, 570px\" \/><figcaption class=\"wp-element-caption\">Vy fr\u00e5n \u00d6landsbron med Kalmar i bakgrunden.<\/figcaption><\/figure>\n","protected":false},"excerpt":{"rendered":"<p>I g\u00e5r, 5\/8, vaknade vi vid Hornborgasj\u00f6n. Man kan ha s\u00e4mre utsikt fr\u00e5n sitt sovrum. V\u00e4dret s\u00e5g lovande ut s\u00e5 vi k\u00f6rde till Grytsj\u00f6n i Sm\u00e5land. Grytsj\u00f6ns naturreservat \u00e4r ett omr\u00e5de d\u00e4r man har hittat ca. 600 av Sveriges ca. 1100 storfj\u00e4rilar (till storfj\u00e4rilar r\u00e4knas dagfj\u00e4rilar, sv\u00e4rmare, spinnare, flyn och m\u00e4tare). Rakt genom omr\u00e5det gick &hellip; <a href=\"https:\/\/amandus.se\/blogg\/?p=3204\" class=\"more-link\">Forts\u00e4tt l\u00e4sa <span class=\"screen-reader-text\">Grytsj\u00f6ns naturomr\u00e5de fick sitt tredje bes\u00f6k av oss i \u00e5r.<\/span> <span class=\"meta-nav\">&rarr;<\/span><\/a><\/p>\n","protected":false},"author":1,"featured_media":0,"comment_status":"open","ping_status":"open","sticky":false,"template":"","format":"standard","meta":{"footnotes":""},"categories":[4,5,6],"tags":[],"class_list":["post-3204","post","type-post","status-publish","format-standard","hentry","category-ditt-och-datt","category-fjarilarbutterfly","category-sverigesweden"],"_links":{"self":[{"href":"https:\/\/amandus.se\/blogg\/index.php?rest_route=\/wp\/v2\/posts\/3204","targetHints":{"allow":["GET"]}}],"collection":[{"href":"https:\/\/amandus.se\/blogg\/index.php?rest_route=\/wp\/v2\/posts"}],"about":[{"href":"https:\/\/amandus.se\/blogg\/index.php?rest_route=\/wp\/v2\/types\/post"}],"author":[{"embeddable":true,"href":"https:\/\/amandus.se\/blogg\/index.php?rest_route=\/wp\/v2\/users\/1"}],"replies":[{"embeddable":true,"href":"https:\/\/amandus.se\/blogg\/index.php?rest_route=%2Fwp%2Fv2%2Fcomments&post=3204"}],"version-history":[{"count":5,"href":"https:\/\/amandus.se\/blogg\/index.php?rest_route=\/wp\/v2\/posts\/3204\/revisions"}],"predecessor-version":[{"id":3224,"href":"https:\/\/amandus.se\/blogg\/index.php?rest_route=\/wp\/v2\/posts\/3204\/revisions\/3224"}],"wp:attachment":[{"href":"https:\/\/amandus.se\/blogg\/index.php?rest_route=%2Fwp%2Fv2%2Fmedia&parent=3204"}],"wp:term":[{"taxonomy":"category","embeddable":true,"href":"https:\/\/amandus.se\/blogg\/index.php?rest_route=%2Fwp%2Fv2%2Fcategories&post=3204"},{"taxonomy":"post_tag","embeddable":true,"href":"https:\/\/amandus.se\/blogg\/index.php?rest_route=%2Fwp%2Fv2%2Ftags&post=3204"}],"curies":[{"name":"wp","href":"https:\/\/api.w.org\/{rel}","templated":true}]}}