{"id":3225,"date":"2023-08-08T16:39:16","date_gmt":"2023-08-08T14:39:16","guid":{"rendered":"https:\/\/amandus.se\/blogg\/?p=3225"},"modified":"2023-08-08T16:39:25","modified_gmt":"2023-08-08T14:39:25","slug":"inget-sommarvader-har-heller","status":"publish","type":"post","link":"https:\/\/amandus.se\/blogg\/?p=3225","title":{"rendered":"Inget sommarv\u00e4der h\u00e4r heller."},"content":{"rendered":"\n<p>P\u00e5 s\u00f6ndagskv\u00e4llen, 6\/8, var det kraftig \u00e5ska och regn s\u00e5 vi valde att st\u00e4lla oss vid Mysinge h\u00f6g. Det k\u00e4ndes som en bra plats att \u00f6vernatta p\u00e5. \u00c5skan upph\u00f6rde efter n\u00e5gon timma. N\u00e4r vi vaknade ig\u00e5r, 7\/8, sm\u00e5regnade det bara och solen tittade fram emellan\u00e5t. <\/p>\n\n\n\n<figure class=\"wp-block-image size-full\"><img loading=\"lazy\" decoding=\"async\" width=\"480\" height=\"526\" src=\"https:\/\/amandus.se\/blogg\/wp-content\/uploads\/2023\/08\/IMG_51471.jpg\" alt=\"\" class=\"wp-image-3226\" srcset=\"https:\/\/amandus.se\/blogg\/wp-content\/uploads\/2023\/08\/IMG_51471.jpg 480w, https:\/\/amandus.se\/blogg\/wp-content\/uploads\/2023\/08\/IMG_51471-274x300.jpg 274w\" sizes=\"auto, (max-width: 480px) 100vw, 480px\" \/><figcaption class=\"wp-element-caption\"><strong>M\u00e5ndagens sovrumsbild med Mysinge h\u00f6g i bakgrunden.<\/strong><\/figcaption><\/figure>\n\n\n\n<p>Bl\u00e5sten gjorde att fj\u00e4rilarna satt och tryckte i vegetationen. Det blev slagh\u00e5vning efter larver ist\u00e4llet.<\/p>\n\n\n\n<figure class=\"wp-block-image size-full\"><img loading=\"lazy\" decoding=\"async\" width=\"480\" height=\"640\" src=\"https:\/\/amandus.se\/blogg\/wp-content\/uploads\/2023\/08\/IMG_51551.jpg\" alt=\"\" class=\"wp-image-3227\" srcset=\"https:\/\/amandus.se\/blogg\/wp-content\/uploads\/2023\/08\/IMG_51551.jpg 480w, https:\/\/amandus.se\/blogg\/wp-content\/uploads\/2023\/08\/IMG_51551-225x300.jpg 225w\" sizes=\"auto, (max-width: 480px) 100vw, 480px\" \/><figcaption class=\"wp-element-caption\"><strong>Anders slagh\u00e5var vid Lenstad<\/strong> <\/figcaption><\/figure>\n\n\n\n<figure class=\"wp-block-image size-full\"><img loading=\"lazy\" decoding=\"async\" width=\"900\" height=\"600\" src=\"https:\/\/amandus.se\/blogg\/wp-content\/uploads\/2023\/08\/IMG_9790.jpg\" alt=\"\" class=\"wp-image-3228\" srcset=\"https:\/\/amandus.se\/blogg\/wp-content\/uploads\/2023\/08\/IMG_9790.jpg 900w, https:\/\/amandus.se\/blogg\/wp-content\/uploads\/2023\/08\/IMG_9790-300x200.jpg 300w, https:\/\/amandus.se\/blogg\/wp-content\/uploads\/2023\/08\/IMG_9790-768x512.jpg 768w\" sizes=\"auto, (max-width: 900px) 100vw, 900px\" \/><figcaption class=\"wp-element-caption\"><strong>C.absinthii (Absintkapuschongfly)<\/strong> larv<\/figcaption><\/figure>\n\n\n\n<figure class=\"wp-block-image size-large is-resized\"><img loading=\"lazy\" decoding=\"async\" src=\"https:\/\/amandus.se\/blogg\/wp-content\/uploads\/2023\/08\/IMG_9781-683x1024.jpg\" alt=\"\" class=\"wp-image-3229\" width=\"570\" height=\"855\" srcset=\"https:\/\/amandus.se\/blogg\/wp-content\/uploads\/2023\/08\/IMG_9781-683x1024.jpg 683w, https:\/\/amandus.se\/blogg\/wp-content\/uploads\/2023\/08\/IMG_9781-200x300.jpg 200w, https:\/\/amandus.se\/blogg\/wp-content\/uploads\/2023\/08\/IMG_9781-768x1152.jpg 768w, https:\/\/amandus.se\/blogg\/wp-content\/uploads\/2023\/08\/IMG_9781.jpg 900w\" sizes=\"auto, (max-width: 570px) 100vw, 570px\" \/><figcaption class=\"wp-element-caption\"><strong>C.lychnitis (Grenkungsljuskapuschongfly) larv<\/strong><\/figcaption><\/figure>\n\n\n\n<p>P\u00e5 kv\u00e4llen slog vi l\u00e4ger vid M\u00f6ckelmossen. Vid v\u00e4gkanterna l\u00e4ngs v\u00e4gen Resmo &#8211; Sten\u00e5sa kommer videbuskarna som vanligt \u00e4ven i \u00e5r att kal\u00e4tas av larver fr\u00e5n Gaffelsvans, Videsv\u00e4rmare och framf\u00f6r allt Oxhuvudspinnare.<\/p>\n\n\n\n<figure class=\"wp-block-image size-full\"><img loading=\"lazy\" decoding=\"async\" width=\"900\" height=\"600\" src=\"https:\/\/amandus.se\/blogg\/wp-content\/uploads\/2023\/08\/IMG_9788.jpg\" alt=\"\" class=\"wp-image-3230\" srcset=\"https:\/\/amandus.se\/blogg\/wp-content\/uploads\/2023\/08\/IMG_9788.jpg 900w, https:\/\/amandus.se\/blogg\/wp-content\/uploads\/2023\/08\/IMG_9788-300x200.jpg 300w, https:\/\/amandus.se\/blogg\/wp-content\/uploads\/2023\/08\/IMG_9788-768x512.jpg 768w\" sizes=\"auto, (max-width: 900px) 100vw, 900px\" \/><figcaption class=\"wp-element-caption\"><strong>P.bucephala (Oxhuvudspinnare) larver<\/strong><\/figcaption><\/figure>\n\n\n\n<p>Jag passade p\u00e5 att fota lite blommor.<\/p>\n\n\n\n<figure class=\"wp-block-gallery has-nested-images columns-default is-cropped wp-block-gallery-1 is-layout-flex wp-block-gallery-is-layout-flex\">\n<figure class=\"wp-block-image size-large\"><img loading=\"lazy\" decoding=\"async\" width=\"480\" height=\"390\" data-id=\"3231\" src=\"https:\/\/amandus.se\/blogg\/wp-content\/uploads\/2023\/08\/IMG_51491.jpg\" alt=\"\" class=\"wp-image-3231\" srcset=\"https:\/\/amandus.se\/blogg\/wp-content\/uploads\/2023\/08\/IMG_51491.jpg 480w, https:\/\/amandus.se\/blogg\/wp-content\/uploads\/2023\/08\/IMG_51491-300x244.jpg 300w\" sizes=\"auto, (max-width: 480px) 100vw, 480px\" \/><figcaption class=\"wp-element-caption\">Renfana<\/figcaption><\/figure>\n\n\n\n<figure class=\"wp-block-image size-large\"><img loading=\"lazy\" decoding=\"async\" width=\"480\" height=\"523\" data-id=\"3232\" src=\"https:\/\/amandus.se\/blogg\/wp-content\/uploads\/2023\/08\/IMG_51601.jpg\" alt=\"\" class=\"wp-image-3232\" srcset=\"https:\/\/amandus.se\/blogg\/wp-content\/uploads\/2023\/08\/IMG_51601.jpg 480w, https:\/\/amandus.se\/blogg\/wp-content\/uploads\/2023\/08\/IMG_51601-275x300.jpg 275w\" sizes=\"auto, (max-width: 480px) 100vw, 480px\" \/><figcaption class=\"wp-element-caption\">Kamomill och Vallmo<\/figcaption><\/figure>\n<\/figure>\n\n\n\n<p>Vy \u00f6ver M\u00f6ckelmossen idag, 8\/8. Det har varit kraftig bl\u00e5st hela dagen s\u00e5 aff\u00e4rerna fick bes\u00f6k av oss. Resten av dagen blev slappardag i v\u00e4ntan p\u00e5 att Hans ska dra vidare.<\/p>\n\n\n\n<figure class=\"wp-block-image size-full\"><img loading=\"lazy\" decoding=\"async\" width=\"480\" height=\"465\" src=\"https:\/\/amandus.se\/blogg\/wp-content\/uploads\/2023\/08\/IMG_51641.jpg\" alt=\"\" class=\"wp-image-3233\" srcset=\"https:\/\/amandus.se\/blogg\/wp-content\/uploads\/2023\/08\/IMG_51641.jpg 480w, https:\/\/amandus.se\/blogg\/wp-content\/uploads\/2023\/08\/IMG_51641-300x291.jpg 300w\" sizes=\"auto, (max-width: 480px) 100vw, 480px\" \/><figcaption class=\"wp-element-caption\"><strong>M\u00f6ckelmossen <\/strong><\/figcaption><\/figure>\n","protected":false},"excerpt":{"rendered":"<p>P\u00e5 s\u00f6ndagskv\u00e4llen, 6\/8, var det kraftig \u00e5ska och regn s\u00e5 vi valde att st\u00e4lla oss vid Mysinge h\u00f6g. Det k\u00e4ndes som en bra plats att \u00f6vernatta p\u00e5. \u00c5skan upph\u00f6rde efter n\u00e5gon timma. N\u00e4r vi vaknade ig\u00e5r, 7\/8, sm\u00e5regnade det bara och solen tittade fram emellan\u00e5t. Bl\u00e5sten gjorde att fj\u00e4rilarna satt och tryckte i vegetationen. Det &hellip; <a href=\"https:\/\/amandus.se\/blogg\/?p=3225\" class=\"more-link\">Forts\u00e4tt l\u00e4sa <span class=\"screen-reader-text\">Inget sommarv\u00e4der h\u00e4r heller.<\/span> <span class=\"meta-nav\">&rarr;<\/span><\/a><\/p>\n","protected":false},"author":1,"featured_media":0,"comment_status":"open","ping_status":"open","sticky":false,"template":"","format":"standard","meta":{"footnotes":""},"categories":[4,5,6],"tags":[],"class_list":["post-3225","post","type-post","status-publish","format-standard","hentry","category-ditt-och-datt","category-fjarilarbutterfly","category-sverigesweden"],"_links":{"self":[{"href":"https:\/\/amandus.se\/blogg\/index.php?rest_route=\/wp\/v2\/posts\/3225","targetHints":{"allow":["GET"]}}],"collection":[{"href":"https:\/\/amandus.se\/blogg\/index.php?rest_route=\/wp\/v2\/posts"}],"about":[{"href":"https:\/\/amandus.se\/blogg\/index.php?rest_route=\/wp\/v2\/types\/post"}],"author":[{"embeddable":true,"href":"https:\/\/amandus.se\/blogg\/index.php?rest_route=\/wp\/v2\/users\/1"}],"replies":[{"embeddable":true,"href":"https:\/\/amandus.se\/blogg\/index.php?rest_route=%2Fwp%2Fv2%2Fcomments&post=3225"}],"version-history":[{"count":1,"href":"https:\/\/amandus.se\/blogg\/index.php?rest_route=\/wp\/v2\/posts\/3225\/revisions"}],"predecessor-version":[{"id":3234,"href":"https:\/\/amandus.se\/blogg\/index.php?rest_route=\/wp\/v2\/posts\/3225\/revisions\/3234"}],"wp:attachment":[{"href":"https:\/\/amandus.se\/blogg\/index.php?rest_route=%2Fwp%2Fv2%2Fmedia&parent=3225"}],"wp:term":[{"taxonomy":"category","embeddable":true,"href":"https:\/\/amandus.se\/blogg\/index.php?rest_route=%2Fwp%2Fv2%2Fcategories&post=3225"},{"taxonomy":"post_tag","embeddable":true,"href":"https:\/\/amandus.se\/blogg\/index.php?rest_route=%2Fwp%2Fv2%2Ftags&post=3225"}],"curies":[{"name":"wp","href":"https:\/\/api.w.org\/{rel}","templated":true}]}}